{"id":52581,"date":"2012-02-28T10:57:53","date_gmt":"2012-02-28T15:57:53","guid":{"rendered":"http:\/\/www.bibula.com\/?p=52581"},"modified":"2012-02-28T10:57:53","modified_gmt":"2012-02-28T15:57:53","slug":"francja-bp-mikolaj-brouwet-nowym-ordynariuszem-lourdes","status":"publish","type":"post","link":"https:\/\/www.bibula.com\/?p=52581","title":{"rendered":"Francja: Bp Miko\u0142aj Brouwet nowym ordynariuszem Lourdes"},"content":{"rendered":"<p>11 lutego br., w \u015bwi\u0119to Matki Bo\u017cej z Lourdes, papie\u017c Benedykt XVI mianowa\u0142 bp. Miko\u0142aja Brouweta \u201d\u201d hierarch\u0119 powszechnie uznawanego za konserwatywnego tak w dziedzinie doktryny, jak dyscypliny i liturgii\u00a0\u201d\u201d ordynariuszem francuskiej diecezji Tarbes i Lourdes. Interesuj\u0105cy komentarz w tej sprawie pojawi\u0142 si\u0119 na stronie w\u0142oskiego watykanisty Sandro Magistra.<\/p>\r\n<table class=\"outset\" style=\"width: 255px; height: 404px;\" align=\"left\">\r\n<tbody>\r\n<tr>\r\n<td><img fetchpriority=\"high\" decoding=\"async\" class=\"alignleft\" src=\"http:\/\/news.fsspx.pl\/wp-content\/uploads\/bp-Miko%C5%82aj-Brouwet-nowo-mianowany-ordynariusz-francuskiej-diecezji-Tarbes-i-Lourdes.jpg\" alt=\"\" width=\"241\" height=\"375\" \/><\/td>\r\n<\/tr>\r\n<tr>\r\n<td>\r\n<p class=\"zrodlo\">Bp Miko\u0142aj Brouwet, nowo mianowany ordynariusz francuskiej diecezji Tarbes i Lourdes<\/p>\r\n<\/td>\r\n<\/tr>\r\n<\/tbody>\r\n<\/table>\r\n<p>\u201eGdy na osobiste \u201d\u201d jak si\u0119 zdaje\u00a0\u201d\u201d \u017cyczenie papie\u017ca patriarch\u0105 Wenecji zosta\u0142 bp Franciszek Moraglia, Benedykt XVI w podobny spos\u00f3b zaskoczy\u0142 Ko\u015bci\u00f3\u0142 we Francji.<\/p>\r\n<p>Uczyni\u0142 to 11 lutego, w \u015bwi\u0119to Matki Bo\u017cej z Lourdes, kiedy mianowa\u0142 nowego ordynariusza diecezji Tarbes i Lourdes, na terenie kt\u00f3rej znajduje si\u0119 s\u0142ynne sanktuarium maryjne. Papie\u017c Ratzinger powo\u0142a\u0142 na ten urz\u0105d Miko\u0142aja Brouweta, kt\u00f3ry w sierpniu tego roku sko\u0144czy 50 lat, a od kwietnia 2008 roku pe\u0142ni urz\u0105d biskupa pomocniczego podparyskiej diecezji Nanterre \u201d\u201d tej samej, gdzie si\u0119 urodzi\u0142 i gdzie w 1992 roku przyj\u0105\u0142 \u015bwi\u0119cenia kap\u0142a\u0144skie.<\/p>\r\n<p>Nominacja zosta\u0142a og\u0142oszona wcze\u015bniej ni\u017c si\u0119 spodziewano, pozostaj\u0105cy bowiem na urz\u0119dzie od 1997 roku poprzednik bp. Brouweta, bp Jakub Perrier, osi\u0105gn\u0105\u0142 wiek emerytalny 4 grudnia ubieg\u0142ego roku, a zatem zaledwie przez dwa miesi\u0105ce m\u00f3g\u0142 cieszy\u0142 si\u0119 \u201eprorogatio\u201d [czas od z\u0142o\u017cenia na r\u0119ce papie\u017ca wymaganej prawem dymisji do momentu jej przyj\u0119cia, kt\u00f3ry cz\u0119sto trwa nawet kilka miesi\u0119cy\u00a0\u201d\u201d uwaga red.].<\/p>\r\n<p>Wyb\u00f3r bp. Brouweta, podobnie jak Moraglii, nie m\u00f3g\u0142 nie zosta\u0107 skonsultowany z kardyna\u0142ami i biskupami z Kongregacji ds. Biskup\u00f3w podczas ich coczwartkowych posiedze\u0144. \u00a0Obaj hierarchowie obejm\u0105 swoje diecezje 25 marca br. w uroczysto\u015b\u0107 Zwiastowania N.M.P. (\u2026)<\/p>\r\n<p>Miko\u0142aj Brouwet po uko\u0144czeniu studi\u00f3w na uniwersytecie w Nanterre, gdzie uzyska\u0142 dyplom licencjata w dziedzinie historii, wst\u0105pi\u0142 do Papieskiego Seminarium Francuskiego w Rzymie i ucz\u0119szcza\u0142 na wyk\u0142ady z filozofii i teologii na Papieskim Uniwersytecie Gregoria\u0144skim, gdzie uzyska\u0142 tytu\u0142 licencjata. Nast\u0119pnie rozpocz\u0105\u0142 studia w Papieskim Instytucie Studi\u00f3w Nad Ma\u0142\u017ce\u0144stwem i Rodzin\u0105, uzyskuj\u0105c kolejny licencjat. (\u2026) Po przyj\u0119ciu \u015bwi\u0119ce\u0144 kap\u0142a\u0144skich zaj\u0105\u0142 si\u0119 prac\u0105 duszpastersk\u0105 i formacyjn\u0105. By\u0142 proboszczem, kapelanem szko\u0142y i duszpasterzem akademickim, diecezjalnym delegatem ds. formacji seminarzyst\u00f3w, a w ko\u0144cu profesorem teologii moralnej i ojcem duchownym w seminarium.<\/p>\r\n<p>Jego nominacja na biskupa pomocniczego diecezji Nanterre, og\u0142oszona w 2008 roku, by\u0142a postrzegana jako budowanie przeciwwagi dla ordynariusza, abp. Gerarda Daucourta, cz\u0142onka Papieskiej Rady ds. Popierania Jedno\u015bci Chrze\u015bcijan, gor\u0105cego zwolennika dialogu ekumenicznego, w szczeg\u00f3lno\u015bci z prawos\u0142awiem, ale bardzo ch\u0142odnego w kontaktach ze \u015brodowiskami tradycyjnych katolik\u00f3w, szczeg\u00f3lnie \u017cywotnymi we Francji, zw\u0142aszcza w jego w\u0142asnej diecezji.<\/p>\r\n<table class=\"outset\" style=\"width: 263px; height: 208px;\" align=\"left\">\r\n<tbody>\r\n<tr>\r\n<td><img decoding=\"async\" class=\"alignleft\" src=\"http:\/\/news.fsspx.pl\/wp-content\/uploads\/12_02_17_Brouwet2.jpg\" alt=\"\" width=\"252\" height=\"179\" \/><\/td>\r\n<\/tr>\r\n<tr>\r\n<td>\r\n<p class=\"zrodlo\">bp. M. Brouwet w uroczystej procesji prowadzi pielgrzym\u00f3w ulicami Chartres<\/p>\r\n<\/td>\r\n<\/tr>\r\n<\/tbody>\r\n<\/table>\r\n<p>Uwa\u017ca si\u0119, \u017ce bp Brouwet, mimo m\u0142odego wieku, posiada wra\u017cliwo\u015b\u0107 liturgiczn\u0105 nacechowan\u0105 wierno\u015bci\u0105 tradycji. W zesz\u0142oroczne Bo\u017ce Narodzenie celebrowa\u0142 Msz\u0119 \u015bw. w nadzwyczajnej formie rytu rzymskiego, zgodnie z <em>motu proprio Summorum Pontificum<\/em>. [Kilkakrotnie] bra\u0142 r\u00f3wnie\u017c udzia\u0142 w tradycyjnych pielgrzymkach z Pary\u017ca do Chartres. Jego stanowisko w kwestiach moralnych tak\u017ce jest zgodne z tradycyjnym nauczaniem Ko\u015bcio\u0142a.<\/p>\r\n<p>Nie znaczy to, \u017ce Brouwet jest tradycjonalist\u0105 <em>tout court <\/em>[fr. 'po prostu&#8217;; we Francji niewiele trzeba, aby duchowny zosta\u0142 uznany za \u201etradycjonalist\u0119\u201d, czasami wystarczy np. korzystanie podczas odprawiania Mszy z msza\u0142u Paw\u0142a VI, a nie z w\u0142asnych, autorskich modlitw\u00a0\u201d\u201d uwaga red.]. Aby to zrozumie\u0107, wystarczy przyjrze\u0107 si\u0119 jego oficjalnym fotografiom w stroju duchownym. Nale\u017cy on do pokolenia m\u0142odych ksi\u0119\u017cy, kt\u00f3rzy podobnie jak papie\u017c Ratzinger uznaj\u0105 \u015brodowiska tradycyjne \u201d\u201d we Francji bardzo pr\u0119\u017cne, nawet te nie zwi\u0105zane z lefebrystami \u201d\u201d jako bogactwo, a nie jako problem, r\u00f3\u017cni\u0105c si\u0119 w tej kwestii nie tylko od progresywnej,\u00a0coraz mniej wp\u0142ywowej biskupiej starej gwardii, ale r\u00f3wnie\u017c od pokolenia \u00ablustigerian\u00bb [nawi\u0105zanie do postaci kardyna\u0142a Jana Marii Lustigera, arcybiskupa Pary\u017ca w latach 1981-2005 \u201d\u201d uwaga red.], kt\u00f3re ma teraz wiod\u0105c\u0105 pozycj\u0119 dzi\u0119ki takim postaciom, jak ordynariusz Pary\u017ca kard. Andrzej Vingt-Trois czy arcybiskup Rennes Piotr d\u2019Ornellas.<\/p>\r\n<p>Lourdes to nie diecezja \u00abkardynalska\u00bb, ale na jej terenie le\u017cy s\u0142ynne sanktuarium maryjne, dzi\u0119ki czemu stanowi duchowe serce Francji. Tam r\u00f3wnie\u017c odbywaj\u0105 si\u0119 zgromadzenia plenarne Konferencji Episkopatu Francji, nie wspominaj\u0105c ju\u017c o mi\u0119dzynarodowym znaczeniu tej diecezji, do kt\u00f3rej przybywaj\u0105 wierni, klerycy, ksi\u0119\u017ca, biskupi i kardyna\u0142owie z ca\u0142ego \u015bwiata. (\u2026)<\/p>\r\n<p>Wszystko to sprawia, \u017ce powierzenie przez Benedykta XVI diecezji Lourdes m\u0142odemu biskupowi o zdecydowanym charakterze i wyrazistych pogl\u0105dach jest gestem jeszcze bardziej znacz\u0105cym\u201d.<\/p>\r\n<p>Tyle Sandro Magister. Warto doda\u0107, \u017ce bp Brouwet jeszcze jako kap\u0142an diecezji Nanterre celebrowa\u0142 dla tamtejszych wiernych Msze \u015bw. w tradycyjnym rycie oraz uczestniczy\u0142 wraz z nimi w pielgrzymkach z Pary\u017ca do Chartres.<\/p>\r\n<p>Niew\u0105tpliwie wa\u017cnym testem dobrej woli i mo\u017cliwo\u015bci nowego ordynariusza Tarbes i Lourdes b\u0119d\u0105 jego relacje z instytutami podleg\u0142ymi komisji <em>Ecclesia Dei<\/em> (w Tarbes funkcjonuje dom Bractwa Kap\u0142a\u0144skiego \u015aw. Piotra) oraz z Bractwem Kap\u0142a\u0144skim \u015aw. Piusa X i instytutami korzystaj\u0105cymi z pos\u0142ugi jego biskup\u00f3w \u201d\u201d w Lourdes dzia\u0142a przeorat FSSPX pw. \u015aw. Bernadetty, a w lipcu ubieg\u0142ego roku swoj\u0105 plac\u00f3wk\u0119 otworzy\u0142o tam \u017ce\u0144skie zgromadzenie zakonne Ma\u0142ych S\u0142u\u017cebniczek \u015awi\u0119tego Jana Chrzciciela.<\/p>\r\n<table class=\"outset\" style=\"width: 346px; height: 250px;\" align=\"left\">\r\n<tbody>\r\n<tr>\r\n<td><img decoding=\"async\" class=\"alignleft\" src=\"http:\/\/news.fsspx.pl\/wp-content\/uploads\/bp-Marek-Aillet-%C5%9Bwi%C4%99ci-nowo-otwarte-seminarium-duchowne-diecezji-Bajonna.jpg\" alt=\"\" width=\"333\" height=\"221\" \/><\/td>\r\n<\/tr>\r\n<tr>\r\n<td>\r\n<p class=\"zrodlo\">Bp M. Aillet \u015bwi\u0119ci nowo otwarte seminarium duchowne w diecezji Bajonny<\/p>\r\n<\/td>\r\n<\/tr>\r\n<\/tbody>\r\n<\/table>\r\n<p>Jednym z najwa\u017cniejszych zada\u0144, kt\u00f3re stoj\u0105 przed nowym biskupem, jest sprawa powo\u0142a\u0144 kap\u0142a\u0144skich. W roku 2010 w diecezji Tarbes i Lourdes pracowa\u0142a nieca\u0142a setka ksi\u0119\u017cy, a do kap\u0142a\u0144stwa w seminarium regionalnym dla metropolii Tuluzy i Montpellier przygotowywa\u0142o si\u0119 zaledwie czterech kleryk\u00f3w z Lourdes. Komentatorzy uwa\u017caj\u0105, \u017ce bp Brouwet m\u00f3g\u0142by \u201d\u201d wzorem ordynariusza s\u0105siedniej diecezji Bajonny, r\u00f3wnie\u017c uwa\u017canego za konserwatyst\u0119 bp. Marka Ailleta \u201d\u201d wznowi\u0107 dzia\u0142alno\u015b\u0107 seminarium diecezjalnego i podobnie jak on odnie\u015b\u0107 umiarkowany sukces (w seminarium duchownym w Bajonnie po dw\u00f3ch latach rz\u0105d\u00f3w bp. Ailleta kszta\u0142ci\u0142o si\u0119 17 kleryk\u00f3w). Poza tym wsp\u00f3\u0142praca obu biskup\u00f3w\u00a0\u201d\u201d Brouweta i Ailleta \u201d\u201d mo\u017ce zapocz\u0105tkowa\u0107 swego rodzaju konserwatywny biegun ko\u015bcielny na po\u0142udniowym zachodzie Francji (\u017ar\u00f3d\u0142a: la-croix.com, chiesa.espresso.repubblica.it., 17 lutego 2012).<\/p>","protected":false},"excerpt":{"rendered":"11 lutego br., w \u015bwi\u0119to Matki Bo\u017cej z Lourdes, papie\u017c Benedykt XVI mianowa\u0142 bp. Miko\u0142aja Brouweta \u201d\u201d hierarch\u0119 powszechnie uznawanego za konserwatywnego tak w dziedzinie doktryny, jak dyscypliny i liturgii\u00a0\u201d\u201d ordynariuszem francuskiej diecezji Tarbes i Lourdes. Interesuj\u0105cy komentarz w tej sprawie pojawi\u0142 si\u0119 na stronie w\u0142oskiego watykanisty Sandro Magistra. Bp Miko\u0142aj Brouwet, nowo mianowany ordynariusz [&hellip;]","protected":false},"author":1,"featured_media":0,"comment_status":"closed","ping_status":"closed","sticky":false,"template":"","format":"standard","meta":{"_acf_changed":false,"_monsterinsights_skip_tracking":false,"_monsterinsights_sitenote_active":false,"_monsterinsights_sitenote_note":"","_monsterinsights_sitenote_category":0,"ngg_post_thumbnail":0,"footnotes":"","_wp_rev_ctl_limit":""},"categories":[3],"tags":[32],"acf":[],"_links":{"self":[{"href":"https:\/\/www.bibula.com\/index.php?rest_route=\/wp\/v2\/posts\/52581"}],"collection":[{"href":"https:\/\/www.bibula.com\/index.php?rest_route=\/wp\/v2\/posts"}],"about":[{"href":"https:\/\/www.bibula.com\/index.php?rest_route=\/wp\/v2\/types\/post"}],"author":[{"embeddable":true,"href":"https:\/\/www.bibula.com\/index.php?rest_route=\/wp\/v2\/users\/1"}],"replies":[{"embeddable":true,"href":"https:\/\/www.bibula.com\/index.php?rest_route=%2Fwp%2Fv2%2Fcomments&post=52581"}],"version-history":[{"count":0,"href":"https:\/\/www.bibula.com\/index.php?rest_route=\/wp\/v2\/posts\/52581\/revisions"}],"wp:attachment":[{"href":"https:\/\/www.bibula.com\/index.php?rest_route=%2Fwp%2Fv2%2Fmedia&parent=52581"}],"wp:term":[{"taxonomy":"category","embeddable":true,"href":"https:\/\/www.bibula.com\/index.php?rest_route=%2Fwp%2Fv2%2Fcategories&post=52581"},{"taxonomy":"post_tag","embeddable":true,"href":"https:\/\/www.bibula.com\/index.php?rest_route=%2Fwp%2Fv2%2Ftags&post=52581"}],"curies":[{"name":"wp","href":"https:\/\/api.w.org\/{rel}","templated":true}]}}