{"id":52564,"date":"2012-02-28T10:18:49","date_gmt":"2012-02-28T15:18:49","guid":{"rendered":"http:\/\/www.bibula.com\/?p=52564"},"modified":"2012-02-28T10:18:49","modified_gmt":"2012-02-28T15:18:49","slug":"list-pasterski-metropolity-przemyskiego-na-i-niedziele-wielkiego-postu","status":"publish","type":"post","link":"https:\/\/www.bibula.com\/?p=52564","title":{"rendered":"List pasterski metropolity przemyskiego na I niedziel\u0119 Wielkiego Postu"},"content":{"rendered":"<p align=\"center\"><strong><em>Wielki Post Chrystusowy i nasz.<\/em><\/strong><\/p>\r\n<p><strong><em>\u00a0<\/em><\/strong><\/p>\r\n<p>\u00a0\u00a0\u00a0\u00a0\u00a0\u00a0\u00a0\u00a0\u00a0 Drodzy Diecezjanie<\/p>\r\n<p>&nbsp;<\/p>\r\n<p>Ewangelia \u015bw. Marka w bardzo skondensowany, \u017ceby nie powiedzie\u0107 &#8211; lakoniczny &#8211; spos\u00f3b relacjonuje kuszenie Pana Jezusa na pustyni i pocz\u0105tek Jego dzia\u0142alno\u015bci publicznej. W kilku kr\u00f3tkich zdaniach zawiera si\u0119 jednak nieprzeci\u0119tny \u0142adunek tre\u015bci i to nie\u0142atwej do przyj\u0119cia. Dla wsp\u00f3\u0142czesnego cz\u0142owieka mo\u017ce by\u0107 niezrozumia\u0142y tak d\u0142ugi, bo 40-dniowy post. I to jaki post!. <em>Nic w owe dni nie jad\u0142 <\/em>\u00a0&#8211; zrelacjonuje inny ewangelista (\u0141k 4,2). Taki post os\u0142abia cia\u0142o, ale umacnia cz\u0142owieka w inny spos\u00f3b, porz\u0105dkuje go od wewn\u0105trz, scala duchowo, ale dra\u017cni szatana, kt\u00f3ry usi\u0142uje dokona\u0107 pr\u00f3by si\u0142.<\/p>\r\n<p>\u00a0\u00a0\u00a0\u00a0\u00a0\u00a0\u00a0\u00a0\u00a0 Szatan przyst\u0119puje do Jezusa, kusi Go na r\u00f3\u017cne sposoby, daj\u0105c dow\u00f3d swego za\u015blepienia pych\u0105 a mo\u017ce i niewiedz\u0105 &#8211; Kim naprawd\u0119 jest Jezus? Pan Jezus odtr\u0105ca pokusy a umocniony postem i 40-dniow\u0105, intensywn\u0105 modlitw\u0105, rozpoczyna swoj\u0105 misj\u0119 od zach\u0119ty: <em>Nawracajcie si\u0119 i\u00a0wierzcie w ewangeli\u0119 <\/em>(Mk 1,15)\u00a0<\/p>\r\n<p>&nbsp;<\/p>\r\n<p><strong><em>Warto\u015b\u0107 naszego postu<\/em><\/strong><\/p>\r\n<p>\u00a0\u00a0\u00a0\u00a0\u00a0\u00a0\u00a0\u00a0\u00a0 Rozpoczynamy liturgiczny czas, kt\u00f3ry nazywamy Wielkim Postem. Rzeczywi\u015bcie wielki to powinien by\u0107 okres w \u017cyciu ludzi wierz\u0105cych. Warto sobie postawi\u0107 pytanie: czy b\u0119dzie to post wi\u0119kszy ni\u017c dotychczas, czy b\u0119dzie to post Wielki? Trzeba uczyni\u0107 wiele, aby kolejnych 40 dni roku liturgicznego pomog\u0142o pog\u0142\u0119bi\u0107 nasz\u0105 wiedz\u0119 i wiar\u0119, pomog\u0142o odczyta\u0107 wyzwania czas\u00f3w, \u00a0w\u00a0kt\u00f3rych \u017cyjemy i przenikn\u0105\u0107 je tym, co tylko chrze\u015bcijanie posiadaj\u0105 i czym mog\u0105 ubogaci\u0107 \u015bwiat. A b\u0119dzie to mo\u017cliwe, je\u015bli nawr\u00f3cimy si\u0119 i naprawd\u0119 uwierzymy w Ewangeli\u0119.<\/p>\r\n<p>\u00a0\u00a0\u00a0\u00a0\u00a0\u00a0\u00a0\u00a0\u00a0 Zauwa\u017ccie, Drodzy Bracia i Siostry, \u017ce blisko\u015b\u0107 Chrystusa, a nawet mi\u0142o\u015b\u0107 do Niego i\u00a0zjednoczenie z Nim, nie eliminuje z Jego i naszej blisko\u015bci szatana, Z\u0142ego Ducha. Aposto\u0142 b\u0119dzie przypomina\u0142, \u017ce chrze\u015bcijanie s\u0105 w\u0142\u0105czeni w walk\u0119 nie z pot\u0119gami tego \u015bwiata, ale z szatanem (por.\u00a0Ef 6,12). I to nie tylko w czasach apostolskich. Dzi\u015b tak\u017ce trwa walka z Ksi\u0119ciem Ciemno\u015bci. M\u00f3wi\u0142 o tym Papie\u017c Pawe\u0142 VI, przypomina\u0142 Jan Pawe\u0142 II, a Ko\u015bci\u00f3\u0142 poucza: <em>Szatan, \u201ew\u0142adca tego \u015bwiata\u201d <\/em>(J 12,31) <em>dzia\u0142a podst\u0119pnie tak\u017ce i dzi\u015b. Ka\u017cdy cz\u0142owiek opr\u00f3cz w\u0142asnej po\u017c\u0105dliwo\u015bci i z\u0142ego wp\u0142ywu innych, do\u015bwiadcza r\u00f3wnie\u017c pokus ze strony szatana, tym wi\u0119kszych im mniej zdaje sobie z\u00a0tego spraw\u0119 <\/em>(JP II, 18. III.1979). Ostateczne zwyci\u0119stwo jest jednak po stronie Chrystusa, ale krucho\u015b\u0107 naszego ludzkiego my\u015blenia i ufanie swoim tylko zdolno\u015bciom i si\u0142om niejednego ju\u017c zwiod\u0142a.<\/p>\r\n<p>\u00a0\u00a0\u00a0\u00a0\u00a0\u00a0\u00a0\u00a0\u00a0 Metod\u0105 szatana jest k\u0142amstwo. A ile\u017c tego k\u0142amstwa, manipulacji, fa\u0142szywych oskar\u017ce\u0144 i\u00a0niedotrzymanych obietnic kr\u0105\u017cy mi\u0119dzy nami i po ca\u0142ym \u015bwiecie?! Jak\u017ce \u0142atwo ludzie id\u0105 za fa\u0142szywymi prorokami tak\u017ce dzi\u015b.<\/p>\r\n<p>\u00a0\u00a0\u00a0\u00a0\u00a0\u00a0\u00a0\u00a0\u00a0 W styczniowym numerze jednego z katolickich pism zamieszczono wywiad z pani\u0105 <a href=\"http:\/\/sanctus.com.pl\/ext\/wyszukiwarka_podstawowa?slowo=Marguerite+A.+Peeters&amp;x=55&amp;y=15\"><strong>Marguerite Peeters<\/strong><\/a>, dyrektorem brukselskiego Instytutu na rzecz Dialogu Mi\u0119dzykulturowego, w\u00a0kt\u00f3rym autorka, znana ze swych katolickich przekona\u0144 zauwa\u017ca, \u017ce <strong><span style=\"color: #800000;\">nadchodz\u0105 rewolucyjne zmiany polityczne i kulturowe na skal\u0119 \u015bwiatow\u0105. Potrzebna jest nowa ewangelizacja, do kt\u00f3rej zach\u0119ca Ojciec \u015awi\u0119ty, ale najpierw trzeba dobrze rozezna\u0107 sytuacj\u0119. Zauwa\u017cmy, \u017ce ta nowa kultura globalna wyrasta z postmodernizmu, kt\u00f3ry promuje relatywizm moralny, aborcj\u0119, ma\u0142\u017ce\u0144stwa jednop\u0142ciowe, homoseksualizm itd. \u2026 a wszystko to dzieje si\u0119 przez globalne, \u015bwiatowe, polityczne ukierunkowanie tej\u017ce rewolucji kulturowej, wykluczaj\u0105cej Boga i Jego przykazania.<\/span><\/strong><\/p>\r\n<p>\u00a0\u00a0\u00a0\u00a0\u00a0\u00a0\u00a0\u00a0\u00a0 Poniewa\u017c jednak wiary chrze\u015bcija\u0144skiej nie da si\u0119 oddzieli\u0107 od \u017cycia, zatem Ko\u015bci\u00f3\u0142 musi ocenia\u0107 tzw. now\u0105 etyk\u0119 i przestrzega\u0107 przed wypaczeniami. Nie wolno zapomina\u0107, \u017ce pierwszym i\u00a0g\u0142\u00f3wnym ewangelizatorem jest Duch \u015awi\u0119ty. Jemu trzeba zaufa\u0107, poleca\u0107 nasze nadzieje i\u00a0niepokoje, ale z Nim trzeba te\u017c wsp\u00f3\u0142pracowa\u0107, u\u017cycza\u0107 Mu swoich ust i wszystkich si\u0142. Wy\u017cej wymieniona autorka m\u00f3wi dalej, \u017ce potrzebna jest spo\u0142eczna, a nie tylko indywidualna reakcja wobec promowanych rozlu\u017anie\u0144 moralnych. Potrzebna jest wsp\u00f3lna, zbiorowa reakcja spo\u0142ecze\u0144stw i narod\u00f3w. <em>Nar\u00f3d polski &#8211; <\/em>jak napisa\u0142a <em>&#8211; szczeg\u00f3lnie dobrze wie, co to przeciwstawianie si\u0119 i walka\u2026 Pokaza\u0142, \u017ce jest odwa\u017cny i szlachetny. \u0141atwiej ni\u017c inne narody, prawie intuicyjnie rozpoznaje strategie manipulacyjne i ideologiczne projekcje\u2026 Opatrzno\u015bciow\u0105 rol\u0119 odegra\u0142 Jan Pawe\u0142 II, papie\u017c Polak\u2026 Odwaga bohater\u00f3w &#8211; b\u0142. Jerzego Popie\u0142uszki czy kard. Stefana Wyszy\u0144skiego \u00a0stanowi\u0142a dla nas wz\u00f3r do na\u015bladowania i podtrzymywa\u0142a na duchu. Wszystkie te elementy odkry\u0142y \u015bwiatu dusz\u0119 waszego narodu i sprawi\u0142y, \u017ce zosta\u0142 pokochany \u2026 dlatego oczekuje si\u0119 szczeg\u00f3lnie od narodu polskiego, aby jeszcze raz pokaza\u0142 sw\u0105 odwag\u0119 i kreatywno\u015b\u0107 wobec nowego wyzwania <\/em>&#8211;\u00a0ko\u0144czy sw\u00f3j wywiad dyrektorka brukselskiego Instytutu (w: Moja Rodzina, nr 1, 2012, 4-5).<\/p>\r\n<p>\u00a0\u00a0\u00a0\u00a0\u00a0\u00a0\u00a0\u00a0\u00a0 Zauwa\u017ccie Bracia i Siostry, \u017ce ufaj\u0105 nam ludzie z zewn\u0105trz, ale co wa\u017cniejsze, ufa nam B\u00f3g. Czy godzi si\u0119 Go zawie\u015b\u0107?<\/p>\r\n<p>\u00a0\u00a0\u00a0\u00a0\u00a0\u00a0\u00a0\u00a0\u00a0 \u201eKo\u015bci\u00f3\u0142 jest naszym domem\u201d &#8211; u\u015bwiadamiamy sobie coraz intensywniej w tym roku, a\u00a0troska o atmosfer\u0119 wewn\u0119trzn\u0105 Ko\u015bcio\u0142a spoczywa na ka\u017cdym z nas i na nas wszystkich. <strong><span style=\"color: #ff0000;\">Widzimy jak planowo atakowany jest dzi\u015b Ko\u015bci\u00f3\u0142 przez r\u00f3\u017cne \u015brodowiska liberty\u0144skie, ateistyczne i\u00a0maso\u0144skie<\/span><\/strong>. <strong><span style=\"color: #800000;\">Nie oszcz\u0119dzaj\u0105 Ko\u015bcio\u0142a liberalne telewizje i takie\u017c pisma. Nawet rz\u0105dowe instytucje, niby promuj\u0105c pluralizm medialny, ostatnio zdyskryminowa\u0142y katolick\u0105 telewizj\u0119, co na szcz\u0119\u015bcie budzi \u015bwiadomo\u015b\u0107 narodu. Jeszcze bardziej niebezpieczne s\u0105 roz\u0142amy wewn\u0105trz Ko\u015bcio\u0142a, ujawniaj\u0105ce nawet w\u015br\u00f3d duchownych niepos\u0142usze\u0144stwo prze\u0142o\u017conym i pasterzom. To jest bolesne, ale trzeba o tym m\u00f3wi\u0107 i zach\u0119ca\u0107 si\u0119 wzajemnie do zwyczajnej pokory w duchu pos\u0142usze\u0144stwa Ko\u015bcio\u0142owi, Papie\u017cowi i pasterzom, kt\u00f3rzy stawiaj\u0105 niekiedy wymagania trudne, ale zgodne z\u00a0Ewangeli\u0105 i dlatego tw\u00f3rcze. <\/span><\/strong><\/p>\r\n<p>\u00a0\u00a0\u00a0\u00a0\u00a0\u00a0\u00a0\u00a0\u00a0 Wielki Post, to szczeg\u00f3lna okazja do rekolekcyjnego rachunku sumienia, do nawr\u00f3cenia, spowiedzi i postanowienia poprawy, to czas g\u0142\u0119bszej modlitwy i kontemplacji Krzy\u017ca, kt\u00f3ry dla Jana Paw\u0142a II i dla ka\u017cdego z nas jest bram\u0105 zbawienia. Niech owocnie skorzystaj\u0105 z tej aktualnej duszpasterskiej inicjatywy parafie prze\u017cywaj\u0105ce peregrynacj\u0119 Wielkopi\u0105tkowego Krzy\u017ca Papieskiego.<\/p>\r\n<p>\u00a0\u00a0\u00a0\u00a0\u00a0\u00a0\u00a0\u00a0\u00a0 Pocz\u0105tek Wielkiego Postu, to w Polsce Tydzie\u0144 Modlitw o Trze\u017awo\u015b\u0107 narodu. Zwracam si\u0119 do wszystkich z zach\u0119t\u0105 do pokuty, nawr\u00f3cenia i wiary w Ewangeli\u0119, do gorliwszej modlitwy za Ko\u015bci\u00f3\u0142 i Ojczyzn\u0119. Apeluj\u0119 do prze\u017cywaj\u0105cych uwik\u0142ania w na\u0142ogi, aby poderwali serca i podj\u0119li trud pracy nad sob\u0105: korzystajcie z pomocy lekarza czy grupy wsparcia, ale pami\u0119tajcie o\u00a0skorzystaniu z pomocy Bo\u017cej. Wszyscy modlimy si\u0119 za Was o dar wytrwania.<\/p>\r\n<p>\u00a0\u00a0\u00a0\u00a0\u00a0\u00a0\u00a0\u00a0\u00a0 Wielki Post to przede wszystkim czas \u0142aski i wielkiego mi\u0142osierdzia Bo\u017cego dla nas wszystkich. Niech w rodzinach nie zabraknie modlitwy za emigrant\u00f3w i przebywaj\u0105cych poza granicami Ojczyzny. Ich walka o sukces nie zawsze us\u0142ana jest r\u00f3\u017cami. Wspierajmy ich szczer\u0105, \u017cyczliw\u0105 mi\u0142o\u015bci\u0105 w podtrzymywaniu wiary i poczuciu godno\u015bci mimo prze\u017cywanych trud\u00f3w.<\/p>\r\n<p>&nbsp;<\/p>\r\n<p><strong><em>Nowe perspektywy nadziei<\/em><\/strong><\/p>\r\n<p>\u00a0\u00a0\u00a0\u00a0\u00a0\u00a0\u00a0\u00a0\u00a0 Papie\u017c Benedykt XVI budzi swym nauczaniem nadziej\u0119 i zach\u0119ca Ko\u015bci\u00f3\u0142 do nowej ewangelizacji, czyli do pracy nad \u017cywotno\u015bci\u0105 naszej wiary. Jest w tym realist\u0105, bo przypomina, \u017c\u00a0<em>sukces nie jest imieniem Pana Boga, <\/em>\u017ce trudno\u015bci, upadki, cierpienie, wysi\u0142ek i krzy\u017c prowadz\u0105 cz\u0142owieka ufaj\u0105cego Bogu do zmartwychwstania i zwyci\u0119stwa. Trud pog\u0142\u0119bianej i odwa\u017cnej wiary le\u017cy u podstaw sukcesu nowej ewangelizacji. To zadanie dla ka\u017cdego z nas.<\/p>\r\n<p>\u00a0\u00a0\u00a0\u00a0\u00a0\u00a0\u00a0\u00a0\u00a0 Zawsze chodzi o s\u0142u\u017cb\u0119 Panu Bogu i nie ma znaczenia nasza funkcja ani miejsce w ludzkiej hierarchii wa\u017cno\u015bci, ale to, czy wszystko i zawsze czynimy dla Niego i czy z Nim idziemy odwa\u017cnie przez \u017cycie. Przybity do krzy\u017ca i Zmartwychwsta\u0142y Bo\u017cy Syn podnosi ka\u017cdego cz\u0142owieka i przynosi nam nowe \u017cycie. Nie odtr\u0105cajmy tej pomocnej, Chrystusowej d\u0142oni.<\/p>\r\n<p>Na wielkopostny czas modlitwy i nawr\u00f3cenia ca\u0142ym sercem b\u0142ogos\u0142awi\u0119.<\/p>\r\n<p>&nbsp;<\/p>\r\n<p>Przemy\u015bl, 26 lutego 2012 r.<\/p>\r\n<p>&nbsp;<\/p>\r\n<p align=\"center\">\u00a0\u00a0\u00a0\u00a0\u00a0\u00a0\u00a0\u00a0\u00a0\u00a0\u00a0\u00a0\u00a0\u00a0\u00a0\u00a0\u00a0\u00a0\u00a0\u00a0\u00a0\u00a0\u00a0\u00a0\u00a0\u00a0\u00a0\u00a0\u00a0\u00a0\u00a0\u00a0\u00a0\u00a0\u00a0\u00a0\u00a0\u00a0\u00a0\u00a0\u00a0\u00a0\u00a0\u00a0\u00a0\u00a0\u00a0\u00a0\u00a0\u00a0\u00a0\u00a0 Wasz Arcybiskup<\/p>","protected":false},"excerpt":{"rendered":"Wielki Post Chrystusowy i nasz. \u00a0 \u00a0\u00a0\u00a0\u00a0\u00a0\u00a0\u00a0\u00a0\u00a0 Drodzy Diecezjanie &nbsp; Ewangelia \u015bw. Marka w bardzo skondensowany, \u017ceby nie powiedzie\u0107 &#8211; lakoniczny &#8211; spos\u00f3b relacjonuje kuszenie Pana Jezusa na pustyni i pocz\u0105tek Jego dzia\u0142alno\u015bci publicznej. W kilku kr\u00f3tkich zdaniach zawiera si\u0119 jednak nieprzeci\u0119tny \u0142adunek tre\u015bci i to nie\u0142atwej do przyj\u0119cia. Dla wsp\u00f3\u0142czesnego cz\u0142owieka mo\u017ce by\u0107 niezrozumia\u0142y [&hellip;]","protected":false},"author":1,"featured_media":0,"comment_status":"closed","ping_status":"closed","sticky":false,"template":"","format":"standard","meta":{"_acf_changed":false,"_monsterinsights_skip_tracking":false,"_monsterinsights_sitenote_active":false,"_monsterinsights_sitenote_note":"","_monsterinsights_sitenote_category":0,"ngg_post_thumbnail":0,"footnotes":"","_wp_rev_ctl_limit":""},"categories":[5],"tags":[131],"acf":[],"_links":{"self":[{"href":"https:\/\/www.bibula.com\/index.php?rest_route=\/wp\/v2\/posts\/52564"}],"collection":[{"href":"https:\/\/www.bibula.com\/index.php?rest_route=\/wp\/v2\/posts"}],"about":[{"href":"https:\/\/www.bibula.com\/index.php?rest_route=\/wp\/v2\/types\/post"}],"author":[{"embeddable":true,"href":"https:\/\/www.bibula.com\/index.php?rest_route=\/wp\/v2\/users\/1"}],"replies":[{"embeddable":true,"href":"https:\/\/www.bibula.com\/index.php?rest_route=%2Fwp%2Fv2%2Fcomments&post=52564"}],"version-history":[{"count":0,"href":"https:\/\/www.bibula.com\/index.php?rest_route=\/wp\/v2\/posts\/52564\/revisions"}],"wp:attachment":[{"href":"https:\/\/www.bibula.com\/index.php?rest_route=%2Fwp%2Fv2%2Fmedia&parent=52564"}],"wp:term":[{"taxonomy":"category","embeddable":true,"href":"https:\/\/www.bibula.com\/index.php?rest_route=%2Fwp%2Fv2%2Fcategories&post=52564"},{"taxonomy":"post_tag","embeddable":true,"href":"https:\/\/www.bibula.com\/index.php?rest_route=%2Fwp%2Fv2%2Ftags&post=52564"}],"curies":[{"name":"wp","href":"https:\/\/api.w.org\/{rel}","templated":true}]}}