{"id":52463,"date":"2012-02-24T14:34:18","date_gmt":"2012-02-24T19:34:18","guid":{"rendered":"http:\/\/www.bibula.com\/?p=52463"},"modified":"2012-02-24T14:34:18","modified_gmt":"2012-02-24T19:34:18","slug":"nie-zyje-kolejny-swiadek-w-aferze-marszalkowej","status":"publish","type":"post","link":"https:\/\/www.bibula.com\/?p=52463","title":{"rendered":"Nie \u017cyje kolejny \u015bwiadek w aferze marsza\u0142kowej"},"content":{"rendered":"<p><strong>P\u0142k Leszek Tobiasz to niejedyny \u015bwiadek w tzw. aferze marsza\u0142kowej, kt\u00f3ry w ostatnim czasie zszed\u0142 z tego \u015bwiata. 21 grudnia 2011 r. zmar\u0142 Marian Cypel &#8211; by\u0142y dyplomata i rezydent PRL-owskiego wywiadu w Wiedniu. Jego pogrzeb odby\u0142 si\u0119 27 grudnia w Warszawie.<\/strong><br \/> <br \/> To w\u0142a\u015bnie za po\u015brednictwem Cypla Leszek Tobiasz stara\u0142 si\u0119 dotrze\u0107 do hierarch\u00f3w &#8211; bp. Antoniego Dydycza i bp. S\u0142awoja Leszka G\u0142\u00f3dzia. Ci z kolei mieli mu u\u0142atwi\u0107 kontakt z Antonim Macierewiczem &#8211; likwidatora Wojskowych S\u0142u\u017cb Informacyjnych.<br \/> <br \/> Leszek Tobiasz zmar\u0142 w tajemniczych okoliczno\u015bciach tu\u017c po p\u00f3\u0142nocy 11 lutego, na imprezie integracyjnej\u00a0pracownik\u00f3w Mazowieckiej Wojew\u00f3dzkiej Komendy OHP, na kt\u00f3r\u0105 przyjecha\u0142 autokarem razem z kilkudziesi\u0119cioma osobami. By\u0142 zatrudniony w OHP jako fachowiec od obronno\u015bci i spraw niejawnych. Po obiedzie uczestnicy imprezy pojechali do Kazimierza na wycieczk\u0119. Wieczorem, po powrocie, rozpocz\u0119\u0142a si\u0119 zabawa karnawa\u0142owa, kt\u00f3ra trwa\u0142a do p\u00f3\u017anej nocy.<br \/> <br \/> Z oficjalnej wersji wynika, \u017ce ok. godz. 23:40 Tobiasz podczas ta\u0144ca z partnerk\u0105 nagle upad\u0142, uderzy\u0142 g\u0142ow\u0105 o parkiet i straci\u0142 przytomno\u015b\u0107. Wezwano pogotowie &#8211; lekarz stwierdzi\u0142 zgon, kt\u00f3ry nast\u0105pi\u0142 o godz. 0:10, a poniewa\u017c okoliczno\u015bci \u015bmierci by\u0142y dla niego niejasne, zawiadomi\u0142 policj\u0119 i prokuratur\u0119, kt\u00f3ra zarz\u0105dzi\u0142a sekcj\u0119 zw\u0142ok.<br \/> <br \/> Tyle komunikat oficjalny. Reporterzy \u201eGazety Polskiej\u201d, kt\u00f3rzy pojechali do Zwolenia, us\u0142yszeli jednak inn\u0105 wersj\u0119 wydarze\u0144. <em>&#8211; Kiedy pogotowie przyjecha\u0142o na miejsce, wi\u0119kszo\u015b\u0107 towarzystwa by\u0142a ju\u017c mocno wstawiona. M\u00f3wili, \u017ce w czasie wieczoru p\u0142k Tobiasz sta\u0142 z jakim\u015b m\u0119\u017cczyzn\u0105 przy oknie i nagle przewr\u00f3ci\u0142 si\u0119, uderzaj\u0105c g\u0142ow\u0105 w parapet. Niewykluczone, \u017ce zosta\u0142 popchni\u0119ty <\/em>&#8211; powiedzia\u0142a nam jedna z os\u00f3b przebywaj\u0105ca w o\u015brodku, w kt\u00f3rym odbywa\u0142a si\u0119 impreza OHP.<br \/> <br \/> Przeprowadzaj\u0105cy sekcj\u0119 zw\u0142ok anatomopatolog stwierdzi\u0142 \u201eran\u0119 w okolicach zausznych, kt\u00f3ra powsta\u0142a przed \u015bmierci\u0105\u201d i \u201erozleg\u0142\u0105 niewydolno\u015b\u0107 kr\u0105\u017cenia\u201d. Nie s\u0105 znane okoliczno\u015bci powstania rany.<br \/> <br \/> 1 marca p\u0142k Tobiasz po raz pierwszy mia\u0142 zeznawa\u0107 przed s\u0105dem w sprawie rzekomej korupcji przy weryfikacji \u017co\u0142nierzy WSI, mia\u0142a si\u0119 te\u017c odby\u0107 jego konfrontacja z Bronis\u0142awem Komorowskim.<br \/> <br \/> Afera marsza\u0142kowa zacz\u0119\u0142a si\u0119 jesieni\u0105 2007 r. od wizyty p\u0142k. Leszka Tobiasza w gabinecie \u00f3wczesnego marsza\u0142ka sejmu Bronis\u0142awa Komorowskiego. \u0179o\u0142nierza WSI z parlamentarzyst\u0105 skontaktowa\u0142a pos\u0142anka Platformy Jadwiga Zakrzewska, kt\u00f3ra dzi\u015b zas\u0142ania si\u0119 niepami\u0119ci\u0105. Kilka miesi\u0119cy p\u00f3\u017aniej okaza\u0142o si\u0119, \u017ce p\u0142k Leszek Tobiasz nagrywa\u0142 swoich rozm\u00f3wc\u00f3w &#8211; cz\u0119\u015b\u0107 nagra\u0144 z afery marsza\u0142kowej trafi\u0142a do Prokuratury Apelacyjnej w Warszawie.<br \/> <br \/> Ostatecznie okaza\u0142o si\u0119, \u017ce wszcz\u0119te \u015bledztwo by\u0142o prowokacj\u0105 wymierzon\u0105 w Komisj\u0119 Weryfikacyjn\u0105 i jej szefa Antoniego Macierewicza, a w zwi\u0105zku z rzekom\u0105 korupcj\u0105 oskar\u017cono dziennikarza Wojciecha Sumli\u0144skiego i pu\u0142kownika by\u0142ych WSI Aleksandra L., kt\u00f3ry dobrowolnie podda\u0142 si\u0119 karze.<\/p>","protected":false},"excerpt":{"rendered":"P\u0142k Leszek Tobiasz to niejedyny \u015bwiadek w tzw. aferze marsza\u0142kowej, kt\u00f3ry w ostatnim czasie zszed\u0142 z tego \u015bwiata. 21 grudnia 2011 r. zmar\u0142 Marian Cypel &#8211; by\u0142y dyplomata i rezydent PRL-owskiego wywiadu w Wiedniu. Jego pogrzeb odby\u0142 si\u0119 27 grudnia w Warszawie. To w\u0142a\u015bnie za po\u015brednictwem Cypla Leszek Tobiasz stara\u0142 si\u0119 dotrze\u0107 do hierarch\u00f3w &#8211; [&hellip;]","protected":false},"author":1,"featured_media":0,"comment_status":"closed","ping_status":"closed","sticky":false,"template":"","format":"standard","meta":{"_acf_changed":false,"_monsterinsights_skip_tracking":false,"_monsterinsights_sitenote_active":false,"_monsterinsights_sitenote_note":"","_monsterinsights_sitenote_category":0,"ngg_post_thumbnail":0,"footnotes":"","_wp_rev_ctl_limit":""},"categories":[8],"tags":[92,144],"acf":[],"_links":{"self":[{"href":"https:\/\/www.bibula.com\/index.php?rest_route=\/wp\/v2\/posts\/52463"}],"collection":[{"href":"https:\/\/www.bibula.com\/index.php?rest_route=\/wp\/v2\/posts"}],"about":[{"href":"https:\/\/www.bibula.com\/index.php?rest_route=\/wp\/v2\/types\/post"}],"author":[{"embeddable":true,"href":"https:\/\/www.bibula.com\/index.php?rest_route=\/wp\/v2\/users\/1"}],"replies":[{"embeddable":true,"href":"https:\/\/www.bibula.com\/index.php?rest_route=%2Fwp%2Fv2%2Fcomments&post=52463"}],"version-history":[{"count":0,"href":"https:\/\/www.bibula.com\/index.php?rest_route=\/wp\/v2\/posts\/52463\/revisions"}],"wp:attachment":[{"href":"https:\/\/www.bibula.com\/index.php?rest_route=%2Fwp%2Fv2%2Fmedia&parent=52463"}],"wp:term":[{"taxonomy":"category","embeddable":true,"href":"https:\/\/www.bibula.com\/index.php?rest_route=%2Fwp%2Fv2%2Fcategories&post=52463"},{"taxonomy":"post_tag","embeddable":true,"href":"https:\/\/www.bibula.com\/index.php?rest_route=%2Fwp%2Fv2%2Ftags&post=52463"}],"curies":[{"name":"wp","href":"https:\/\/api.w.org\/{rel}","templated":true}]}}