{"id":51993,"date":"2012-02-16T11:21:24","date_gmt":"2012-02-16T16:21:24","guid":{"rendered":"http:\/\/www.bibula.com\/?p=51993"},"modified":"2012-02-16T11:21:24","modified_gmt":"2012-02-16T16:21:24","slug":"%e2%80%9elub-czasopisma%e2%80%9d-sikorskiego","status":"publish","type":"post","link":"https:\/\/www.bibula.com\/?p=51993","title":{"rendered":"\u201eLub czasopisma&#8221; Sikorskiego?"},"content":{"rendered":"<p>Prowadz\u0105cy konferencj\u0119 prasow\u0105 Adam Hofman wraz z prof. Krzysztofem Szczerskim zaprezentowali dzi\u015b dokumenty, jakie zosta\u0142y przes\u0142ane z Ministerstwa Spraw Wewn\u0119trznych do pos\u0142\u00f3w polskiego Sejmu, b\u0119d\u0105ce rezultatem szczytu UE z 30 stycznia br.<br \/><br \/>Okazuje si\u0119, \u017ce ich szczeg\u00f3\u0142owe zapisy dot. paktu fiskalnego r\u00f3\u017cni\u0105 si\u0119 od tych, jakie zosta\u0142y oficjalnie zaprezentowane przez UE. Chodzi o artyku\u0142 14 paktu fiskalnego.<br \/><br \/>\u201eOba dokumenty nosz\u0105 t\u0119 sam\u0105 dat\u0119, jednak wersja angielska zasadniczo r\u00f3\u017cni si\u0119 od polskiego t\u0142umaczenia\u201d &#8211; m\u00f3wi\u0142 Szczerski.<br \/><br \/>R\u00f3\u017cnica jest taka jak\u00a0 s\u0142ynne: \u201elub czasopisma\u201d. Czy teraz mamy do czynienia z afer\u0105 \u201ei 5\u201d?<br \/><br \/>\u201eR\u00f3\u017cnica jest zasadnicza, gdy\u017c bez odst\u0119pstwa od paragrafu \u201ei 5\u201d Polska nie ma prawa uczestniczy\u0107 w euro szczytach.<br \/><br \/>Taka jest te\u017c tre\u015b\u0107 dokumentu UE. Jednocze\u015bnie niewygodny zapis znikn\u0105\u0142 z polskiej wersji.<br \/><br \/>Jak wykazywa\u0142 Szczerski, mamy mo\u017cliwo\u015b\u0107 scenariusza czarnego: dostali\u015bmy przez MSW dokument nieprawdziwy. Inna wersja m\u00f3wi, \u017ce\u00a0 pomi\u0119dzy 31 stycznia a 16 lutym nast\u0105pi\u0142a zmiana tre\u015bci traktatu. Mo\u017cliwe r\u00f3wnie\u017c, i\u017c dokument zosta\u0142 zmieniony dzi\u0119ki polskiej opozycji.<br \/><br \/>\u201eNa konferencji prasowej 01 lutego, czyli dzie\u0144 po opublikowaniu tekstu traktatu, zawr\u00f3cili\u015bmy uwag\u0119 na to, \u017ce art. w kszta\u0142cie wynegocjowanym, nie zapewnia Polsce uczestnictwa w szczycie\u201d &#8211; przypomnia\u0142.<br \/><br \/>Kt\u00f3ry dokument jest prawdziwy? Czy opozycji uda\u0142o si\u0119 wp\u0142yn\u0105\u0107 na rz\u0105d, czy mamy do czynienia z afer\u0105?<br \/><br \/>\u201eJakakolwiek jest prawda, \u015bwiadczy to o kompletnym braku kompetencji w negocjowaniu warunk\u00f3w dla Polski w UE. Rz\u0105d nie panuje nad planowaniem je\u015bli w tak wa\u017cnym dokumencie, jakim jest pakt fiskalny przedstawia dwie zupe\u0142nie inne wersje.\u201d<\/p>","protected":false},"excerpt":{"rendered":"Prowadz\u0105cy konferencj\u0119 prasow\u0105 Adam Hofman wraz z prof. Krzysztofem Szczerskim zaprezentowali dzi\u015b dokumenty, jakie zosta\u0142y przes\u0142ane z Ministerstwa Spraw Wewn\u0119trznych do pos\u0142\u00f3w polskiego Sejmu, b\u0119d\u0105ce rezultatem szczytu UE z 30 stycznia br.Okazuje si\u0119, \u017ce ich szczeg\u00f3\u0142owe zapisy dot. paktu fiskalnego r\u00f3\u017cni\u0105 si\u0119 od tych, jakie zosta\u0142y oficjalnie zaprezentowane przez UE. Chodzi o artyku\u0142 14 paktu [&hellip;]","protected":false},"author":1,"featured_media":0,"comment_status":"closed","ping_status":"closed","sticky":false,"template":"","format":"standard","meta":{"_acf_changed":false,"_monsterinsights_skip_tracking":false,"_monsterinsights_sitenote_active":false,"_monsterinsights_sitenote_note":"","_monsterinsights_sitenote_category":0,"ngg_post_thumbnail":0,"footnotes":"","_wp_rev_ctl_limit":""},"categories":[8],"tags":[92],"acf":[],"_links":{"self":[{"href":"https:\/\/www.bibula.com\/index.php?rest_route=\/wp\/v2\/posts\/51993"}],"collection":[{"href":"https:\/\/www.bibula.com\/index.php?rest_route=\/wp\/v2\/posts"}],"about":[{"href":"https:\/\/www.bibula.com\/index.php?rest_route=\/wp\/v2\/types\/post"}],"author":[{"embeddable":true,"href":"https:\/\/www.bibula.com\/index.php?rest_route=\/wp\/v2\/users\/1"}],"replies":[{"embeddable":true,"href":"https:\/\/www.bibula.com\/index.php?rest_route=%2Fwp%2Fv2%2Fcomments&post=51993"}],"version-history":[{"count":0,"href":"https:\/\/www.bibula.com\/index.php?rest_route=\/wp\/v2\/posts\/51993\/revisions"}],"wp:attachment":[{"href":"https:\/\/www.bibula.com\/index.php?rest_route=%2Fwp%2Fv2%2Fmedia&parent=51993"}],"wp:term":[{"taxonomy":"category","embeddable":true,"href":"https:\/\/www.bibula.com\/index.php?rest_route=%2Fwp%2Fv2%2Fcategories&post=51993"},{"taxonomy":"post_tag","embeddable":true,"href":"https:\/\/www.bibula.com\/index.php?rest_route=%2Fwp%2Fv2%2Ftags&post=51993"}],"curies":[{"name":"wp","href":"https:\/\/api.w.org\/{rel}","templated":true}]}}