{"id":51979,"date":"2012-02-16T11:06:29","date_gmt":"2012-02-16T16:06:29","guid":{"rendered":"http:\/\/www.bibula.com\/?p=51979"},"modified":"2012-02-16T11:06:29","modified_gmt":"2012-02-16T16:06:29","slug":"po-szkodzie-i-przed-szkoda-romuald-szeremietiew","status":"publish","type":"post","link":"https:\/\/www.bibula.com\/?p=51979","title":{"rendered":"Po szkodzie, i przed szkod\u0105 &#8211;  <em>Romuald Szeremietiew<\/em>"},"content":{"rendered":"<p style=\"padding-left: 60px;\"><em>Nar\u00f3d, kt\u00f3ry zapomina o w\u0142asnej przesz\u0142o\u015bci jest skazany na prze\u017cycie jej jeszcze raz<\/em><br \/> George Santayana<\/p>\r\n<p>Publikuj\u0105c r\u00f3\u017cne teksty kilka [razy] wspomnia\u0142em, \u017ce grzechem pierworodnym obecnej Polski jest ugoda zawarta z upadaj\u0105cym re\u017cimem PRL przez lidera \u201eSolidarno\u015bci\u201d Wa\u0142\u0119s\u0119 i wspieraj\u0105c\u0105 go tzw. opozycj\u0119 konstruktywn\u0105. Spotka\u0142y mnie zaraz zarzuty, \u017ce i ja jestem winien bowiem nale\u017ca\u0142em do tej \u201eelity\u201d kumaj\u0105cej si\u0119 z komunistami. Kiedy wskaza\u0142em, \u017ce jako przewodnicz\u0105cy Polskiej Partii Niepodleg\u0142o\u015bciowej by\u0142em w gronie zdecydowanych przeciwnik\u00f3w Okr\u0105g\u0142ego Sto\u0142u, zarzucono mi z kolei, \u017ce wiedzia\u0142em, a nie ostrzeg\u0142em \u201eszaraczk\u00f3w\u201d, kt\u00f3rzy nie\u015bwiadomi czaj\u0105cego si\u0119 z\u0142a poparli \u201eBolka\u201d. [<a href=\"http:\/\/www.dlapolski.pl\/10\/21\/o-solidarnosci-prawdziwej-i-tej-walesowskiej\/\">link<\/a>] Czyli tak czy inaczej jestem winien.<\/p>\r\n<p>Jedn\u0105 z form dzia\u0142alno\u015bci PPN by\u0142o informowanie o sytuacji w kraju. Oto jeden z artyku\u0142\u00f3w zamieszczony w pi\u015bmie okr\u0119gu warszawskiego PPN \u201eSprawa\u201d.<\/p>\r\n<blockquote>\r\n<h4>A pod sto\u0142em&#8230; ?<\/h4>\r\n<p>Widzimy co jest na stole i kto za sto\u0142em. Zasiedli za\u00a0nim Kiszczak z Wa\u0142\u0119s\u0105, Czyrek z Kuroniem, Ciosek z Michnikiem, itd., itp. Na stole ma by\u0107 nowe porozumienie, bo to dawne, z sierpnia 1980 r. jako\u015b nie wysz\u0142o &#8211; kt\u00f3\u017c by dzi\u015b szuka\u0142 jego sygnatariusza Jagielskiego. Radz\u0105 wsp\u00f3lnie nad napraw\u0105 PRL-u skazani prawomocnymi wyrokami s\u0105d\u00f3w PRL, niedawni \u201ekontrrewolucjoni\u015bci\u201d, z prze\u015bladowcami, kt\u00f3rzy ich do wi\u0119zie\u0144 wtr\u0105cali. U\u015bcisk d\u0142oni szefa morderc\u00f3w ks. Popie\u0142uszki, g\u00f3rnik\u00f3w z KWK \u201eWujek\u201d i wielu innych ofiar stanu wojennego z jednym z najbardziej do\u015bwiadczonych represjami, Frasyniukiem, przypiecz\u0119towa\u0142o spotkanie tego dziwacznego gremium \u201eokr\u0105g\u0142ych sto\u0142ownik\u00f3w\u201d.<\/p>\r\n<p>A co jest pod sto\u0142em? O czym nie m\u00f3wi\u0105 \u015brodki przekazu PRL?<\/p>\r\n<table class=\"outset\" align=\"left\">\r\n<tbody>\r\n<tr>\r\n<td><img decoding=\"async\" src=\"http:\/\/szeremietiew.blox.pl\/resource\/Plakat_PPN_z_1986_r._20120216143922.jpg\" alt=\"\" \/><\/td>\r\n<\/tr>\r\n<tr>\r\n<td>\r\n<p class=\"zrodlo\">Plakat PPN (okr\u0119g olszty\u0144ski)<\/p>\r\n<\/td>\r\n<\/tr>\r\n<tr>\r\n<td><hr \/><\/td>\r\n<\/tr>\r\n<tr>\r\n<td><img fetchpriority=\"high\" decoding=\"async\" src=\"http:\/\/szeremietiew.blox.pl\/resource\/Image_20120216144009.jpg\" alt=\"\" width=\"274\" height=\"380\" \/><\/td>\r\n<\/tr>\r\n<tr>\r\n<td><hr \/><\/td>\r\n<\/tr>\r\n<tr>\r\n<td><img decoding=\"async\" src=\"http:\/\/szeremietiew.blox.pl\/resource\/Image_2_20120216144207.jpg\" alt=\"\" width=\"271\" height=\"339\" \/><\/td>\r\n<\/tr>\r\n<\/tbody>\r\n<\/table>\r\n<p>Uwa\u017cny obserwator bez trudu dostrze\u017ce tam ca\u0142kiem NOW\u0104 \u201eSolidarno\u015b\u0107\u201d. \u201eSolidarno\u015b\u0107\u201d, kt\u00f3ra ma si\u0119 przekszta\u0142ci\u0107 z obro\u0144cy polskiego \u015bwiata pracy w komunistycznego ekonoma, zaganiaj\u0105cego ludzi do pracy nad si\u0142y, za g\u0142odowe pensje. Wsp\u00f3\u0142udzia\u0142 w reformowaniu gospodarki PRL oznacza, \u017ce grupa Wa\u0142\u0119sy b\u0119dzie musia\u0142a zaakceptowa\u0107\u00a0wysokie podwy\u017cki cen artyku\u0142\u00f3w konsumpcyjnych (w graniach 280%), zamro\u017cenie p\u0142ac i likwidowanie tzw. nierentownych zak\u0142ad\u00f3w. Nowy zwi\u0105zek ma te\u017c zrezygnowa\u0107 ze strajk\u00f3w &#8211; jedynej skutecznej broni &#8211; i uzale\u017cni\u0107 od zgody s\u0105d\u00f3w PRL, czy b\u0119dzie mo\u017cna zap\u0142aci\u0107 za strajk, je\u017celi on mimo wszystko wybuchnie.\u00a0Ponadto skoro nie m\u00f3wi si\u0119 o relegalizacji \u201eSolidarno\u015bci\u201d, istniej\u0105cej nieprzerwanie od sierpnia 1980 r., ale jedynie o legalizacji nowej \u201eSolidarno\u015bci\u201d,\u00a0to oznacza i\u017c nowy zwi\u0105zek nie b\u0119dzie m\u00f3g\u0142 domaga\u0107 si\u0119 zwrotu zagrabionego maj\u0105tku, zado\u015b\u0107uczynienia prze\u015bladowanym i przywr\u00f3cenia ich na poprzednio zajmowane miejsca pracy.<\/p>\r\n<p>Innymi s\u0142owy NSZZ \u201eSolidarno\u015b\u0107\u201d, Zwi\u0105zek, kt\u00f3ry powsta\u0142 jako skutek protestu robotniczego przeciwko polityce PZPR, ma by\u0107 teraz organizacj\u0105 PZPR wspieraj\u0105c\u0105.<\/p>\r\n<p>Przed stron\u0105 solidarno\u015bciowo-opozycyjn\u0105, je\u017celi nie chce ona sta\u0107 si\u0119 stron\u0105 dyspozycyjn\u0105 rysuje si\u0119 droga realizacji idea\u0142\u00f3w sierpnia \u201980. Jest to jednak nie ta droga, na kt\u00f3r\u0105 ci\u0105gn\u0105 j\u0105 Kiszczak i Jaruzelski, ale ta, kt\u00f3r\u0105 wskazuj\u0105 Jurczyk, Gwiazda i dzia\u0142acze skupieni w Grupie Roboczej Komisji Krajowej NSZZ \u201eSolidarno\u015b\u0107\u201d.<\/p>\r\n<p>Mo\u017ce kto\u015b powiedzie\u0107, \u017ce przecie\u017c grupa Wa\u0142\u0119sy zdaje sobie spraw\u0119, o co idzie gra i podejmuj\u0105c rozmowy chce jedynie przechytrzy\u0107 komunist\u00f3w. Wynika\u0142oby z tego, \u017ce przy okr\u0105g\u0142ym stole nie ma szlachetnych zwolennik\u00f3w zgody narodowej, a jedynie dwie grupy oszust\u00f3w usi\u0142uj\u0105cych si\u0119 wzajemnie wykiwa\u0107. Tyle tylko, \u017ce \u201enasz\u201d oszust dzia\u0142a w interesie spo\u0142ecznym, dla dobra kraju.<\/p>\r\n<p>Nie przyjmujemy takiego t\u0142umaczenia. Cel nie mo\u017ce u\u015bwi\u0119ca\u0107 \u015brodk\u00f3w.<\/p>\r\n<p>Je\u017celi kto\u015b zacznie oszukiwa\u0107 w imi\u0119 celu szlachetnego, to nauczy si\u0119 k\u0142ama\u0107 i m\u0105ci\u0107 tak\u017ce w innych sprawach. Niew\u0105tpliwie komuni\u015bci s\u0105 grup\u0105 wysoko kwalifikowanych oszust\u00f3w. Nie przypuszczam, aby mo\u017cna by\u0142o powierza\u0107 losy Polski ludziom, kt\u00f3rzy by dowiedli, i\u017c s\u0105 lepszymi oszustami od PZPR-owc\u00f3w.<\/p>\r\n<p>Nasz\u0105 si\u0142\u0105 jest prawda i jasne, uczciwe stawianie sprawy. To dzi\u0119ki g\u0142o\u015bnemu nieust\u0119pliwemu g\u0142oszeniu prawdy komuni\u015bci musieli skapitulowa\u0107 w tak wa\u017cnych dla nich sprawach jak zbrodnia katy\u0144ska i represje sowieckie. Musieli potwierdzi\u0107 te zbrodnie. To dzi\u0119ki g\u0142oszeniu prawdy ro\u015bnie w spo\u0142ecze\u0144stwie presti\u017c i znaczenie ludzi i organizacji niezale\u017cnych.<\/p>\r\n<p>Nasza prawda brzmi:<\/p>\r\n<p>1)\u00a0\u00a0\u00a0\u00a0\u00a0Polska jest krajem zniewolonym, kt\u00f3ry musi odzyska\u0107 niepodleg\u0142o\u015b\u0107.<\/p>\r\n<p>2)\u00a0\u00a0\u00a0\u00a0\u00a0W\u0142adza komunistyczna jest nielegalna i ustr\u00f3j komunistyczny narzucony Polsce si\u0142\u0105 musi by\u0107 zniesiony.<\/p>\r\n<p>3)\u00a0\u00a0\u00a0\u00a0\u00a0Polacy maj\u0105 prawo w wolnych wyborach wy\u0142oni\u0107 parlament, rz\u0105d i okre\u015bli\u0107 form\u0119 ustroju pa\u0144stwowego, kierunki polityki wewn\u0119trznej i zagranicznej.<\/p>\r\n<p>To powinni us\u0142ysze\u0107 komuni\u015bci w Polsce, tak\u017ce przy okr\u0105g\u0142ym stole. Nie zgadzamy si\u0119 z Wa\u0142\u0119s\u0105, \u017ce PZPR jest nam \u201epotrzebna do zbudowania demokracji\u201d. Nam potrzebna jest demokracja, a tej nie b\u0119dzie tak d\u0142ugo, jak d\u0142ugo \u201etowarzysze\u201d z PZPR b\u0119d\u0105 u w\u0142adzy. Zdajemy sobie spraw\u0119, \u017ce komunistom zale\u017cy, aby Polacy ich \u201ewybrali\u201d. Nie mamy nic przeciwko temu, aby ZPR podda\u0142a si\u0119 normalnej procedurze wyborczej, chocia\u017c jest ona ostatni\u0105 chyba parti\u0105, kt\u00f3rej to prawo przys\u0142uguje. Nie zgadzamy si\u0119 jednak, aby pozycja partii komunistycznej by\u0142a przes\u0105dzona przed wyborami przez odg\u00f3rnie ustalone kwoty miejsc w Sejmie i Senacie. W szczeg\u00f3lno\u015bci nie zgadzamy si\u0119, aby cz\u0142owiek odpowiedzialny za zbrodni\u0119 stanu wojennego, winny obecnej katastrofy gospodarczej, spo\u0142ecznej i ekologicznej by\u0142 kandydatem na Prezydenta.<\/p>\r\n<p>Porozumienie i zgoda narodowej nie da si\u0119 wyczarowa\u0107 podczas intymnych spotka\u0144 genera\u0142a Kiszczaka z \u201ekapralem\u201d Wa\u0142\u0119s\u0105. Juliusz Mieroszewski, nie \u017cyj\u0105cy wybitny publicysta paryskiej KULTURY powiada\u0142, \u017ce polityka najpierw musi by\u0107 s\u0142uszna, a dopiero p\u00f3\u017aniej skuteczna. Polityka kaprala W. Nie jest s\u0142uszna, a o jej skuteczno\u015bci lepiej nie m\u00f3wi\u0107.<\/p>\r\n<p>Przy okr\u0105g\u0142ym stole czai si\u0119 zdrada interes\u00f3w narodowych.<\/p>\r\n<p>Witold Skidel<\/p>\r\n<p>4 kwietnia 1989 r.<\/p>\r\n<\/blockquote>\r\n<p>&#8222;Sprawa\u201d ukazywa\u0142a si\u0119 w nak\u0142adzie\u00a08 &#8211; 12 tys. egzemplarzy miesi\u0119cznie. Ponadto PPN wydawa\u0142a og\u00f3lnopolskie \u201ePolska Niepodleg\u0142a\u201d, \u201eHotel Lambert\u201d, \u201dOrl\u0119ta\u201d, a na terenie Tr\u00f3jmiasta (Gdynia, Sopot, Gda\u0144sk) gazetki \u201eOrlika\u201d, \u201eSzaniec\u201d, \u201ePolonia Restituta\u201d, \u201eKotwic\u0119\u201d, w Krakowie \u201eCzyn Niepodleg\u0142y\u201d, w Poznaniu by\u0142\u00a0\u201ePowstaniec Wielkopolski\u201d, w Ostrowie Wlkp. \u201eNiepodleg\u0142o\u015b\u0107\u201d, we Wroc\u0142awiu \u201eCzyn\u201d, w Olsztynie \u201eWarmi\u0144ski Informator Niepodleg\u0142o\u015bciowy\u201d,\u00a0w P\u0142ocku \u201eNiepodleg\u0142o\u015b\u0107\u201d, w Lublinie \u201eS\u0142owo Polskie\u201d, na G\u00f3rnym \u015al\u0105sku (Katowice, Zag\u0142\u0119bie D\u0105browskie) \u201eBiuletyn Informacyjny PPN\u201d, \u201ePowstaniec \u015al\u0105ski\u201d, \u201eLegia Akademicka\u201d oraz \u201ePunkt\u201d, wydawany wsp\u00f3lnie z Solidarno\u015bci\u0105 Walcz\u0105c\u0105. Za granicami ukazywa\u0142o si\u0119 pismo PPN rerdagowane\u00a0w Austrii\u00a0\u201eMy\u015bl Niepodleg\u0142a\u201d (Warszawa &#8211; Wiede\u0144 &#8211; Nowy Jork).<\/p>\r\n<table class=\"outset\" style=\"width: 295px; height: 398px;\" align=\"left\">\r\n<tbody>\r\n<tr>\r\n<td><img decoding=\"async\" class=\"alignleft\" src=\"http:\/\/szeremietiew.blox.pl\/resource\/1989._Alpy.__Lech_Jeczmyk_i_Romuald_Szeremietiew_w_drodze_na_konspiracyjne_spotkanie_KrajEmigrac.jpg\" alt=\"\" width=\"282\" height=\"274\" \/><\/td>\r\n<\/tr>\r\n<tr>\r\n<td>\r\n<p class=\"zrodlo\">Wiosna 1989. Obok mnie Lech J\u0119czmyk, cz\u0142onek kierownictwa PPN, publicysta i znany t\u0142umacz (J. Heller \u201eParagraf 22\u201d). Jeste\u015bmy w Alpach austriackich w drodze na konferencje Kraj-Emigracja.<br \/><a href=\"http:\/\/prawica.net\/node\/19379\">http:\/\/prawica.net\/node\/19379<\/a><\/p>\r\n<\/td>\r\n<\/tr>\r\n<tr>\r\n<td><hr \/><\/td>\r\n<\/tr>\r\n<tr>\r\n<td><img loading=\"lazy\" decoding=\"async\" class=\"alignleft\" src=\"http:\/\/szeremietiew.blox.pl\/resource\/1992._Posiedzenie_Rady_Naczelnej_PPN..jpg\" alt=\"\" width=\"282\" height=\"274\" \/><\/td>\r\n<\/tr>\r\n<tr>\r\n<td>\r\n<p class=\"zrodlo\">Posiedzenie Rady Naczelnej PPN<\/p>\r\n<\/td>\r\n<\/tr>\r\n<\/tbody>\r\n<\/table>\r\n<p>Miesi\u0119cznie wydawali\u015bmy co najmniej 120 tys. egz. naszej prasy; okresowo nak\u0142ad przekracza\u0142 300 tys. egzemplarzy. By\u0142o to zas\u0142ug\u0105 grupy m\u0142odych ludzi, kt\u00f3rzy bezinteresownie drukowali i kolportowali\u00a0wydawnictwa PPN. Kto mia\u0142 dost\u0119p do tej prasy m\u00f3g\u0142 pozna\u0107 nasze pogl\u0105dy, ale tak\u017ce dostrzec jaka gra, i o co, toczy si\u0119 w Polsce. Zdaj\u0119 sobie spraw\u0119, \u017ce to by\u0142o za ma\u0142o. Nasz przeciwnik dysponowa\u0142 jednak przyt\u0142aczaj\u0105c\u0105 przewag\u0105. By\u0142oby\u00a0 nies\u0142usznym zarzucanie nam, \u017ce nie znale\u017ali\u015bmy sposob\u00f3w, aby\u00a0t\u0119 przewag\u0119 zniwelowa\u0107.<\/p>\r\n<p>Niestety, fa\u0142szywy opis tamtych zdarze\u0144 przetrwa\u0142 do dzi\u015b i ma si\u0119 dobrze. Wydawnictwo \u201eZnak\u201d, drukuj\u0105ce m.in. paszkwile Jana Grossa, wyda\u0142o te\u017c ksi\u0105\u017ck\u0119 Jana Sk\u00f3rzy\u0144skiego pod tytu\u0142em, <em>nomen omen,<\/em> \u201eRewolucja Okr\u0105g\u0142ego Sto\u0142u\u201d. Wydawca tak zach\u0119ca do kupna sw\u00f3j produkt: \u201e <em>Mimo up\u0142ywu dwudziestu lat od obalenia w Polsce komunizmu wci\u0105\u017c wydaje si\u0119 niesamowite, \u017ce to naprawd\u0119 si\u0119 sta\u0142o. Pr\u00f3ba odsuni\u0119cia od w\u0142adzy dyktatorskiego re\u017cimu zako\u0144czy\u0142a si\u0119 sukcesem, a nie krwaw\u0105 wojn\u0105 domow\u0105. Wiele znanych autorytet\u00f3w z ca\u0142ego \u015bwiata przyznaje si\u0119 dzi\u015b do ca\u0142kowitego zaskoczenia sposobem w jaki potoczy\u0142a si\u0119 historia. S\u0142yszymy nie raz: \u201e&#8230;gdyby kto\u015b powiedzia\u0142 mi, \u017ce za kilka lat komuni\u015bci nie b\u0119d\u0105 ju\u017c u w\u0142adzy to pomy\u015bla\u0142bym, \u017ce zwariowa\u0142&#8230;\u201d. <\/em><em>W swojej najnowszej ksi\u0105\u017cce Jan Sk\u00f3rzy\u0144ski rzuca nowe \u015bwiat\u0142o na wydarzenia ko\u0144ca lat osiemdziesi\u0105tych. Pokazuje dojrzewanie obu stron &#8211; opozycyjnej i rz\u0105dowej &#8211; do kompromisu. Bez skr\u0119powania zagl\u0105da za kulisy rokowa\u0144 Okr\u0105g\u0142ego Sto\u0142u i nieformalnych spotka\u0144 w otoczonej \u201eczarn\u0105 legend\u0105\u201d Magdalence, opisuje polityczn\u0105 zwinno\u015b\u0107, kt\u00f3ra doprowadzi\u0142a Solidarno\u015b\u0107 do zwyci\u0119stwa w wyborach kontraktowych oraz do sformowania niezale\u017cnego rz\u0105du. Opowie\u015b\u0107 Jana Sk\u00f3rzy\u0144skiego to pasjonuj\u0105ca historia rewolucji Okr\u0105g\u0142ego Sto\u0142u &#8211; prze\u0142omu, kt\u00f3ry odmieni\u0142 oblicze \u015bwiata.\u201d <\/em>Natomiast w recenzji (Bart\u0142omiej Tulej) czytamy,\u00a0 \u017ce: <em>\u201eWyczerpuj\u0105ce i dok\u0142adne zestawienie fakt\u00f3w i wydarze\u0144 uwiarygodnione jest postaci\u0105 samego autora. Jan Sk\u00f3rzy\u0144ski by\u0142 jednym z dzia\u0142aczy opozycji, prezentuje jednak temat w powa\u017cny, profesjonalny spos\u00f3b. Po\u0142\u0105czenie kunsztu i obiektywizmu naukowca z emocjami i subiektywizmem \u015bwiatka i uczestnika wydaje si\u0119 by\u0107 mocn\u0105 stron\u0105 tej pozycji.\u201d<\/em><\/p>\r\n<p>A wi\u0119c mimo, \u017ce pisa\u0142 by\u0142y dzia\u0142acz opozycji, to pope\u0142ni\u0142 on rzecz \u201epowa\u017cn\u0105\u201d. Cud prawdziwy. Zw\u0142aszcza,\u00a0 \u017ce (pisze Artur G\u00f3recki): &#8222;<em>Zabrak\u0142o &#8230; w omawianej ksi\u0105\u017cce r\u00f3wnie\u017c wyra\u017aniejszego ustosunkowania si\u0119 autora do tez tych historyk\u00f3w, kt\u00f3rzy dopatruj\u0105 si\u0119 w prze\u0142omie 1989 r. inspiracji s\u0142u\u017cb specjalnych. Zdaj\u0119 sobie spraw\u0119, jak \u201egrz\u0105ski\u201d to grunt, ale historyk nie mo\u017ce od tego uciec<\/em>.&#8221; Jak wida\u0107 mo\u017ce!<\/p>\r\n<p>&#8230;&#8230;&#8230;&#8230;&#8230;&#8230;&#8230;&#8230;&#8230;&#8230;&#8230;&#8230;..\u00a0<\/p>\r\n<p>Je\u015bli histori\u0105 ma by\u0107 \u201enauczycielk\u0105 \u017cycia\u201d, to jej kneblowanie, co wida\u0107 w programach szkolnych z kurcz\u0105cymi si\u0119 lekcjami historii, lub wypaczanie, jak to robi\u0105 apologeci obecnego re\u017cimu, \u017ale rokuje na przysz\u0142o\u015b\u0107.<\/p>\r\n<p>C\u00f3\u017c jednak m\u00f3wi\u0107 o m\u0142odzie\u017cy, gdy tak\u017ce starsi nie chc\u0105 lub nie umiej\u0105 dotrze\u0107 do prawdy i wykazuj\u0105 coraz cz\u0119\u015bciej braki w wiedzy na tematy podstawowe. Polacy coraz gorzej znaj\u0105 histori\u0119 Polski, w tym zw\u0142aszcza histori\u0119 najnowsz\u0105. Je\u015bli za\u015b nie b\u0119d\u0105 jej znali, nie tylko wielkich dokona\u0144 przodk\u00f3w, ale tak\u017ce pope\u0142nionych w przesz\u0142o\u015bci b\u0142\u0119d\u00f3w, to jak unikn\u0105 nast\u0119pnych?\u00a0<\/p>\r\n<p>Mistrz Jan z Czarnolasu dawno temu pisa\u0142:<\/p>\r\n<p><em>Cieszy mnie ten rym: &#8222;Polak m\u0105dry po szkodzie&#8221;;<\/em><br \/> <em>Lecz je\u015bli prawda i z tego nas zbodzie,<\/em><br \/> <em>Now\u0105 przypowie\u015b\u0107 Polak sobie kupi,<\/em><br \/> <em>\u0179e i przed szkod\u0105 i po szkodzie g\u0142upi.<\/em><\/p>\r\n<p><strong><em>Romuald Szeremietiew<\/em><\/strong><\/p>","protected":false},"excerpt":{"rendered":"Nar\u00f3d, kt\u00f3ry zapomina o w\u0142asnej przesz\u0142o\u015bci jest skazany na prze\u017cycie jej jeszcze raz George Santayana Publikuj\u0105c r\u00f3\u017cne teksty kilka [razy] wspomnia\u0142em, \u017ce grzechem pierworodnym obecnej Polski jest ugoda zawarta z upadaj\u0105cym re\u017cimem PRL przez lidera \u201eSolidarno\u015bci\u201d Wa\u0142\u0119s\u0119 i wspieraj\u0105c\u0105 go tzw. opozycj\u0119 konstruktywn\u0105. Spotka\u0142y mnie zaraz zarzuty, \u017ce i ja jestem winien bowiem nale\u017ca\u0142em do [&hellip;]","protected":false},"author":1,"featured_media":0,"comment_status":"closed","ping_status":"closed","sticky":false,"template":"","format":"standard","meta":{"_acf_changed":false,"_monsterinsights_skip_tracking":false,"_monsterinsights_sitenote_active":false,"_monsterinsights_sitenote_note":"","_monsterinsights_sitenote_category":0,"ngg_post_thumbnail":0,"footnotes":"","_wp_rev_ctl_limit":""},"categories":[9],"tags":[92,81,87],"acf":[],"_links":{"self":[{"href":"https:\/\/www.bibula.com\/index.php?rest_route=\/wp\/v2\/posts\/51979"}],"collection":[{"href":"https:\/\/www.bibula.com\/index.php?rest_route=\/wp\/v2\/posts"}],"about":[{"href":"https:\/\/www.bibula.com\/index.php?rest_route=\/wp\/v2\/types\/post"}],"author":[{"embeddable":true,"href":"https:\/\/www.bibula.com\/index.php?rest_route=\/wp\/v2\/users\/1"}],"replies":[{"embeddable":true,"href":"https:\/\/www.bibula.com\/index.php?rest_route=%2Fwp%2Fv2%2Fcomments&post=51979"}],"version-history":[{"count":0,"href":"https:\/\/www.bibula.com\/index.php?rest_route=\/wp\/v2\/posts\/51979\/revisions"}],"wp:attachment":[{"href":"https:\/\/www.bibula.com\/index.php?rest_route=%2Fwp%2Fv2%2Fmedia&parent=51979"}],"wp:term":[{"taxonomy":"category","embeddable":true,"href":"https:\/\/www.bibula.com\/index.php?rest_route=%2Fwp%2Fv2%2Fcategories&post=51979"},{"taxonomy":"post_tag","embeddable":true,"href":"https:\/\/www.bibula.com\/index.php?rest_route=%2Fwp%2Fv2%2Ftags&post=51979"}],"curies":[{"name":"wp","href":"https:\/\/api.w.org\/{rel}","templated":true}]}}