{"id":51974,"date":"2012-02-16T10:39:57","date_gmt":"2012-02-16T15:39:57","guid":{"rendered":"http:\/\/www.bibula.com\/?p=51974"},"modified":"2012-02-16T10:39:57","modified_gmt":"2012-02-16T15:39:57","slug":"nazwal-tuska-%e2%80%9ccwokiem-i-prostakiem%e2%80%9d-jest-wyrok","status":"publish","type":"post","link":"https:\/\/www.bibula.com\/?p=51974","title":{"rendered":"Nazwa\u0142 Tuska &#8222;\u0107wokiem i prostakiem&#8221;. Jest wyrok"},"content":{"rendered":"<p><strong>Wyrok o\u015bmiu miesi\u0119cy ograniczenia wolno\u015bci orzeczony przez kielecki s\u0105d wobec kibica jest ju\u017c prawomocny. M\u0119\u017cczyzna by\u0142 oskar\u017cony o publiczne zniewa\u017cenie grupy ludzi z powodu przynale\u017cno\u015bci rasowej oraz publiczne zniewa\u017cenie premiera w pisemku kibic\u00f3w Korony. Premiera Donalda Tuska mia\u0142 nazwa\u0107 &#8222;\u0107wokiem i prostakiem\u201d.<\/strong><\/p>\r\n<p>S\u0105d Okr\u0119gowy w Kielcach odrzuci\u0142 w czwartek apelacj\u0119 obrony od wyroku s\u0105du pierwszej instancji, uznaj\u0105c j\u0105 za bezzasadn\u0105. Przewodnicz\u0105ca sk\u0142adu orzekaj\u0105cego Alina Bojara podkre\u015bli\u0142a, \u017ce oskar\u017cony nie dzia\u0142a\u0142 pod wp\u0142ywem emocji, ale z zamiarem przemy\u015blanym, a swoje artyku\u0142y kierowa\u0142 do os\u00f3b podatnych na takie pogl\u0105dy. Stopie\u0144 spo\u0142ecznej szkodliwo\u015bci jego czynu oceni\u0142a jako znaczny.<\/p>\r\n<p>S\u0105d Rejonowy w Kielcach we wrze\u015bniu orzek\u0142 wobec oskar\u017conego &#8211; 22-letniego studenta Katolickiego Uniwersytetu Lubelskiego &#8211; kar\u0119 \u0142\u0105czn\u0105 o\u015bmiu miesi\u0119cy pozbawienia wolno\u015bci z obowi\u0105zkiem wykonywania nieodp\u0142atnej, kontrolowanej pracy na cele spo\u0142eczne w wymiarze 24 godzin w miesi\u0105cu. Obrona wnios\u0142a o uchylenie wyroku i warunkowe umorzenie post\u0119powania.<\/p>\r\n<p>W procesie chodzi o felietony w pisemku Stowarzyszenia Kibic\u00f3w Korony Kielce &#8222;Z\u0142ocisto Krwi\u015bci\u201d, zatytu\u0142owane &#8222;Czarny rasizm\u201d i &#8222;Moja mowa nienawi\u015bci\u201d. Autor nazywa\u0142 imigrant\u00f3w m.in. &#8222;kolorowymi osobnikami\u201d, a premiera &#8211; &#8222;\u0107wokiem i prostakiem\u201d.<\/p>\r\n<p><em><a href=\"http:\/\/wiadomosci.onet.pl\/regionalne\/kielce\/nazwal-tuska-cwokiem-i-prostakiem-jest-wyrok,1,5028757,region-wiadomosc.html\">http:\/\/wiadomosci.onet.pl\/<\/a><\/em><\/p>\r\n<blockquote>\r\n<p>[<strong>Komentarz Dziennik gajowego Maruchy<\/strong>:]A my\u015bmy my\u015bleli, \u017ce to tylko na Bia\u0142orusi (gdzie, jak ka\u017cdy wie, \u0141ukaszenko, dyktatura, brak demokracji, zamordyzm itd) i w Rosji (wiadomo, KGB, Putin, brak demokracji, dyktatura itd.) karze si\u0119 za obraz\u0119 w\u0142adzy. Mo\u017cliwe jednak jest, i\u017c studenta skazano nie za obraz\u0119, ale za ujawnienie tajemnicy pa\u0144stwowej. Poza tym, je\u015bli kto\u015b nie wie, \u017ce &#8222;kolorowi osobnicy\u201d jest okre\u015bleniem obra\u017aliwym, to sam sobie jest winien. &#8211; admin.<\/p>\r\n<\/blockquote>","protected":false},"excerpt":{"rendered":"Wyrok o\u015bmiu miesi\u0119cy ograniczenia wolno\u015bci orzeczony przez kielecki s\u0105d wobec kibica jest ju\u017c prawomocny. M\u0119\u017cczyzna by\u0142 oskar\u017cony o publiczne zniewa\u017cenie grupy ludzi z powodu przynale\u017cno\u015bci rasowej oraz publiczne zniewa\u017cenie premiera w pisemku kibic\u00f3w Korony. Premiera Donalda Tuska mia\u0142 nazwa\u0107 &#8222;\u0107wokiem i prostakiem\u201d. S\u0105d Okr\u0119gowy w Kielcach odrzuci\u0142 w czwartek apelacj\u0119 obrony od wyroku s\u0105du pierwszej [&hellip;]","protected":false},"author":1,"featured_media":0,"comment_status":"closed","ping_status":"closed","sticky":false,"template":"","format":"standard","meta":{"_acf_changed":false,"_monsterinsights_skip_tracking":false,"_monsterinsights_sitenote_active":false,"_monsterinsights_sitenote_note":"","_monsterinsights_sitenote_category":0,"ngg_post_thumbnail":0,"footnotes":"","_wp_rev_ctl_limit":""},"categories":[8],"tags":[16,92],"acf":[],"_links":{"self":[{"href":"https:\/\/www.bibula.com\/index.php?rest_route=\/wp\/v2\/posts\/51974"}],"collection":[{"href":"https:\/\/www.bibula.com\/index.php?rest_route=\/wp\/v2\/posts"}],"about":[{"href":"https:\/\/www.bibula.com\/index.php?rest_route=\/wp\/v2\/types\/post"}],"author":[{"embeddable":true,"href":"https:\/\/www.bibula.com\/index.php?rest_route=\/wp\/v2\/users\/1"}],"replies":[{"embeddable":true,"href":"https:\/\/www.bibula.com\/index.php?rest_route=%2Fwp%2Fv2%2Fcomments&post=51974"}],"version-history":[{"count":0,"href":"https:\/\/www.bibula.com\/index.php?rest_route=\/wp\/v2\/posts\/51974\/revisions"}],"wp:attachment":[{"href":"https:\/\/www.bibula.com\/index.php?rest_route=%2Fwp%2Fv2%2Fmedia&parent=51974"}],"wp:term":[{"taxonomy":"category","embeddable":true,"href":"https:\/\/www.bibula.com\/index.php?rest_route=%2Fwp%2Fv2%2Fcategories&post=51974"},{"taxonomy":"post_tag","embeddable":true,"href":"https:\/\/www.bibula.com\/index.php?rest_route=%2Fwp%2Fv2%2Ftags&post=51974"}],"curies":[{"name":"wp","href":"https:\/\/api.w.org\/{rel}","templated":true}]}}