{"id":51922,"date":"2012-02-14T23:52:32","date_gmt":"2012-02-15T04:52:32","guid":{"rendered":"http:\/\/www.bibula.com\/?p=51922"},"modified":"2012-02-14T23:52:32","modified_gmt":"2012-02-15T04:52:32","slug":"pakt-monachijski-stanislaw-michalkiewicz","status":"publish","type":"post","link":"https:\/\/www.bibula.com\/?p=51922","title":{"rendered":"Pakt monachijski &#8211; <em>Stanis\u0142aw Michalkiewicz<\/em>"},"content":{"rendered":"<p>Zatroskany o sw\u00f3j wizerunek premier Tusk organizuje potiemkinowskie \u201e<em>konsultacje<\/em>\u201d z internautami i \u201e<em>lud\u017ami cha\u0142tu&#8230;<\/em>\u201d, to znaczy pardon &#8211; oczywi\u015bcie \u201e<em>lud\u017ami kultury<\/em>\u201d, podczas gdy bezpieczniackie watahy wodz\u0105 si\u0119 za \u0142by w nadziei uzyskania lepszego dost\u0119pu do \u017cerowiska. Przypadkowo chyba trafi\u0142y w dziesi\u0105tk\u0119, bo je\u015bli nie one &#8211; to kto i je\u015bli nie tera &#8211; to kiedy? A w\u0142a\u015bnie teraz nasta\u0142a chwila dziwnie osobliwa &#8211; czego wymownym \u015bwiadectwem sta\u0142a si\u0119 Monachijska Konferencja Bezpiecze\u0144stwa, jaka odby\u0142a si\u0119 w dniach 3 &#8211; 5 lutego. Jak zauwa\u017cy\u0142 kiedy\u015b Stanis\u0142aw Bara\u0144czak, s\u0142owo \u201e<em>bezpiecze\u0144stwo<\/em>\u201d wywo\u0142uje w dzisiejszych czasach dreszcz zgrozy i ju\u017c cho\u0107by z tego wzgl\u0119du warto temu wydarzeniu po\u015bwi\u0119ci\u0107 nieco uwagi. Wprawdzie rzecz nie jest nowa, bo takie konferencje organizowane s\u0105 od 1962 roku &#8211; ale konferencja tegoroczna zas\u0142uguje na szczeg\u00f3ln\u0105 uwag\u0119 i to z kilku powod\u00f3w.<\/p>\r\n<p>Po pierwsze &#8211; w\u0142a\u015bnie Stany Zjednoczone zapowiedzia\u0142y wycofanie z Europy, to znaczy &#8211; z Niemiec &#8211; dw\u00f3ch brygad wojska &#8211; co oznacza redukcj\u0119 ameryka\u0144skiej obecno\u015bci wojskowej w Europie a\u017c o 50 procent. Nasza Z\u0142ota Pani Aniela pochwali\u0142a Stany Zjednoczone za ten \u201e<em>rozs\u0105dny krok<\/em>\u201d, za\u015b niemiecki minister spraw zagranicznych Guido Westerwelle poszed\u0142 za ciosem i zaapelowa\u0142 o zwi\u0119kszenie wysi\u0142k\u00f3w dla wypracowania wsp\u00f3lnej polityki bezpiecze\u0144stwa Unii Europejskiej, kt\u00f3rej fundamentem powinno by\u0107 m.in. zwi\u0119kszenie wsp\u00f3\u0142pracy NATO z Rosj\u0105. Wida\u0107 wyra\u017anie, \u017ce natura nie znosi pr\u00f3\u017cni i redukcji wojskowej obecno\u015bci USA w Europie towarzyszy zacie\u015bnianie strategicznego partnerstwa rosyjsko-niemieckiego, jako fundamentu europejskiej polityki. Jest to zbie\u017cne z ustaleniami szczytu w Deauville, jaki odby\u0142 si\u0119 w pa\u017adzierniku 2010 roku z udzia\u0142em Naszej Z\u0142otej Pani Anieli, jej francuskiego kolaboranta Miko\u0142aja Sarkozy\u2019ego oraz rosyjskiego prezydenta Miedwiediewa. Jak wiadomo, nie podejmowano tam \u201e<em>\u017cadnych decyzji<\/em>\u201d, tylko tak sobie gaw\u0119dzono o osi Pary\u017c-Berlin-Moskwa. I s\u0142owo sta\u0142o si\u0119 cia\u0142em &#8211; bo miesi\u0105c p\u00f3\u017aniej, na szczycie NATO w Lizbonie, ju\u017c oficjalnie proklamowane zosta\u0142o strategiczne partnerstwo NATO-Rosja.<\/p>\r\n<p>Jak melancholijnie zauwa\u017cy\u0142 prezydent Komorowski &#8211; \u201e<em>trudno czerpa\u0107 satysfakcj\u0119 z zapowiedzi g\u0142\u0119bokich zmian akcent\u00f3w polityki ameryka\u0144skiej<\/em>\u201d, ale zaraz si\u0119 z melancholii otrz\u0105sn\u0105\u0142, czy te\u017c &#8211; zosta\u0142 otrz\u0105\u015bni\u0119ty i natychmiast zacz\u0105\u0142 my\u015ble\u0107 pozytywnie, przypominaj\u0105c, \u017ce Polska zaproponowa\u0142a ju\u017c wcze\u015bniej utworzenie sta\u0142ego dow\u00f3dztwa operacyjnego w ramach Wsp\u00f3lnej Polityki Bezpiecze\u0144stwa i Obrony. Oznacza to &#8211; po drugie -zapowied\u017a tworzenia armii Unii Europejskiej, niezale\u017cnej od si\u0142 zbrojnych poszczeg\u00f3lnych kraj\u00f3w cz\u0142onkowskich, kt\u00f3ra w ramach strategicznego partnerstwa wype\u0142ni i z nadwy\u017ck\u0105 zape\u0142ni pr\u00f3\u017cni\u0119 wytwarzan\u0105 wskutek redukcji ameryka\u0144skiej obecno\u015bci wojskowej w Europie. Wprawdzie minister Sikorski, kt\u00f3ry najwyra\u017aniej ju\u017c widzi si\u0119 w roli europejskiego konsyliarza, dobrze radzi\u0142 Niemcom, by nie by\u0142y \u201e<em>hegemonem<\/em>\u201d tylko \u201e<em>najwi\u0119kszym udzia\u0142owcem<\/em>\u201d- ale wydaje si\u0119 \u017ce niezale\u017cnie od warto\u015bci tych rad, Niemcy wszystko zrobi\u0105 po swojemu.<\/p>\r\n<p>Warto przy tym przypomnie\u0107, \u017ce po rozwi\u0105zaniu Zwi\u0105zku Sowieckiego i przyspieszeniu integracji europejskiej, zar\u00f3wno Niemcy, jak i Francja, forsuj\u0105 \u201e<em>europeizacj\u0119 Europy<\/em>\u201d, wyra\u017caj\u0105c\u0105 si\u0119 m. in. w stopniowym, cierpliwym i metodycznym wypychaniu Stan\u00f3w Zjednoczonych z Europy. Nietrudno si\u0119 domy\u015bli\u0107, i\u017c ostatecznym rezultatem ma by\u0107 pe\u0142na emancypacja Cesarstwa Europejskiego z Niemcami jako politycznym kierownikiem &#8211; nie wiadomo jeszcze, czy w postaci \u201e<em>hegemona<\/em>\u201d, czy te\u017c \u201e<em>najwi\u0119kszego udzia\u0142owca<\/em>\u201d &#8211; a niezb\u0119dnym jej sk\u0142adnikiem jest &#8211; jak mo\u017cna si\u0119 domy\u015bli\u0107 &#8211; wyprowadzenie Bundeswehry spod ameryka\u0144skiej kurateli, kt\u00f3rej narz\u0119dziem jest NATO. Rozwadnianie NATO strategicznym partnerstwem i \u201e<em>zacie\u015bnianiem wsp\u00f3\u0142pracy<\/em>\u201d z Rosj\u0105 znakomicie temu celowi sprzyja. Wprawdzie za administracji prezydenta Busha, kt\u00f3ra przy pomocy \u015brodkowo i wschodnioeuropejskich dywersant\u00f3w pr\u00f3bowa\u0142a wznieca\u0107 zarzewie konfliktu mi\u0119dzy Cesarstwem Europejskim i Rosyjskim, proces ten by\u0142 nieco hamowany, ale zielone \u015bwiat\u0142o w postaci deklaracji prezydenta Obamy z 17 wrze\u015bnia 2009 roku najwyra\u017aniej go przy\u015bpieszy\u0142o.<\/p>\r\n<p>Warto zwr\u00f3ci\u0107 uwag\u0119, \u017ce o potrzebie utworzenia armii unijnej wypowiada\u0142 si\u0119 w rozmowie z Nasz\u0105 Z\u0142ot\u0105 Pani\u0105 r\u00f3wnie\u017c Jaros\u0142aw Kaczy\u0144ski, wi\u0119c na pewno jest to ca\u0142kowicie zgodne z najlepiej pojmowanym polskim interesem narodowym &#8211; chocia\u017c z drugiej strony niepodobna nie zauwa\u017cy\u0107, i\u017c taka unijna armia oznacza kolejny krok w kierunku zmniejszenia suwerenno\u015bci Polski, a w pewnych okoliczno\u015bciach mo\u017ce nawet sta\u0107 si\u0119 narz\u0119dziem dyscyplinowania naszego mniej warto\u015bciowego narodu tubylczego. Inna rzecz, \u017ce co najmniej po\u0142owa naszego mniej warto\u015bciowego narodu tubylczego lubi by\u0107 dyscyplinowana &#8211; o czym \u015bwiadczy pozytywna ocena stanu wojennego i genera\u0142a Jaruzelskiego, chocia\u017c &#8211; jak to wynika z dokument\u00f3w Komitetu Obrony Kraju &#8211; w\u015br\u00f3d 16 stron dokumentacji plan\u00f3w stanu wojennego, jaki strona sowiecka przekaza\u0142a premierowi-genera\u0142owi w ramach uzupe\u0142nienia ramowego planu z roku 1962 &#8211; by\u0142y r\u00f3wnie\u017c warianty przewiduj\u0105ce w razie oporu blokowanie i masakrowanie ca\u0142ych miast m.in. w drodze ich bombardowania.<\/p>\r\n<p>Ale to jest oczywi\u015bcie ostateczno\u015b\u0107, kt\u00f3r\u0105 \u201e<em>linia porozumienia i walki<\/em>\u201d musi uwzgl\u0119dnia\u0107 &#8211; chocia\u017c oczywi\u015bcie lepsze s\u0105 metody bardziej humanitarne i nie powoduj\u0105ce zniszcze\u0144 w maj\u0105tku trwa\u0142ym. Zwr\u00f3ci\u0142a na to uwag\u0119 Caryca Leonida perswaduj\u0105c marsza\u0142kowi Greczce: \u201e<em>Niszczy\u0107 sw\u0105 zdobycz? Kakij smys\u0142?!<\/em>\u201d &#8211; wi\u0119c &#8211; po trzecie &#8211; na okoliczno\u015b\u0107 przyspieszenia biegu wypadk\u00f3w ambasadorem RFN w Warszawie zosta\u0142 w lipcu 2010 roku Jego Ekscelencja Rudiger Freiherr von Fritsch, kt\u00f3ry w roku 1986 by\u0142 w niemieckiej ambasadzie w Warszawie referentem ds. politycznych i w tym charakterze \u201e<em>utrzymywa\u0142 kontakty z opozycj\u0105 demokratyczn\u0105<\/em>\u201d, ca\u0142y czas awansowa\u0142 i w roku 2004 zosta\u0142 zast\u0119pc\u0105 szefa Federalnej Agencji Wywiadu. Powr\u00f3t tak wysokiego funkcjonariusza niemieckiej razwiedki w charakterze ambasadora do Warszawy dowodzi nie tylko wagi zada\u0144, jakie przyjdzie mu wykona\u0107, ale by\u0107 mo\u017ce r\u00f3wnie\u017c &#8211; wagi kontakt\u00f3w nawi\u0105zanych w roku 1986 z \u00f3wczesnymi dzia\u0142aczami opozycji demokratycznej, kt\u00f3rzy w mi\u0119dzyczasie te\u017c pewnie awansowali.<\/p>\r\n<p><strong><em>Stanis\u0142aw Michalkiewicz<\/em><\/strong><\/p>\r\n<p>Felieton \u00a0<strong>\u2022<\/strong>\u00a0 tygodnik \u201eNasza Polska\u201d \u00a0<strong>\u2022<\/strong>\u00a0 14 lutego 2012<\/p>\r\n<p><em>Sta\u0142y komentarz Stanis\u0142awa Michalkiewicza ukazuje si\u0119 w ka\u017cdym numerze tygodnika \u201eNasza Polska\u201d.<\/em><\/p>","protected":false},"excerpt":{"rendered":"Zatroskany o sw\u00f3j wizerunek premier Tusk organizuje potiemkinowskie \u201ekonsultacje\u201d z internautami i \u201elud\u017ami cha\u0142tu&#8230;\u201d, to znaczy pardon &#8211; oczywi\u015bcie \u201elud\u017ami kultury\u201d, podczas gdy bezpieczniackie watahy wodz\u0105 si\u0119 za \u0142by w nadziei uzyskania lepszego dost\u0119pu do \u017cerowiska. Przypadkowo chyba trafi\u0142y w dziesi\u0105tk\u0119, bo je\u015bli nie one &#8211; to kto i je\u015bli nie tera &#8211; to kiedy? [&hellip;]","protected":false},"author":1,"featured_media":0,"comment_status":"closed","ping_status":"closed","sticky":false,"template":"","format":"standard","meta":{"_acf_changed":false,"_monsterinsights_skip_tracking":false,"_monsterinsights_sitenote_active":false,"_monsterinsights_sitenote_note":"","_monsterinsights_sitenote_category":0,"ngg_post_thumbnail":0,"footnotes":"","_wp_rev_ctl_limit":""},"categories":[9],"tags":[166,23,92,84,144,34,221],"acf":[],"_links":{"self":[{"href":"https:\/\/www.bibula.com\/index.php?rest_route=\/wp\/v2\/posts\/51922"}],"collection":[{"href":"https:\/\/www.bibula.com\/index.php?rest_route=\/wp\/v2\/posts"}],"about":[{"href":"https:\/\/www.bibula.com\/index.php?rest_route=\/wp\/v2\/types\/post"}],"author":[{"embeddable":true,"href":"https:\/\/www.bibula.com\/index.php?rest_route=\/wp\/v2\/users\/1"}],"replies":[{"embeddable":true,"href":"https:\/\/www.bibula.com\/index.php?rest_route=%2Fwp%2Fv2%2Fcomments&post=51922"}],"version-history":[{"count":0,"href":"https:\/\/www.bibula.com\/index.php?rest_route=\/wp\/v2\/posts\/51922\/revisions"}],"wp:attachment":[{"href":"https:\/\/www.bibula.com\/index.php?rest_route=%2Fwp%2Fv2%2Fmedia&parent=51922"}],"wp:term":[{"taxonomy":"category","embeddable":true,"href":"https:\/\/www.bibula.com\/index.php?rest_route=%2Fwp%2Fv2%2Fcategories&post=51922"},{"taxonomy":"post_tag","embeddable":true,"href":"https:\/\/www.bibula.com\/index.php?rest_route=%2Fwp%2Fv2%2Ftags&post=51922"}],"curies":[{"name":"wp","href":"https:\/\/api.w.org\/{rel}","templated":true}]}}