{"id":51920,"date":"2012-02-14T23:41:00","date_gmt":"2012-02-15T04:41:00","guid":{"rendered":"http:\/\/www.bibula.com\/?p=51920"},"modified":"2012-02-14T23:41:00","modified_gmt":"2012-02-15T04:41:00","slug":"walentynki-zamiast-holdu-ak","status":"publish","type":"post","link":"https:\/\/www.bibula.com\/?p=51920","title":{"rendered":"Walentynki zamiast ho\u0142du AK"},"content":{"rendered":"<p><strong>Nadmiar walentynkowej papki wylewaj\u0105cej si\u0119 z medi\u00f3w przeni\u00f3s\u0142 si\u0119 ju\u017c niemal na wszystkie p\u0142aszczyzny \u017cycia. Walentynki sta\u0142y si\u0119 te\u017c pot\u0119\u017cn\u0105 inspiracj\u0105 dla prezydenta Komorowskiego, kt\u00f3ry zorganizowa\u0142 dzi\u015b z tej okazji specjaln\u0105 uroczysto\u015b\u0107 w Belwederze. <\/strong><\/p>\r\n<div>Mi\u0142o\u015b\u0107 nie zna granic i jest najpi\u0119kniejsz\u0105 form\u0105 odnajdywania miejsca w nowej ojczy\u017anie &#8211; powiedzia\u0142 prezydent <strong>Komorowski<\/strong>, podczas odbywaj\u0105cej si\u0119 w dzie\u0144 \u015bw. Walentego uroczysto\u015bci wr\u0119czenia za\u015bwiadcze\u0144 o nadaniu obywatelstwa polskiego<br \/> <br \/> Oto g\u0142\u00f3wna informacja dnia, jak\u0105 zamieszcza dzi\u015b na swojej stronie internetowej prezydent RP. O wadze tego wyj\u0105tkowego, walentynkowego \u015bwi\u0119ta rozprawia\u0142 kwieci\u015bcie podczas belwederskich uroczysto\u015bci.<br \/> <br \/> Wr\u0119czanie obywatelstwa polskiego w dniu <strong>\u015bw. Walentego<\/strong> nie jest przypadkiem. Tak postanowili\u015bmy pokaza\u0107 jedn\u0105 z dr\u00f3g wiod\u0105cych do Polski. Generalnie mi\u0142o\u015b\u0107 nie zna granic i to bardzo dobrze, ale granice s\u0105 faktem. My\u015bl\u0119, \u017ce najpi\u0119kniejsz\u0105 form\u0105 przekraczania granic i odnajdywania swojego miejsca w nowej ojczy\u017anie jest droga poprzez uczucie, poprzez zwi\u0105zek, poprzez ma\u0142\u017ce\u0144stwo.<br \/> <br \/> Zdumiewaj\u0105ce, \u017ce prezydentowi Rzeczpospolitej i historykowi w jednym, dzisiejsza data kojarzy si\u0119 jedynie z plastikowym, ameryka\u0144skim pseudo\u015bwi\u0119tem. Infantylny przekaz o bezgranicznej mi\u0142o\u015bci, kt\u00f3ra ma pozwoli\u0107 na odnalezienie w\u0142asnego miejsca w nowej ojczy\u017anie, jego samego do tej ojczyzny chyba jednak zbli\u017cy\u0107 nie zdo\u0142a\u0142a.<br \/> <br \/> O 70. rocznicy powstania Armii Krajowej, najwi\u0119kszej podziemnej armii w historii, prezydent nawet si\u0119 nie zaj\u0105kn\u0105\u0142. Nie pojawi\u0142 si\u0119 te\u017c na sto\u0142ecznych uroczysto\u015bciach przed Grobem Nieznanego \u0179o\u0142nierza, gdzie zebrali si\u0119 mieszka\u0144cy Warszawy i cz\u0142onkowie organizacji kombatanckich. Nie znalaz\u0142 czasu, by odda\u0107 cze\u015b\u0107 bohaterom, by z\u0142o\u017cy\u0107 <strong>ho\u0142d<\/strong> perle w koronie polskiej historii.<br \/> <br \/> Nie wspomnia\u0142 poleg\u0142ych na froncie, wywiezionych na zsy\u0142k\u0119, maltretowanych w sowieckich wi\u0119zieniach i przetrzymywanych w PRL-owskich karcerach setkach tysi\u0119cy bohater\u00f3w, kt\u00f3rym strach, b\u00f3l, cierpienie a nawet \u015bmier\u0107 nie odebra\u0142y odwagi w walce o wolno\u015b\u0107 Polski.<br \/> <br \/> W zamian za pami\u0119\u0107 o bohaterach, prezydent w\u0142\u0105cza rosyjski reset, zapala na parapecie \u015bwieczki w rocznic\u0119 wybuchu stanu wojennego i ho\u0142duje kosmopolitycznym pseudo\u015bwi\u0119tom. Dat\u0119 14 lutego 1942 r. wymaza\u0142 z prezydenckiego kalendarza.<br \/> <br \/> Polacy jednak nie zapomnieli. W wielu miastach spotkali si\u0119 na rocznicowych uroczysto\u015bciach. Po Mszach \u015bw. w intencji poleg\u0142ych \u017co\u0142nierzy <strong>AK<\/strong>, sk\u0142adali wie\u0144ce i zapalali znicze na ich symbolicznych grobach w wielu miastach Polski.<br \/> <br \/> Si\u0142a Polski trwa\u0107 b\u0119dzie tak d\u0142ugo, jak d\u0142ugo trwa\u0107 b\u0119dzie w naszych sercach pami\u0119\u0107 o bohaterach. Dop\u00f3ki piel\u0119gnowa\u0107 b\u0119dziemy narodow\u0105 to\u017csamo\u015b\u0107 mamy szans\u0119 na prawdziw\u0105, niezm\u0105con\u0105 kompleksami wolno\u015b\u0107. Prawdziwa suwerenno\u015b\u0107 cz\u0142owieka wyra\u017ca si\u0119 w g\u0142\u0119bokim i \u015bwiadomym spojrzeniu na histori\u0119 w\u0142asnego narodu. Kompleksy, kt\u00f3re powstrzymuj\u0105 cz\u0142owieka przed spojrzeniem wstecz, zawsze b\u0119d\u0105 go hamowa\u0142y przed wspi\u0119ciem si\u0119 wzwy\u017c.<br \/> <br \/> Sp\u00f3jrzmy wi\u0119c dzi\u015b na te tysi\u0105ce \u017co\u0142nierzy, dla kt\u00f3rych wolno\u015b\u0107 ojczyzny by\u0142a prawdziwym wyzwaniem, cenniejszym ni\u017c w\u0142asne \u017cycie; kt\u00f3rzy do ostatnich chwil byli wierni z\u0142o\u017conej przysi\u0119dze:<br \/> <br \/> <em>W obliczu Boga Wszechmog\u0105cego i Naj\u015bwi\u0119tszej Maryi Panny, Kr\u00f3lowej Korony Polskiej k\u0142ad\u0119 swe r\u0119ce na ten \u015awi\u0119ty Krzy\u017c, znak M\u0119ki i Zbawienia, i przysi\u0119gam by\u0107 wiernym Ojczy\u017anie mej, Rzeczypospolitej Polskiej, sta\u0107 nieugi\u0119cie na stra\u017cy jej honoru i o wyzwolenie Jej z niewoli walczy\u0107 ze wszystkich si\u0142 &#8211; a\u017c do ofiary \u017cycia mego.<\/em><br \/> <br \/> Prezydentowi Rzeczypospolitej Polskiej i rozkazom Naczelnego Wodza oraz wyznaczonemu przeze\u0144 Dow\u00f3dcy Armii Krajowej b\u0119d\u0119 bezwzgl\u0119dnie pos\u0142uszny, a tajemnicy niez\u0142omnie dochowam, cokolwiek by mnie spotka\u0107 mia\u0142o. Tak mi dopom\u00f3\u017c B\u00f3g.<br \/> <br \/> Chwa\u0142a bohaterom!<br \/>\r\n<p><strong><em>Marzena Nykiel<\/em><\/strong><\/p>\r\n<p>wPolityce.pl<\/p>\r\n<\/div>","protected":false},"excerpt":{"rendered":"Nadmiar walentynkowej papki wylewaj\u0105cej si\u0119 z medi\u00f3w przeni\u00f3s\u0142 si\u0119 ju\u017c niemal na wszystkie p\u0142aszczyzny \u017cycia. Walentynki sta\u0142y si\u0119 te\u017c pot\u0119\u017cn\u0105 inspiracj\u0105 dla prezydenta Komorowskiego, kt\u00f3ry zorganizowa\u0142 dzi\u015b z tej okazji specjaln\u0105 uroczysto\u015b\u0107 w Belwederze. Mi\u0142o\u015b\u0107 nie zna granic i jest najpi\u0119kniejsz\u0105 form\u0105 odnajdywania miejsca w nowej ojczy\u017anie &#8211; powiedzia\u0142 prezydent Komorowski, podczas odbywaj\u0105cej si\u0119 w [&hellip;]","protected":false},"author":1,"featured_media":0,"comment_status":"closed","ping_status":"closed","sticky":false,"template":"","format":"standard","meta":{"_acf_changed":false,"_monsterinsights_skip_tracking":false,"_monsterinsights_sitenote_active":false,"_monsterinsights_sitenote_note":"","_monsterinsights_sitenote_category":0,"ngg_post_thumbnail":0,"footnotes":"","_wp_rev_ctl_limit":""},"categories":[8],"tags":[92,144],"acf":[],"_links":{"self":[{"href":"https:\/\/www.bibula.com\/index.php?rest_route=\/wp\/v2\/posts\/51920"}],"collection":[{"href":"https:\/\/www.bibula.com\/index.php?rest_route=\/wp\/v2\/posts"}],"about":[{"href":"https:\/\/www.bibula.com\/index.php?rest_route=\/wp\/v2\/types\/post"}],"author":[{"embeddable":true,"href":"https:\/\/www.bibula.com\/index.php?rest_route=\/wp\/v2\/users\/1"}],"replies":[{"embeddable":true,"href":"https:\/\/www.bibula.com\/index.php?rest_route=%2Fwp%2Fv2%2Fcomments&post=51920"}],"version-history":[{"count":0,"href":"https:\/\/www.bibula.com\/index.php?rest_route=\/wp\/v2\/posts\/51920\/revisions"}],"wp:attachment":[{"href":"https:\/\/www.bibula.com\/index.php?rest_route=%2Fwp%2Fv2%2Fmedia&parent=51920"}],"wp:term":[{"taxonomy":"category","embeddable":true,"href":"https:\/\/www.bibula.com\/index.php?rest_route=%2Fwp%2Fv2%2Fcategories&post=51920"},{"taxonomy":"post_tag","embeddable":true,"href":"https:\/\/www.bibula.com\/index.php?rest_route=%2Fwp%2Fv2%2Ftags&post=51920"}],"curies":[{"name":"wp","href":"https:\/\/api.w.org\/{rel}","templated":true}]}}