{"id":51883,"date":"2012-02-14T13:53:27","date_gmt":"2012-02-14T18:53:27","guid":{"rendered":"http:\/\/www.bibula.com\/?p=51883"},"modified":"2012-02-14T13:53:27","modified_gmt":"2012-02-14T18:53:27","slug":"kryzys-kontrolowany-rozmowa-z-grzegorzem-braunem","status":"publish","type":"post","link":"https:\/\/www.bibula.com\/?p=51883","title":{"rendered":"Kryzys kontrolowany &#8211; <em>rozmowa z Grzegorzem Braunem<\/em>"},"content":{"rendered":"<p><strong>Z\u00a0Grzegorzem Braunem, re\u017cyserem i\u00a0publicyst\u0105, rozmawia Rafa\u0142 Pazio.<\/strong><\/p>\r\n<p><strong>&#8211; Jak Pan zareagowa\u0142, kiedy okaza\u0142o si\u0119, \u017ce\u00a0proces zwi\u0105zany z\u00a0domniemanym pobiciem policjant\u00f3w zostanie wznowiony?<\/strong><\/p>\r\n<p>&#8211; Zaryzykuj\u0119 \u015bmieszno\u015b\u0107 &#8211; jestem polskim pa\u0144stwowcem, wi\u0119c si\u0119 przejmuj\u0119. Wszak\u017ce by\u0142oby to\u00a0wszystko tylko bardzo zabawne, gdyby nie firmowa\u0142 tego wszystkiego polski Orze\u0142 Bia\u0142y &#8211; wisz\u0105cy tam w\u00a0s\u0105dzie na\u00a0\u015bcianie i\u00a0na piersiach kolejnych kompromituj\u0105cych si\u0119 s\u0119dzi\u00f3w i\u00a0przybijany piecz\u0105tkami do kolejnych kuriozalnych akt\u00f3w oskar\u017cenia, postanowie\u0144 i\u00a0wyrok\u00f3w. <\/p>\r\n<p><strong>&#8211; Jak uzasadniono t\u0119 decyzj\u0119?<\/strong><\/p>\r\n<p>&#8211; Kr\u00f3tko i\u00a0zwi\u0119\u017ale &#8211; po uprzednim odebraniu mi g\u0142osu. S\u0105d uwzgl\u0119dni\u0142 za\u017calenie Prokuratury i\u00a0mojego g\u0142\u00f3wnego fa\u0142szywego oskar\u017cyciela, sier\u017canta policji Piotra Wadowca, i\u00a0sprawa zosta\u0142a po raz drugi skierowana do ponownego rozpatrzenia w\u00a0pierwszej instancji. Sprawy nie nale\u017ca\u0142o umarza\u0107 &#8211; stwierdzi\u0142 S\u0105d &#8211; tylko wyda\u0107 wyrok po dog\u0142\u0119bnym zbadaniu okoliczno\u015bci. Sk\u0105din\u0105d s\u0142usznie, tyle \u017ce\u00a0to b\u0119dzie ju\u017c sz\u00f3sty s\u0105d w\u00a0tej samej sprawie, kt\u00f3ra ci\u0105gnie si\u0119 &#8211; a\u00a0raczej ja jestem ci\u0105gany -ju\u017c blisko cztery lata. <\/p>\r\n<p><strong>&#8211; Jaki by\u0142 pocz\u0105tek i\u00a0przedmiot sprawy?<\/strong><\/p>\r\n<p>&#8211; W\u00a0kwietniu 2008 roku jako postronny obserwator demonstracji politycznej zosta\u0142em poturbowany przez tajniak\u00f3w odmawiaj\u0105cych regulaminowego wylegitymowania si\u0119. Poskar\u017cy\u0142em si\u0119 urz\u0119dowo &#8211; i\u00a0wtedy si\u0119 dopiero zacz\u0119\u0142o: S\u0105d lekk\u0105 r\u0119k\u0105 odrzuci\u0142 moj\u0105 skarg\u0119, a\u00a0tymczasem policjanci i\u00a0prokuratorzy przygotowali akt oskar\u017cenia o\u00a0rzekom\u0105 napa\u015b\u0107 fizyczn\u0105 i\u00a0werbaln\u0105 na\u00a0funkcjonariusza na\u00a0s\u0142u\u017cbie. By\u0142em s\u0105dzony za\u00a0zamkni\u0119tymi drzwiami &#8211; S\u0105d \u201ewy\u0142\u0105czy\u0142 jawno\u015b\u0107\u201d na\u00a0wniosek sier\u017canta Wadowca, cho\u0107 dalib\u00f3g nie wchodz\u0105 tu w\u00a0gr\u0119 sprawy tajemnicy pa\u0144stwowej ani obyczajno\u015bci. <\/p>\r\n<p><strong>&#8211; Czy odbiera Pan to\u00a0wznowienie jako pr\u00f3b\u0119 \u201ewychowania\u201d \u201eniepos\u0142usznego\u201d, \u201ekrn\u0105brnego Polaka\u201d? Czym ma by\u0107 ta kolejna pr\u00f3ba udowodnienia winy?<\/strong><\/p>\r\n<p>&#8211; Na\u00a0w\u0142asny u\u017cytek nie snuj\u0119 szczeg\u00f3lnie wymy\u015blnych teorii. Ot, tak po prostu dzia\u0142a na\u00a0co dzie\u0144 post-peerelowski wymiar niesprawiedliwo\u015bci. <\/p>\r\n<p><strong>&#8211; Jak ocenia Pan obecn\u0105 sytuacj\u0119 w\u00a0Polsce? Protesty lekarzy, aptekarzy, kierowc\u00f3w, protesty zwi\u0105zane z\u00a0ACTA\u2026<\/strong><\/p>\r\n<p>&#8211; Nie odmawiam bynajmniej szczero\u015bci i\u00a0zaanga\u017cowania ludziom, kt\u00f3rzy w\u00a0t\u0119gi mr\u00f3z demonstruj\u0105 za\u00a0wolno\u015bci\u0105 w\u00a0sieci <em>&#8211; <\/em>ale niew\u0105tpliwie przy okazji oni co\u015b tam znowu sobie na\u00a0nas \u0107wicz\u0105, jak \u0107wiczyli np. 11 listopada. <\/p>\r\n<p><strong>&#8211; Jacy \u201eoni\u201d? Kto i\u00a0co \u0107wiczy?<\/strong><\/p>\r\n<p>&#8211; Bezpieka, ma si\u0119 rozumie\u0107. \u00c4\u2020wicz\u0105 \u201esta\u0142e warianty gry\u201d i\u00a0pilnie poszukuj\u0105 bezpiecznego tematu, czego\u015b nadaj\u0105cego si\u0119 na\u00a0temat przewodni nadchodz\u0105cego \u201ekryzysu kontrolowanego\u201d. Bankructwa systemu nie da si\u0119 ju\u017c wiele d\u0142u\u017cej maskowa\u0107 i\u00a0szminkowa\u0107 &#8211; cena benzyny ka\u017cdemu w\u00a0ko\u0144cu da do my\u015blenia. Gdy na\u00a0wiosn\u0119 przyjd\u0105 rachunki za\u00a0gaz i\u00a0koks, kt\u00f3rych w\u00a0te mrozy sporo posz\u0142o &#8211; to\u00a0na pewno pog\u0142\u0119bi przemy\u015blenia. Ale ot\u00f3\u017c w\u0142a\u015bnie w\u0142adza ludowa nie czeka na\u00a0spontaniczne objawy tych przemy\u015ble\u0144 &#8211; sama bierze si\u0119 za\u00a0organizowanie i\u00a0kanalizowanie gniewu ludu. I\u00a0woli, jak si\u0119 zdaje, by gniew ludu dotyczy\u0142 w\u0142a\u015bnie takich spraw w\u00a0gruncie rzeczy bezpiecznych, nie podwa\u017caj\u0105cych pryncypi\u00f3w socjalizmu globalnego, jak np. recepty czy filmu z\u00a0internetu. <\/p>\r\n<p><strong>&#8211; Uwa\u017ca Pan ACTA za\u00a0temat zast\u0119pczy?<\/strong><\/p>\r\n<p>&#8211; Namawiam tylko do poszerzenia pola widzenia o\u00a0istotny kontekst sytuacyjny, bo jak diagnozowa\u0142 J\u00f3zef Stalin: \u201eW miar\u0119 post\u0119p\u00f3w socjalizmu walka klasowa zaostrza si\u0119\u201d. Ot\u00f3\u017c i\u00a0dzi\u015b u\u00a0nas w\u00a0miar\u0119 ujawniania si\u0119 bankructwa systemu do g\u0142osu dochodz\u0105 antagonizmy mi\u0119dzy r\u00f3\u017cnymi sitwami w\u00a0samym obozie w\u0142adzy. Ka\u017cdy tam chce, \u017ceby to\u00a0jego cesarzowa Merkel z\u00a0carem Putinem zostawili przynajmniej na\u00a0nast\u0119pn\u0105 zim\u0119 &#8211; powierzaj\u0105c misj\u0119 dalszego dbania o\u00a0to, by Polacy dawali si\u0119 operowa\u0107 bez wybudzania ze snu. A\u00a0jednocze\u015bnie nikt nie chce zosta\u0107 wyrzucony z\u00a0okna kancelarii na\u00a0po\u017carcie rozsierdzonym, dajmy na\u00a0to, piel\u0119gniarkom czy g\u00f3rnikom. A\u00a0w niedalekiej przysz\u0142o\u015bci kto\u015b wyrzucony zosta\u0107 musi &#8211; bo w\u00a0kasie manko. Wi\u0119c z\u00a0jednej strony oni wszyscy tam pewnie jako\u015b zabezpieczaj\u0105 sobie \u015bcie\u017cki ewakuacji (te ameryka\u0144skie wizy, o\u00a0kt\u00f3rych minister Rostowski wspomina\u0142), z\u00a0drugiej &#8211; kombinuj\u0105, jakby tu zepchn\u0105\u0107 innych z\u00a0parapetu, a\u00a0samemu ponownie wyp\u0142yn\u0105\u0107 na\u00a0fali s\u0142usznego gniewu ludu (czego niefortunnie pr\u00f3bowa\u0142 ostatnio p.Palikot).<\/p>\r\n<p>Rzekomo odsuni\u0119ty Grzegorz \u201eRadek\u201d Schetyna nie traci chyba czasu na\u00a0\u0142awce rezerwowych, ale raczej rozgrzewa si\u0119 ju\u017c przy linii bocznej &#8211; jako szef sejmowej Komisji Spraw Zagranicznych przyjmuje wszak r\u00f3\u017cnych wa\u017cnych zagranicznych go\u015bci w\u00a0tej samej siedzibie, w\u00a0kt\u00f3rej urz\u0119dowa\u0142 niegdy\u015b sam Bronis\u0142aw Geremek. Trwa bowiem, jak przypuszczam, mi\u0119dzynarodowy konkurs na\u00a0now\u0105-star\u0105 ekip\u0119 zarz\u0105dc\u00f3w Polski. Ch\u0119tnych jest wielu, ale do r\u00f3l czo\u0142owych sprzedawczyk\u00f3w poszukiwani s\u0105 tacy tubylcy, kt\u00f3rzy zagwarantuj\u0105 \u0142ad i\u00a0spok\u00f3j w\u00a0toku realizacji scenariusza rozbiorowego. Tu najpowa\u017cniejszym kandydatem pozostaje Schetyna &#8211; \u201emocny cz\u0142owiek\u201d na\u00a0\u201enowe otwarcie\u201d (kt\u00f3ry tak si\u0119 podoba Jadwidze Staniszkis, \u0141ukaszowi Warzesze i\u00a0innym po\u017cytecznym profesorom i\u00a0publicystom). Kiedy wi\u0119c og\u0142oszony zostanie nowy etap &#8211; odej\u015bcia od\u00a0b\u0142\u0119d\u00f3w i\u00a0wypacze\u0144 Tuska &#8211; w\u00f3wczas Schetyna powr\u00f3ci mo\u017ce niczym Gomu\u0142ka na\u00a0fali pa\u017adziernikowych przemian &#8211; mo\u017ce w\u00a0atrakcyjnym towarzystwie jakich\u015b genera\u0142\u00f3w, np. Skrzypczaka i\u00a0Petelickiego? I\u00a0mo\u017ce jeszcze sympatyczny gen. Polko, to\u00a0by\u0142by taki WRON-bis\u00a0mo\u017ce nawet Schetyna ujawni z\u00a0tej okazji, jaka ranga mu przys\u0142uguje? Chocia\u017c pewnie jednak ma\u0142o wyj\u015bciowego Schetyn\u0119 zatrzymaj\u0105 w\u00a0drugiej linii. Na\u00a0kasie posadz\u0105 mo\u017ce zn\u00f3w Balcerowicza, by zaj\u0105\u0142 si\u0119 ostatecznym zaspokojeniem roszcze\u0144 finansowych wysuni\u0119tych przed laty przez Israela Singera pod\u00a0gro\u017ab\u0105 \u201eupokarzania Polski na\u00a0arenie mi\u0119dzynarodowej\u201d. A\u00a0na fasadowego premiera dadz\u0105 jakiego\u015b bezpartyjnego profesora-masona, jak Pi\u0142sudski Bartla po przewrocie majowym &#8211; wi\u0119c mo\u017ce Kleibera (kt\u00f3rego osobista za\u017cy\u0142o\u015b\u0107 ze \u015bp. Lechem Kaczy\u0144skim zostanie zn\u00f3w dyskretnie przypomniana przez PiotraZaremb\u0119 czy innego <em>quasi<\/em>-opozycyjnego dziennikarza) czy innego Buzka? I\u00a0nawet wywiesz\u0105 nad\u00a0tym elegancki szyld typu: \u201ePOLSKA &#8211; WIELKI PROJEKT\u201d, a\u00a0warszawsko-krakowscy patrioci-etaty\u015bci w\u00a0dodatku gremialnie to\u00a0kupi\u0105. <\/p>\r\n<p><strong>&#8211; Kiedy niby mia\u0142oby si\u0119 to\u00a0sta\u0107?<\/strong><\/p>\r\n<p>&#8211; Doprawdy nie wiem, ale przemkn\u0119\u0142o mi przez my\u015bl, czy aby ten \u201epa\u017adziernik\u201d nie jest planowany w\u00a0tym roku ju\u017c na\u00a0wiosn\u0119. Atmosfera oczekiwania jest w\u00a0ka\u017cdym razie ju\u017c do\u015b\u0107 napi\u0119ta nawet w\u00a0generalskich domach &#8211; a\u00a0z nerw\u00f3w, wiadomo, tragiczne wypadki, jak u\u00a0pp. Szumskich.<\/p>\r\n<p align=\"LEFT\">Skoro o\u00a0tragicznych wypadkach mowa, wszystkiego mo\u017cna si\u0119 spodziewa\u0107, skoro na\u00a0czele pa\u0144stwowego komitetu bezpiecze\u0144stwa Euro 2012 stan\u0119\u0142a pani minister Mucha. Samo jej pojawienie si\u0119 w\u00a0rz\u0105dzie dawa\u0142o ju\u017c do my\u015blenia &#8211; \u017ce\u00a0mianowicie, z\u00a0ca\u0142ym nale\u017cnym szacunkiem, powa\u017cni gangsterzy najwyra\u017aniej ju\u017c si\u0119 tam nie pchaj\u0105, \u017ce\u00a0zatem by\u0107 mo\u017ce Rz\u0105d RP uznany zosta\u0142 przez ojc\u00f3w chrzestnych za\u00a0firm\u0119 upad\u0142\u0105, w\u00a0kt\u00f3r\u0105 chwilowo nie warto inwestowa\u0107. Zauwa\u017cmy, \u017ce\u00a0akcja wycofywania si\u0119 przez powa\u017cnych ludzi na\u00a0z g\u00f3ry upatrzone pozycje zatacza coraz szersze kr\u0119gi, bo ostatnio do dymisji podali si\u0119 w\u00a0MSW akurat funkcjonariusze-specjali\u015bci ds. bezpiecze\u0144stwa &#8211; akurat ci, kt\u00f3rych tam powstawia\u0142 G. Schetyna. Skoro wi\u0119c temat \u201ebezpiecze\u0144stwa Euro\u201d przebija si\u0119 ju\u017c nawet do medi\u00f3w g\u0142\u00f3wnego \u015bcieku, to\u00a0mo\u017ce planuje si\u0119 tu w\u0142a\u015bnie co\u015b nadzwyczajnego.<\/p>\r\n<p><strong>&#8211; Spodziewa si<\/strong><strong>\u0119 Pan podczas Euro <\/strong><strong>2012 jakiej\u015b prowokacji?<\/strong><\/p>\r\n<p>&#8211; Owszem &#8211; i\u00a0najwyra\u017aniej nie ja jeden. Przecie\u017c w\u0142a\u015bnie w\u00a0ostatnich dniach zapowiedziano podwy\u017cszenie gotowo\u015bci bojowej w\u00a0Wojsku Polskim na\u00a0czas tej imprezy. Pytanie tylko: czy to\u00a0wojsko ma nas broni\u0107 przed czym\u015b &#8211; czy mo\u017ce raczej zn\u00f3w, jak w\u00a01981 roku, ma broni\u0107 w\u0142adzy ludowej przed nami? Po co\u015b przecie\u017c pan Prezydent Komorowski znowelizowa\u0142 sobie w\u00a0zesz\u0142ym roku prawo o\u00a0stanie wojennym.<\/p>\r\n<p>Mo\u017ce zacznie si\u0119 od\u00a0czego\u015b drobnego &#8211; mo\u017ce np., Bo\u017ce uchowaj, jaka\u015b katastrofa budowlana na\u00a0jednym z\u00a0tych stadion\u00f3w budowanych stachanowsko przez niemieckie firmy, traktuj\u0105ce, jak s\u0142ysz\u0119, polski nadz\u00f3r i\u00a0normy budowlane do\u015b\u0107 lekcewa\u017c\u0105co? A\u00a0jaki by\u0142by sens ewentualnej prowokacji? Dwojaki. Wewn\u0119trznie: po\u017c\u0105dany efekt ostatecznego upadku ducha i\u00a0zniech\u0119cenia do w\u0142asnego pa\u0144stwa. Na\u00a0zewn\u0105trz &#8211; ostateczna kompromitacja pa\u0144stwa polskiego, s\u0142u\u017c\u0105ca do legitymizacji przej\u015bcia w\u00a0scenariuszu rozbiorowym do fazy ostentacyjnej, jawnej ju\u017c kurateli Berlina i\u00a0Moskwy nad\u00a0Ksi\u0119stwem Warszawskim &#8211; kt\u00f3re mo\u017ce nam zostanie, jak ju\u017c swoje aspiracje zrealizuje Ruch Autonomii \u015al\u0105ska.<\/p>\r\n<p align=\"LEFT\"><strong>&#8211; A\u00a0jaki jest ci\u0105g dalszy Pa\u0144skiego scenariusza \u201ekryzysu kontrolowanego\u201d?<\/strong><\/p>\r\n<p>&#8211; Pomys\u0142\u00f3w ministrowi Grasiowi i\u00a0jego Bauerom nie zabraknie. Temat wra\u017cych \u201ekiboli\u201d, cho\u0107 podgrzewany w\u00a0zesz\u0142ym roku z\u00a0takim zapa\u0142em, mo\u017ce nie okaza\u0107 si\u0119 dostatecznie no\u015bny &#8211; ale zawsze mo\u017cna go tw\u00f3rczo rozwin\u0105\u0107 i\u00a0wzmocni\u0107, np. przez w\u0142\u0105czenie w\u0105tku ukrai\u0144skiego: oto np. polscy kibice na\u00a0meczu we Lwowie zostaj\u0105 zaatakowani przez neobanderowc\u00f3w, po czym daj\u0105 im stosowny odp\u00f3r we Wroc\u0142awiu. To\u00a0da\u0142oby szerokie pole do mi\u0119dzynarodowych pot\u0119pie\u0144 i\u00a0ostatecznej rozpraw z\u00a0hydr\u0105 nacjonalizmu w\u00a0Mitteleuropie &#8211; bez czego, pami\u0119tajmy, nie mo\u017ce zosta\u0107 zrealizowany istotny element scenariusza rozbiorowego, znany od\u00a0stu lat pod\u00a0nazw\u0105 Judeopolonii A\u00a0zrealizowany by\u0107 przecie\u017c musi to\u00a0nawet pilnie, zw\u0142aszcza je\u015bli \u201ewojna o\u00a0pok\u00f3j\u201d w\u00a0Iranie w\u00a0ko\u0144cu si\u0119 rozpocznie. <\/p>\r\n<p><strong>&#8211; Czy to\u00a0nie przesadny pesymizm?<\/strong><\/p>\r\n<p>&#8211; Nic podobnego. Przekonanie, \u017ce\u00a0ani aktualny porz\u0105dek \u015bwiata, ani Euroko\u0142choz, ani aktualny re\u017cim postpeerelowski nie b\u0119d\u0105 trwa\u0107 wiecznie &#8211; to\u00a0racz\u0119 przejaw ostro\u017cnego optymizmu. Rzecz w\u00a0tym, co potem. I\u00a0tu na\u00a0szcz\u0119\u015bcie nie trzeba wymy\u015bla\u0107 prochu &#8211; coraz wi\u0119cej ludzi pojmuje piln\u0105 potrzeb\u0119 kontrrewolucji. Czy czyta\u0142 Pan apel portugalskich intelektualist\u00f3w, artyst\u00f3w i\u00a0polityk\u00f3w o\u00a0restauracj\u0119 monarchii? A\u00a0preambu\u0142\u0119 w\u0119gierskiej konstytucji? Korona \u015awi\u0119tego Stefana ju\u017c zosta\u0142a symbolicznie podniesiona &#8211; czas najwy\u017cszy upomina\u0107 si\u0119 o\u00a0Koron\u0119 Polsk\u0105, by\u015bmy mogli umiera\u0107 jako poddani, nie obywatele. <\/p>\r\n<p><strong>&#8211; Nad\u00a0czym teraz Pan pracuje? Czy powstaje jaki\u015b nowy film?<\/strong><\/p>\r\n<p>&#8211; Owszem, je\u015bli do\u017cyjemy lata, to\u00a0mo\u017ce wreszcie uda mi si\u0119 sko\u0144czy\u0107 pierwsz\u0105 cz\u0119\u015b\u0107 cyklu \u201eTRANSFORMACJA\u201d i\u00a0kameralny portrecik filmowy Jaros\u0142awa Marka Rymkiewicza, kt\u00f3rego poezja nale\u017cy do tych niewielu prawdziwie pi\u0119knych rzeczy, co przetrwaj\u0105 nasz\u0105 zak\u0142aman\u0105 epok\u0119 i\u00a0pozostan\u0105 na\u00a0zawsze w\u00a0skarbnicy polszczyzny, by z\u00a0niej czerpa\u0107 mog\u0142y przysz\u0142e generacje. O\u00a0ile b\u0119d\u0105 jeszcze jacy\u015b Polacy &#8211; do czego niezb\u0119dne jest, by w\u00a0tym nadchodz\u0105cym wielkimi krokami \u201ekryzysie kontrolowanym\u201d nie wszyscy dali si\u0119 pozabija\u0107 i\u00a0doszcz\u0119tnie ograbi\u0107.<\/p>\r\n<p><strong>Dzi\u0119kuj\u0119 za\u00a0rozmow\u0119.<\/strong><\/p>\r\n<p>Wywiad udzielony tygodnikowi \u201eNajwyzszy Czas!\u201d<\/p>\r\n<p><strong>Grzegorz Braun<\/strong> (ur. 1967) &#8211; re\u017cyser, publicysta, zdeklarowany monarchista &#8211; autor m.in. film\u00f3w dokumentalnych: \u201eWielka ucieczka cenzora\u201d, \u201ePlusy dodatnie, plusy ujemne\u201d, \u201eMarsz wyzwolicieli\u201d oraz szeregu film\u00f3w z cyklu \u201eErrata do biografii\u201d.<\/p>\r\n<blockquote>\r\n<p>Grzegorz Braun podczas wizyty na Katolickim Uniwersytecie Lubelskim stwierdzi\u0142, \u017ce J\u00f3zef \u0179yci\u0144ski jako uczestnik \u017cycia publicznego w Polsce by\u0142 &#8222;k\u0142amc\u0105 i \u0142ajdakiem\u201d: &#8211; \u0141ajdactwem nazywam przyczynianie si\u0119 do szerzenia zam\u0119tu w\u015br\u00f3d bli\u017anich i rodak\u00f3w, zam\u0119tu w sprawach kluczowych w p\u0142aszczy\u017anie politycznej, spo\u0142ecznej, w \u015bwieckim wymiarze dziej\u00f3w. \u0141ajdactwem by\u0142o perfidne oszukiwanie opinii publicznej w sprawach lustracyjnych\u201d. Powy\u017csza wypowied\u017a rozp\u0119ta\u0142a w tzw. &#8222;salonie\u201d burz\u0119 (r\u00f3wnie\u017c antylustracyjn\u0105).<\/p>\r\n<\/blockquote>","protected":false},"excerpt":{"rendered":"Z\u00a0Grzegorzem Braunem, re\u017cyserem i\u00a0publicyst\u0105, rozmawia Rafa\u0142 Pazio. &#8211; Jak Pan zareagowa\u0142, kiedy okaza\u0142o si\u0119, \u017ce\u00a0proces zwi\u0105zany z\u00a0domniemanym pobiciem policjant\u00f3w zostanie wznowiony? &#8211; Zaryzykuj\u0119 \u015bmieszno\u015b\u0107 &#8211; jestem polskim pa\u0144stwowcem, wi\u0119c si\u0119 przejmuj\u0119. Wszak\u017ce by\u0142oby to\u00a0wszystko tylko bardzo zabawne, gdyby nie firmowa\u0142 tego wszystkiego polski Orze\u0142 Bia\u0142y &#8211; wisz\u0105cy tam w\u00a0s\u0105dzie na\u00a0\u015bcianie i\u00a0na piersiach kolejnych kompromituj\u0105cych si\u0119 [&hellip;]","protected":false},"author":1,"featured_media":0,"comment_status":"closed","ping_status":"closed","sticky":false,"template":"","format":"standard","meta":{"_acf_changed":false,"_monsterinsights_skip_tracking":false,"_monsterinsights_sitenote_active":false,"_monsterinsights_sitenote_note":"","_monsterinsights_sitenote_category":0,"ngg_post_thumbnail":0,"footnotes":"","_wp_rev_ctl_limit":""},"categories":[9],"tags":[92],"acf":[],"_links":{"self":[{"href":"https:\/\/www.bibula.com\/index.php?rest_route=\/wp\/v2\/posts\/51883"}],"collection":[{"href":"https:\/\/www.bibula.com\/index.php?rest_route=\/wp\/v2\/posts"}],"about":[{"href":"https:\/\/www.bibula.com\/index.php?rest_route=\/wp\/v2\/types\/post"}],"author":[{"embeddable":true,"href":"https:\/\/www.bibula.com\/index.php?rest_route=\/wp\/v2\/users\/1"}],"replies":[{"embeddable":true,"href":"https:\/\/www.bibula.com\/index.php?rest_route=%2Fwp%2Fv2%2Fcomments&post=51883"}],"version-history":[{"count":0,"href":"https:\/\/www.bibula.com\/index.php?rest_route=\/wp\/v2\/posts\/51883\/revisions"}],"wp:attachment":[{"href":"https:\/\/www.bibula.com\/index.php?rest_route=%2Fwp%2Fv2%2Fmedia&parent=51883"}],"wp:term":[{"taxonomy":"category","embeddable":true,"href":"https:\/\/www.bibula.com\/index.php?rest_route=%2Fwp%2Fv2%2Fcategories&post=51883"},{"taxonomy":"post_tag","embeddable":true,"href":"https:\/\/www.bibula.com\/index.php?rest_route=%2Fwp%2Fv2%2Ftags&post=51883"}],"curies":[{"name":"wp","href":"https:\/\/api.w.org\/{rel}","templated":true}]}}