{"id":51880,"date":"2012-02-14T13:27:48","date_gmt":"2012-02-14T18:27:48","guid":{"rendered":"http:\/\/www.bibula.com\/?p=51880"},"modified":"2012-02-14T13:27:48","modified_gmt":"2012-02-14T18:27:48","slug":"czechy-projekt-legalizacji-prostytucji","status":"publish","type":"post","link":"https:\/\/www.bibula.com\/?p=51880","title":{"rendered":"Czechy: projekt legalizacji prostytucji"},"content":{"rendered":"<p><strong>Nad projektem nowych przepis\u00f3w prawnych, kt\u00f3re od 2014 roku maj\u0105 zalegalizowa\u0107 prostytucj\u0119 w tym kraju, pracuje grupa ekspert\u00f3w z praskiego ratusza. Za legalizacj\u0105 w Czechach tego procederu opowiada si\u0119 jedynie wchodz\u0105cy w sk\u0142ad centroprawicowej koalicji rz\u0105dz\u0105cej populistyczny ruch Sprawy Publiczne (VV). Petr Neczas, premier Czech, oraz pozosta\u0142e ugrupowania s\u0105 temu przeciwni.<\/strong> <br \/> <br \/> Na portalu iDnes.cz mo\u017cna przeczyta\u0107, \u017ce samorz\u0105dowcy chc\u0105 prawnie uregulowa\u0107 stosunki mi\u0119dzy prostytutkami i ich klientami, a tak\u017ce okre\u015bli\u0107 us\u0142ugi seksualne, jako dzia\u0142alno\u015b\u0107 gospodarcz\u0105 i opodatkowa\u0107 osoby \u015bwiadcz\u0105ce te us\u0142ugi. <br \/> <br \/> Cz\u0142onkowie VV twierdz\u0105, \u017ce legalizacja prostytucji wspar\u0142aby bud\u017cet pa\u0144stwa, &#8222;pomog\u0142aby&#8221; samym prostytutkom oraz przyczyni\u0142aby si\u0119 do zmniejszenia przest\u0119pczo\u015bci.<br \/> <br \/> Od lat 20. XX w. Czechach prawo nie przewiduje kar za prostytucj\u0119, nielegalne jest natomiast str\u0119czycielstwo. W Pradze dzia\u0142a oko\u0142o 70 dom\u00f3w publicznych. <br \/> <br \/> \u0179r\u00f3d\u0142o: rp.pl<\/p>","protected":false},"excerpt":{"rendered":"Nad projektem nowych przepis\u00f3w prawnych, kt\u00f3re od 2014 roku maj\u0105 zalegalizowa\u0107 prostytucj\u0119 w tym kraju, pracuje grupa ekspert\u00f3w z praskiego ratusza. Za legalizacj\u0105 w Czechach tego procederu opowiada si\u0119 jedynie wchodz\u0105cy w sk\u0142ad centroprawicowej koalicji rz\u0105dz\u0105cej populistyczny ruch Sprawy Publiczne (VV). Petr Neczas, premier Czech, oraz pozosta\u0142e ugrupowania s\u0105 temu przeciwni. Na portalu iDnes.cz mo\u017cna [&hellip;]","protected":false},"author":1,"featured_media":0,"comment_status":"closed","ping_status":"closed","sticky":false,"template":"","format":"standard","meta":{"_acf_changed":false,"_monsterinsights_skip_tracking":false,"_monsterinsights_sitenote_active":false,"_monsterinsights_sitenote_note":"","_monsterinsights_sitenote_category":0,"ngg_post_thumbnail":0,"footnotes":"","_wp_rev_ctl_limit":""},"categories":[6],"tags":[227,130,86],"acf":[],"_links":{"self":[{"href":"https:\/\/www.bibula.com\/index.php?rest_route=\/wp\/v2\/posts\/51880"}],"collection":[{"href":"https:\/\/www.bibula.com\/index.php?rest_route=\/wp\/v2\/posts"}],"about":[{"href":"https:\/\/www.bibula.com\/index.php?rest_route=\/wp\/v2\/types\/post"}],"author":[{"embeddable":true,"href":"https:\/\/www.bibula.com\/index.php?rest_route=\/wp\/v2\/users\/1"}],"replies":[{"embeddable":true,"href":"https:\/\/www.bibula.com\/index.php?rest_route=%2Fwp%2Fv2%2Fcomments&post=51880"}],"version-history":[{"count":0,"href":"https:\/\/www.bibula.com\/index.php?rest_route=\/wp\/v2\/posts\/51880\/revisions"}],"wp:attachment":[{"href":"https:\/\/www.bibula.com\/index.php?rest_route=%2Fwp%2Fv2%2Fmedia&parent=51880"}],"wp:term":[{"taxonomy":"category","embeddable":true,"href":"https:\/\/www.bibula.com\/index.php?rest_route=%2Fwp%2Fv2%2Fcategories&post=51880"},{"taxonomy":"post_tag","embeddable":true,"href":"https:\/\/www.bibula.com\/index.php?rest_route=%2Fwp%2Fv2%2Ftags&post=51880"}],"curies":[{"name":"wp","href":"https:\/\/api.w.org\/{rel}","templated":true}]}}