{"id":51878,"date":"2012-02-14T13:25:57","date_gmt":"2012-02-14T18:25:57","guid":{"rendered":"http:\/\/www.bibula.com\/?p=51878"},"modified":"2012-02-14T13:25:57","modified_gmt":"2012-02-14T18:25:57","slug":"loty-premiera-z-warszawy-do-gdanska-podniebne-tusk-taxi-latalo-100-razy","status":"publish","type":"post","link":"https:\/\/www.bibula.com\/?p=51878","title":{"rendered":"Loty Premiera z Warszawy do Gda\u0144ska: podniebne TUSK TAXI lata\u0142o 100 razy"},"content":{"rendered":"<p><strong>Ponad dwa miliony z\u0142 kosztowa\u0142y nas loty Donalda Tuska z Warszawy do Gda\u0144ska i z powrotem. \u015arednio niemal co cztery dni szef rz\u0105du podr\u00f3\u017cowa\u0142 rz\u0105dowym embraerem na tej trasie. I to ma by\u0107 tanie pa\u0144stwo, o kt\u00f3rym m\u00f3wili politycy PO?!<\/strong><\/p>\r\n<p>Dotarli\u015bmy do dok\u0142adnej statystyki lot\u00f3w Donalda Tuska rz\u0105dowymi samolotami w 2011 roku. Wynika z niej jasno, \u017ce szef rz\u0105du tras\u0119 Warszawa &#8211; Gda\u0144sk, Gda\u0144sk &#8211; Warszawa pokonywa\u0142 ponad 90 razy.<\/p>\r\n<p>&#8211; Szacuj\u0119, \u017ce godzina lotu embraera to oko\u0142o 30 tysi\u0119cy z\u0142otych. W tej kwocie uj\u0119te s\u0105 koszty paliwa, smar\u00f3w, eksploatacji samolotu, pensji pilot\u00f3w, obs\u0142ugi, a tak\u017ce op\u0142at za wykorzystanie przestrzeni powietrznej i kwoty p\u0142aconej portom za start i l\u0105dowanie &#8211; ocenia mjr Micha\u0142 Fiszer, ekspert lotnictwa.<\/p>\r\n<p><strong>Z matematycznego rachunku wynika wi\u0119c, \u017ce loty premiera do domu oraz z domu do pracy kosztowa\u0142y ponad 2,5 mln z\u0142.<\/strong><\/p>\r\n<p>Zdarza\u0142o si\u0119 tak, \u017ce Donald Tusk w 2011 roku lata\u0142 do Gda\u0144ska ju\u017c w czwartek (np. 9 czerwca), a wraca\u0142 samolotem do stolicy w poniedzia\u0142ek (np. 13 czerwca).<\/p>\r\n<p>&#8211; Pan B\u00f3g tak wymy\u015bli\u0142 \u015bwiat, by ludzie przez ca\u0142y tydzie\u0144 pracowali, a si\u00f3dmego dnia odpoczywali. Jak wida\u0107, Donald Tusk zna zupe\u0142nie inny Testament. Taki, w kt\u00f3rym 4 dni si\u0119 pracuje, a 3 odpoczywa. Temu panu ju\u017c dzi\u0119kujemy &#8211; komentuje loty premiera Adam Hofman (32 l.), rzecznik prasowy PiS.<\/p>\r\n<p>Co wi\u0119cej, Tusk jako jeden z pierwszych polskich polityk\u00f3w lecia\u0142 Tu-154, bli\u017aniaczym samolotem tego, kt\u00f3ry rozbi\u0142 si\u0119 pod Smole\u0144skiem. Do wyremontowanej maszyny szef rz\u0105du wsiad\u0142 20 czerwca i 25 lipca. I polecia\u0142 nim\u2026 z Gda\u0144ska do Warszawy.<\/p>\r\n<p>Ponadto rz\u0105dowy samolot jak taks\u00f3wk\u0119 premier traktowa\u0142 nie tylko na trasie do Gda\u0144ska. 12 stycznia 2011 roku embraer polecia\u0142 po premiera do Werony, by przywie\u017a\u0107 szefa rz\u0105du z urlopu na konferencj\u0119 prasow\u0105 po publikacji raportu MAK w sprawie katastrofy smole\u0144skiej. Potem oczywi\u015bcie odwi\u00f3z\u0142 go z powrotem na urlop.<\/p>\r\n<p>(<a href=\"http:\/\/www.se.pl\/wydarzenia\/kraj\/loty-premiera-z-warszawy-do-gdanska-podniebne-tusk-taxi-latao-100-razy_227354.html\" target=\"_blank\">SuperExpress<\/a>)<\/p>","protected":false},"excerpt":{"rendered":"Ponad dwa miliony z\u0142 kosztowa\u0142y nas loty Donalda Tuska z Warszawy do Gda\u0144ska i z powrotem. \u015arednio niemal co cztery dni szef rz\u0105du podr\u00f3\u017cowa\u0142 rz\u0105dowym embraerem na tej trasie. I to ma by\u0107 tanie pa\u0144stwo, o kt\u00f3rym m\u00f3wili politycy PO?! Dotarli\u015bmy do dok\u0142adnej statystyki lot\u00f3w Donalda Tuska rz\u0105dowymi samolotami w 2011 roku. Wynika z niej [&hellip;]","protected":false},"author":1,"featured_media":0,"comment_status":"closed","ping_status":"closed","sticky":false,"template":"","format":"standard","meta":{"_acf_changed":false,"_monsterinsights_skip_tracking":false,"_monsterinsights_sitenote_active":false,"_monsterinsights_sitenote_note":"","_monsterinsights_sitenote_category":0,"ngg_post_thumbnail":0,"footnotes":"","_wp_rev_ctl_limit":""},"categories":[8],"tags":[92],"acf":[],"_links":{"self":[{"href":"https:\/\/www.bibula.com\/index.php?rest_route=\/wp\/v2\/posts\/51878"}],"collection":[{"href":"https:\/\/www.bibula.com\/index.php?rest_route=\/wp\/v2\/posts"}],"about":[{"href":"https:\/\/www.bibula.com\/index.php?rest_route=\/wp\/v2\/types\/post"}],"author":[{"embeddable":true,"href":"https:\/\/www.bibula.com\/index.php?rest_route=\/wp\/v2\/users\/1"}],"replies":[{"embeddable":true,"href":"https:\/\/www.bibula.com\/index.php?rest_route=%2Fwp%2Fv2%2Fcomments&post=51878"}],"version-history":[{"count":0,"href":"https:\/\/www.bibula.com\/index.php?rest_route=\/wp\/v2\/posts\/51878\/revisions"}],"wp:attachment":[{"href":"https:\/\/www.bibula.com\/index.php?rest_route=%2Fwp%2Fv2%2Fmedia&parent=51878"}],"wp:term":[{"taxonomy":"category","embeddable":true,"href":"https:\/\/www.bibula.com\/index.php?rest_route=%2Fwp%2Fv2%2Fcategories&post=51878"},{"taxonomy":"post_tag","embeddable":true,"href":"https:\/\/www.bibula.com\/index.php?rest_route=%2Fwp%2Fv2%2Ftags&post=51878"}],"curies":[{"name":"wp","href":"https:\/\/api.w.org\/{rel}","templated":true}]}}