{"id":51875,"date":"2012-02-14T12:45:15","date_gmt":"2012-02-14T17:45:15","guid":{"rendered":"http:\/\/www.bibula.com\/?p=51875"},"modified":"2012-02-14T12:45:15","modified_gmt":"2012-02-14T17:45:15","slug":"relikwie-sw-walentego-w-polsce","status":"publish","type":"post","link":"https:\/\/www.bibula.com\/?p=51875","title":{"rendered":"Relikwie \u015bw. Walentego w Polsce"},"content":{"rendered":"<p><strong>Krak\u00f3w, Pozna\u0144, Che\u0142mno, Lublin, \u0141om\u017ca, Rudy Wielkie i Jasna G\u00f3ra &#8211; te miejscowo\u015bci mog\u0105 poszczyci\u0107 si\u0119 posiadaniem relikwii \u015bw. Walentego, patrona zakochanych.<\/strong><\/p>\r\n<p><img fetchpriority=\"high\" decoding=\"async\" class=\"alignleft\" style=\"margin: 10px;\" src=\"http:\/\/ekai.pl\/media\/szuflada\/w._Walenty_prosty.jpg\" alt=\"\" width=\"200\" height=\"264\" align=\"\"left\/\" hspace=\"10\" vspace=\"10\" \/>W bazylice \u015bw. Floriana w Krakowie relikwie \u015bw. Walentego przechowywane s\u0105 w relikwiarzu w kszta\u0142cie r\u0119ki wzniesionej w ge\u015bcie do b\u0142ogos\u0142awie\u0144stwa. Pochodzi on z po\u0142owy XVII wieku. W relikwiarzu za szyb\u0105 widoczne s\u0105 cz\u0119\u015bci ko\u015bci oznaczone napisem \u201eS. Valentinus\u201d. Relikwie znajduj\u0105 si\u0119 w barokowym o\u0142tarzu w zamkni\u0119ciu nawy po\u0142udniowej ko\u015bcio\u0142a. O\u0142tarz zdobi obraz z pierwszej po\u0142owy XVIII w. przedstawiaj\u0105cy \u015bw. Walentego modl\u0105cego si\u0119 za chorych.<\/p>\r\n<p>Relikwie cz\u0105stki g\u0142owy \u015bw. Walentego przechowywane s\u0105 te\u017c od kilku wiek\u00f3w w ko\u015bciele farnym pw. Wniebowzi\u0119cia NMP w Che\u0142mnie. Nieznane s\u0105 pocz\u0105tki jego kultu. Relikwiarz wykonany zosta\u0142 w 1630 r. Z polecenia Jadwigi z Czarnk\u00f3w Dzia\u0142y\u0144skiej, wdzi\u0119cznej za uzdrowienie dokonane za przyczyn\u0105 \u015bwi\u0119tego.<\/p>\r\n<p>Relikwiarz jest srebrn\u0105 puszk\u0105 w kszta\u0142cie regularnego o\u015bmioboku. Umieszczony jest w specjalnym o\u0142tarzu przy o\u0142tarzu g\u0142\u00f3wnym, rozdzielaj\u0105c naw\u0119 g\u0142\u00f3wn\u0105 od po\u0142udniowej. Obraz w o\u0142tarzu przedstawia \u015bci\u0119cie \u015bw. Walentego. Wed\u0142ug tradycji mia\u0142 on by\u0107 namalowany w Rzymie, lecz brak jest na to dowod\u00f3w. Na o\u0142tarzu tym w przesz\u0142o\u015bci wierni sk\u0142adali liczne srebrne wota za uzyskane \u0142aski. Obecnie kult \u015bw. Walentego zn\u00f3w prze\u017cywa renesans.<\/p>\r\n<p>W pozna\u0144skiej farze relikwie Walentego znajduj\u0105 si\u0119 w XVIII &#8211; wiecznej poz\u0142acanej monstrancji, w bocznym o\u0142tarzu. Po raz pierwszy za zakochanych modlono si\u0119 w Farze w 1996 r., kiedy w Polsce coraz popularniejsze stawa\u0142y si\u0119 obchody Dnia Zakochanych. Z pomys\u0142em wyst\u0105pi\u0142 \u00f3wczesny wikariusz parafii farnej, a obecnie rzecznik Kurii Metropolitalnej w Poznaniu, ks. Maciej Szczepaniak. \u201eUznali\u015bmy, \u017ce zamiast zwalcza\u0107 przyby\u0142y do nas z Zachodu zwyczaj, lepiej go ochrzci\u0107\u201d &#8211; t\u0142umaczy ide\u0119 ko\u015bcielnych Walentynek ks. Szczepaniak.<\/p>\r\n<p>Od ponad 50. lat relikwie \u015bwi\u0119tego znajduj\u0105 si\u0119 r\u00f3wnie\u017c w Opactwie Si\u00f3str Benedyktynek w \u0141om\u017cy. Kult ku czci Walentego rozwija si\u0119 od pocz\u0105tku istnienia fundacji czyli od 1622 r.<\/p>\r\n<p>Relikwiami \u015bwi\u0119tego patrona zakochanych mo\u017ce si\u0119 poszczyci\u0107 r\u00f3wnie\u017c parafia pw. Nawr\u00f3cenia \u015bw. Paw\u0142a i Sanktuarium \u015bw. Antoniego w Lublinie. \u015aw. Walenty ma w Lublinie sw\u00f3j osobny rokokowy o\u0142tarz. Niestety nie wiadomo sk\u0105d pochodz\u0105 relikwie, gdy\u017c zagin\u0119\u0142a ca\u0142a zwi\u0105zana z nimi dokumentacja.<\/p>\r\n<p>Czciciele \u015bw. Walentego mog\u0105 r\u00f3wnie\u017c nawiedzi\u0107 jego relikwie w pocysterskim ko\u015bciele Wniebowzi\u0119cia NMP w Rudach Wielkich na G\u00f3rnym \u015al\u0105sku oraz na Jasnej G\u00f3rze w jednej z kaplic bocznych jasnog\u00f3rskiej bazyliki &#8211; Kaplicy \u015awi\u0119tych Relikwii. W szklanych gablotach pokrywaj\u0105cych powierzchnie wszystkich \u015bcian tej niezwyk\u0142ej kaplicy znajduj\u0105 si\u0119 relikwiarze wielu \u015bwi\u0119tych i b\u0142ogos\u0142awionych, m.in. \u015bw. Honorata, Kandyda, Filipa Nereusza, Donata, Euzebiusza, a tak\u017ce patrona zakochanych &#8211; Walentego.<br \/> <br \/> <br \/> \u0179r\u00f3d\u0142o: KAI<\/p>","protected":false},"excerpt":{"rendered":"Krak\u00f3w, Pozna\u0144, Che\u0142mno, Lublin, \u0141om\u017ca, Rudy Wielkie i Jasna G\u00f3ra &#8211; te miejscowo\u015bci mog\u0105 poszczyci\u0107 si\u0119 posiadaniem relikwii \u015bw. Walentego, patrona zakochanych.","protected":false},"author":1,"featured_media":0,"comment_status":"closed","ping_status":"closed","sticky":false,"template":"","format":"standard","meta":{"_acf_changed":false,"_monsterinsights_skip_tracking":false,"_monsterinsights_sitenote_active":false,"_monsterinsights_sitenote_note":"","_monsterinsights_sitenote_category":0,"ngg_post_thumbnail":0,"footnotes":"","_wp_rev_ctl_limit":""},"categories":[5],"tags":[],"acf":[],"_links":{"self":[{"href":"https:\/\/www.bibula.com\/index.php?rest_route=\/wp\/v2\/posts\/51875"}],"collection":[{"href":"https:\/\/www.bibula.com\/index.php?rest_route=\/wp\/v2\/posts"}],"about":[{"href":"https:\/\/www.bibula.com\/index.php?rest_route=\/wp\/v2\/types\/post"}],"author":[{"embeddable":true,"href":"https:\/\/www.bibula.com\/index.php?rest_route=\/wp\/v2\/users\/1"}],"replies":[{"embeddable":true,"href":"https:\/\/www.bibula.com\/index.php?rest_route=%2Fwp%2Fv2%2Fcomments&post=51875"}],"version-history":[{"count":0,"href":"https:\/\/www.bibula.com\/index.php?rest_route=\/wp\/v2\/posts\/51875\/revisions"}],"wp:attachment":[{"href":"https:\/\/www.bibula.com\/index.php?rest_route=%2Fwp%2Fv2%2Fmedia&parent=51875"}],"wp:term":[{"taxonomy":"category","embeddable":true,"href":"https:\/\/www.bibula.com\/index.php?rest_route=%2Fwp%2Fv2%2Fcategories&post=51875"},{"taxonomy":"post_tag","embeddable":true,"href":"https:\/\/www.bibula.com\/index.php?rest_route=%2Fwp%2Fv2%2Ftags&post=51875"}],"curies":[{"name":"wp","href":"https:\/\/api.w.org\/{rel}","templated":true}]}}