{"id":51853,"date":"2012-02-13T23:27:15","date_gmt":"2012-02-14T04:27:15","guid":{"rendered":"http:\/\/www.bibula.com\/?p=51853"},"modified":"2012-02-13T23:27:15","modified_gmt":"2012-02-14T04:27:15","slug":"ubecja-nie-bila-tadeusz-m-pluzanski","status":"publish","type":"post","link":"https:\/\/www.bibula.com\/?p=51853","title":{"rendered":"&#8222;Ubecja nie bi\u0142a&#8221; &#8211; <em>Tadeusz M. P\u0142u\u017ca\u0144ski<\/em>"},"content":{"rendered":"<p><strong>W dzia\u0142aniu Kazimierza G. brak by\u0142o cech przest\u0119pstwa &#8211; tak stwierdzi\u0142 w\u0142a\u015bnie S\u0105d Najwy\u017cszy, oddalaj\u0105c za\u017calenie IPN na decyzj\u0119 s\u0105du ni\u017cszej instancji o umorzeniu sprawy zast\u0119pcy Naczelnego Prokuratora Wojskowego z lat stalinizmu. Kazimierz Graff by\u0142 oskar\u017cony o bezprawne stosowanie areszt\u00f3w wobec wi\u0119\u017ani\u00f3w politycznych w latach 40.<\/strong><br \/><br \/>Pion \u015bledczy Instytutu Pami\u0119ci Narodowej zarzuca\u0142 pu\u0142kownikowi Graffowi, \u017ce w 1946 r., jako wiceszef Wojskowej Prokuratury Rejonowej w Warszawie, bezprawnie pozbawia\u0142 wolno\u015bci cz\u0142onk\u00f3w wywiadu Armii Krajowej i II Korpusu Polskiego gen. Andersa. Zdarza\u0142o si\u0119, \u017ce decyzj\u0119 o areszcie przeciwnik\u00f3w politycznych wydawa\u0142 nawet dwa tygodnie po dopuszczalnym przez w\u00f3wczas obowi\u0105zuj\u0105c\u0105 konstytucj\u0119 z 1921 r. terminie 48 godzin od chwili zatrzymania.<\/p>\r\n<p>W sierpniu 2011 r. Wojskowy S\u0105d Okr\u0119gowy w Warszawie uzna\u0142, \u017ce Graff mia\u0142 obowi\u0105zek rozpozna\u0107 wniosek Urz\u0119du Bezpiecze\u0144stwa o aresztowanie podejrzanych, a za przekroczenie terminu odpowiada w\u0142a\u015bnie UB. Na nic zda\u0142y si\u0119 protesty prokuratora, \u017ce nawet je\u015bli przyjmiemy tak\u0105 wyk\u0142adni\u0119, i\u017c to ubecy dzia\u0142ali bezprawnie, to Graff mia\u0142 obowi\u0105zek na t\u0119 bezprawno\u015b\u0107 reagowa\u0107: &#8222;Kto, je\u015bli nie prokurator lub s\u0105d, mia\u0142by powstrzyma\u0107 funkcjonariuszy MBP?&#8221; &#8211; pyta\u0142 prokurator IPN.<\/p>\r\n<p>Dzisiejsi s\u0119dziowie wojskowi uznali, \u017ce &#8222;sprawa nie by\u0142a sfingowana&#8221;, czyli, \u017ce&#8230; ubecja po wojnie nie wymusza\u0142a zezna\u0144 si\u0142\u0105! I jeszcze jeden absurd &#8211; zdaniem WSO, dzia\u0142alno\u015b\u0107 podejrzanych dzi\u015b jest uwa\u017cana za niepodleg\u0142o\u015bciow\u0105, ale z punktu widzenia \u00f3wczesnego pa\u0144stwa by\u0142a dzia\u0142alno\u015bci\u0105 wywiadowcz\u0105!!!<\/p>\r\n<p>Wcze\u015bniej ten s\u0119dzia umorzy\u0142 inn\u0105 spraw\u0119 wobec Graffa &#8211; oskar\u017conego o bezprawne przed\u0142u\u017cenie areszt\u00f3w wobec innych wrog\u00f3w &#8222;ludowej&#8221; w\u0142adzy. Wniosek IPN o wy\u0142\u0105czenie tego\u017c &#8222;umarzacza&#8221; te\u017c nie zosta\u0142 uwzgl\u0119dniony. Stalinowski prokurator t\u0142umaczy\u0142 w\u00f3wczas, \u017ce wytacza mu si\u0119 kolejne sprawy tylko dlatego, \u017ce jest &#8222;jedynym \u017cyj\u0105cym decydentem z tamtych czas\u00f3w&#8221;. &#8222;Nie mog\u0142em s\u0105dzi\u0107, \u017ce przedwojenny oficer zeznaje nieprawd\u0119, a zeznania s\u0105 wymuszone; w aktach sprawy nie by\u0142o \u017cadnych dowod\u00f3w na represyjny charakter tamtego \u015bledztwa&#8221;. Dodawa\u0142, \u017ce by\u0142 wtedy wym\u00f3g aresztu wobec podejrzanego o szpiegostwo, za co grozi\u0142a kara \u015bmierci, a oskar\u017ceni przyznali si\u0119 do zarzutu. W\u0142a\u015bnie w ten spos\u00f3b t\u0142umacz\u0105 si\u0119 dzi\u015b wszyscy stalinowscy s\u0119dziowie i prokuratorzy, skutecznie niestety wmawiaj\u0105c wymiarowi sprawiedliwo\u015bci III RP, \u017ce nie wiedzieli, na jakim \u015bwiecie \u017cyj\u0105. \u0179e nie wiedzieli, i\u017c &#8222;polskie s\u0142u\u017cby&#8221;, na wz\u00f3r sowieckich, wobec wi\u0119\u017ani\u00f3w politycznych wymusza\u0142y zeznania na masow\u0105 skal\u0119.<br \/><br \/><strong>KULA ZA ANTYSEMITYZM<\/strong><br \/><br \/>Te dwie sprawy s\u0105dowe Kazimierza Graffa to kropla w morzu jego zbrodni. Swoje krwawe \u017cniwo p\u00f3\u017aniejszy zast\u0119pca Naczelnego Prokuratora Wojskowego rozpocz\u0105\u0142 na pocz\u0105tku 1946 r., kiedy jako wiceprokurator pracowa\u0142 w Wydziale do Spraw Dora\u017anych S\u0105du Okr\u0119gowego w Siedlcach. Wydzia\u0142y dora\u017ane by\u0142y chyba najbardziej krwawymi s\u0105dami w powojennej Polsce. Ze wzgl\u0119du na liczb\u0119 zas\u0105dzonych i wykonanych wyrok\u00f3w, \u015bmia\u0142o mo\u017cna je nazwa\u0107 komunistycznymi trybuna\u0142ami \u015bmierci. Skazywa\u0142y przeciwnik\u00f3w politycznych, nawet nie pr\u00f3buj\u0105c zachowa\u0107 elementarnych zasad stalinowskiego prawa (sprawy prowadzono w trybie przyspieszonym, bez post\u0119powania dowodowego, prawa do obrony i odwo\u0142ania).<\/p>\r\n<p>I tak 26 lutego 1946 r. na sesji wyjazdowej siedleckiego wydzia\u0142u dora\u017anego w Soko\u0142owie Podlaskim Kazimierz Graff oskar\u017ca\u0142 15 \u017co\u0142nierzy AK, \u017c\u0105daj\u0105c dla nich kary \u015bmierci i pod\u017cegaj\u0105c sk\u0142ad s\u0119dziowski do wydania takich wyrok\u00f3w. W ten spos\u00f3b 10 AK-owc\u00f3w dosta\u0142o KS. \u0179eby tego by\u0142o ma\u0142o &#8211; ju\u017c nast\u0119pnego dnia Graff wyda\u0142 rozkaz ich rozstrzelania tak, aby nie zd\u0105\u017cyli przypadkiem z\u0142o\u017cy\u0107 pro\u015bby o u\u0142askawienie.<\/p>\r\n<p>Skazany w\u00f3wczas na 10 lat Leonard Gierowski zapami\u0119ta\u0142, \u017ce Graff by\u0142 w s\u0105dzie agresywny i napastliwy. Nie pozwoli\u0142 rzecz jasna, by oskar\u017ceni mieli obro\u0144c\u00f3w. Koledze Gierowskiego &#8211; Romanowi Bieli\u0144skiemu powiedzia\u0142, \u017ce &#8222;dostanie kul\u0119 w \u0142eb&#8221; (co rzeczywi\u015bcie si\u0119 sta\u0142o). Pow\u00f3d? Bieli\u0144ski przed wybuchem wojny studiowa\u0142 na Uniwersytecie Warszawskim, gdzie &#8211; jak zaznaczy\u0142 Graff &#8211; szerzy\u0142 si\u0119 antysemityzm. Co krwawy stalinowski prokurator m\u00f3g\u0142 wiedzie\u0107 o stosunkach panuj\u0105cych na przedwojennej polskiej uczelni? Ot\u00f3\u017c sam studiowa\u0142 prawo na UW. Ju\u017c w\u00f3wczas by\u0142 zaanga\u017cowany politycznie: dzia\u0142a\u0142 w Komunistycznym Zwi\u0105zku M\u0142odzie\u017cy &#8222;\u0179ycie&#8221; i z jego ramienia, w latach 1937-38, przewodniczy\u0142 Warszawskiemu Akademickiemu Komitetowi Antygettowemu.<\/p>\r\n<p>Siedlecki s\u0105d &#8222;na k\u00f3\u0142kach&#8221; (razem z prokuratorem Graffem) zawita\u0142 nie tylko do Soko\u0142owa Podlaskiego, ale r\u00f3wnie\u017c do innych okolicznych miejscowo\u015bci, m.in. Ostrowi Mazowieckiej. Za ka\u017cdym razem ni\u00f3s\u0142 ze sob\u0105 obfite \u017cniwo \u015bmierci (w Ostrowi skaza\u0142 na KS 12 os\u00f3b). Z dokument\u00f3w zachowanych w tzw. archiwum Bieruta wiadomo, \u017ce 6 kwietnia 1946 r. Graff uczestniczy\u0142 w wykonaniu egzekucji na Henryku D\u0105browskim, W\u0142odzimierzu \u0141ukawskim, Tadeuszu Matejkowskim, W\u0142adys\u0142awie Mizierskim, Janie Adamiaku i Janie Mo\u015bciborskim.<br \/>S\u0105dy dora\u017ane dzia\u0142a\u0142y od lutego do czerwca 1946 r., orzekaj\u0105c w ca\u0142ej Polsce 364 wyroki \u015bmierci, z tego 334 zosta\u0142y wykonane.<br \/><br \/><strong>ZNALAZ\u0141 SWOJE MIEJSCE W \u0179YCIU<\/strong><br \/><br \/>Kazimierz Graff urodzi\u0142 si\u0119 rok przed odzyskaniem przez Polsk\u0119 niepodleg\u0142o\u015bci &#8211; 11 listopada 1917 r. w Warszawie. By\u0142 najm\u0142odszym z trzech syn\u00f3w kupca Maurycego i nauczycielki Gustawy z Simonberg\u00f3w. Rodzinie \u015bwietnie si\u0119 powodzi\u0142o &#8211; mia\u0142a pi\u0119kne mieszkanie w kamienicy w centrum Warszawy &#8211; w Al. Jerozolimskich pod numerem 93. W 1935 r. Kazimierz uko\u0144czy\u0142 elitarne gimnazjum im. Miko\u0142aja Reja, a zaraz przed wybuchem wojny wspomniane prawo na warszawskim uniwersytecie (taki by\u0142 w\u00f3wczas antysemityzm). Tam mia\u0142 pozna\u0107 innych bohater\u00f3w komunizmu &#8211; Hank\u0119 Szapiro-Sawick\u0105, Janka Krasickiego i&#8230; swoj\u0105 przysz\u0142\u0105 \u017con\u0119.<\/p>\r\n<p>We wrze\u015bniu 1939 r. zaci\u0105gn\u0105\u0142 si\u0119 do 44. Pu\u0142ku Piechoty w R\u00f3wnem. Przed Sowietami uciek\u0142 do Lwowa, gdzie ima\u0142 si\u0119 r\u00f3\u017cnych zawod\u00f3w &#8211; by\u0142 m.in. inspektorem dom\u00f3w akademickich Pa\u0144stwowego Instytutu Medycznego i administratorem w Pa\u0144stwowym Instytucie Krajoznawczym. W ko\u0144cu nast\u0105pi\u0142 wymarzony dla Graffa dzie\u0144 &#8211; po wybuchu wojny sowiecko-niemieckiej wst\u0105pi\u0142 do Armii Czerwonej, by p\u00f3\u017aniej znale\u017a\u0107 si\u0119 w szeregach LWP. Jako dow\u00f3dca kompanii samodzielnej rusznic 3. pp. walczy\u0142 pod Lenino. We wrze\u015bniu 1944 r. zosta\u0142 ci\u0119\u017cko ranny w walkach na warszawskiej Pradze.<br \/>W prokuraturze wojskowej rozpocz\u0105\u0142 prac\u0119 w 1945 r. (dobrowolnie; do prze\u0142o\u017conych pisa\u0142, \u017ce &#8222;znalaz\u0142 swoje miejsce w \u017cyciu&#8221;). Podobno by\u0142 inteligentny i dowcipny. Po serii morderstw s\u0105dowych w Siedleckiem, Kazimierz Graff awansowa\u0142 &#8211; w czerwcu 1946 r. zosta\u0142 majorem. Ju\u017c w grudniu zosta\u0142 g\u0142\u00f3wnym oskar\u017cycielem w sprawie poakowskiej organizacji zbrojnej &#8211; Konspiracyjnego Wojska Polskiego, dowodzonego przez legendarnego kpt. Stanis\u0142awa Sojczy\u0144skiego &#8222;Warszyca&#8221;. Dla dow\u00f3dcy i jego \u017co\u0142nierzy domaga\u0142 si\u0119 wielokrotnych kar \u015bmierci, kt\u00f3re zosta\u0142y nast\u0119pnie wykonane. &#8222;Warszyca&#8221; rozstrzelano 17 lutego 1947 r., na kilka dni przed wej\u015bciem w \u017cycie amnestii.<br \/><br \/><strong>&#8222;TO NIE JA MORDOWA\u0141EM, TYLKO ONI&#8221;<\/strong><br \/><br \/>W wolnej Polsce, poprzedniczka IPN &#8211; G\u0142\u00f3wna Komisji Badania Zbrodni Przeciwko Narodowi Polskiemu ustali\u0142a, \u017ce skazanie Stanis\u0142awa Sojczy\u0144skiego by\u0142o morderstwem s\u0105dowym. Konspiracyjne Wojsko Polskie zosta\u0142o uznane za jednostk\u0119 walcz\u0105c\u0105 o niepodleg\u0142o\u015b\u0107 kraju przeciwko sowieckiemu zniewoleniu.<br \/>Kazimierz Graff odm\u00f3wi\u0142 rozmowy o procesie &#8222;Warszyca&#8221;.<\/p>\r\n<p>&#8211; Wyje\u017cd\u017cam na d\u0142u\u017cej &#8211; o\u015bwiadczy\u0142. &#8211; Wszystko znajdzie pan w aktach. Nie mam nic do dodania.<br \/>&#8211; A zarzut o morderstwo s\u0105dowe?<br \/>&#8211; To tylko sugestia. Kiedy\u015b by\u0142y inne oceny, teraz s\u0105 inne.<br \/>&#8211; Dla Stanis\u0142awa Sojczy\u0144skiego domaga\u0142 si\u0119 pan kilku kar \u015bmierci&#8230;<br \/>&#8211; Mo\u017ce to du\u017co, a mo\u017ce ma\u0142o. Spraw\u0119 oceni\u0105 historycy.<br \/>&#8211; Niczego pan nie \u017ca\u0142uje?<br \/>&#8211; Udzia\u0142u w procesie &#8222;Warszyca&#8221; &#8211; nie. \u0179a\u0142uj\u0119 tylko, \u017ce w og\u00f3le by\u0142y takie sprawy, \u017ce mordowano ludzi.<br \/>&#8211; Nie czuje si\u0119 pan winny morderstwa?<br \/>&#8211; &#8230;<br \/>Po chwili s\u0142ycha\u0107 \u015bciszony g\u0142os \u017cony. Podpowiada, co Graff ma m\u00f3wi\u0107.<br \/>&#8211; Morderstwo? Przecie\u017c to nie ja mordowa\u0142em, tylko oni.<br \/>&#8211; Kto?<br \/>&#8211; Przepraszam, ale musz\u0119 ju\u017c ko\u0144czy\u0107.<br \/>&#8211; Kiedy przes\u0142uchiwali\u015bmy Graffa w 1997 r., twierdzi\u0142, \u017ce nie pami\u0119ta procesu &#8222;Warszyca&#8221;. Niewiele brakowa\u0142o, aby zapomnia\u0142, \u017ce w og\u00f3le pracowa\u0142 w s\u0105downictwie &#8211; us\u0142yszeli\u015bmy przed laty w \u0142\u00f3dzkiej Komisji Badania Zbrodni Przeciwko Narodowi Polskiemu, kt\u00f3ra prowadzi\u0142a dochodzenie w sprawie zab\u00f3jstwa Stanis\u0142awa Sojczy\u0144skiego.<br \/>Za &#8222;Warszyca&#8221; Graff dostaje kolejny awans &#8211; we wrze\u015bniu 1949 r. zostaje zast\u0119pc\u0105 Naczelnego Prokuratora Wojskowego Stanis\u0142awa Zarako-Zarakowskiego.<br \/><br \/><strong>BEZ S\u0141OWA &#8222;PRZEPRASZAM&#8221;<\/strong><br \/><br \/>\u0179ona Kazimierza Graffa, Alicja &#8211; w czasach stalinowskich wicedyrektorka Departamentu III Generalnej Prokuratury, w 1953 r. podpisa\u0142a si\u0119 pod pismem do naczelnika wi\u0119zienia na Rakowieckiej, informuj\u0105cym o terminie wykonania wyroku \u015bmierci na generale Augu\u015bcie Emilu Fieldorfie &#8222;Nilu&#8221;. Podobnie, jak w przypadku &#8222;Warszyca&#8221;, by\u0142 to mord s\u0105dowy. Kiedy po latach rodzina bohatera Polski Podziemnej napisa\u0142a do niej list z pro\u015bb\u0105 o wyja\u015bnienie okoliczno\u015bci \u015bmierci gen. Fieldorfa, Graffowa nie odpisa\u0142a. Do dzi\u015b nie odpowiedzia\u0142a na pytanie: jak zgin\u0105\u0142 legendarny szef Kedywu Komendy G\u0142\u00f3wnej Armii Krajowej, ani na \u017cadne inne pytanie o swoj\u0105 przesz\u0142o\u015b\u0107 i rol\u0119 w stalinowskim systemie bezprawia. Nie zdoby\u0142a si\u0119 na s\u0142owo &#8222;przepraszam&#8221;.<\/p>\r\n<p>Alicja Graff by\u0142a zaanga\u017cowana nie tylko w morderstwo na gen. Fieldorfie. Nadzorowa\u0142a r\u00f3wnie\u017c spraw\u0119 aresztowanego przez bezpiek\u0119 p\u0142k. Wac\u0142awa Kostka-Biernackiego, zaufanego J\u00f3zefa Pi\u0142sudskiego jeszcze z czas\u00f3w legionowych. W pi\u015bmie z 19 listopada 1953 r. Graff wymienia\u0142a zarzuty wobec Biernackiego: &#8222;Od 1931 r. do 31 sierpnia 1939 r. w zwi\u0105zku z wykonywaniem urz\u0119du wojewody nowogr\u00f3dzkiego i poleskiego na terenie tych wojew\u00f3dztw realizowa\u0142 polityk\u0119 sanacyjnego rz\u0105du faszystowskiego d\u0142awienia rewolucyjnego ruchu mas pracuj\u0105cych miast i wsi oraz wynaradawiania ludno\u015bci ukrai\u0144skiej i bia\u0142oruskiej. (&#8230;) Nadzorowa\u0142 znajduj\u0105cy si\u0119 na podleg\u0142ym mu terenie ob\u00f3z w Berezie Kartuskiej, b\u0119d\u0105cy zorganizowanym o\u015brodkiem wyniszczania dzia\u0142aczy ruchu robotniczego&#8221;. Dalej pani prokurator przywo\u0142a\u0142a suche liczby: &#8222;Pocz\u0105tek kary dnia 9.XI.1945 r., koniec kary 9.XI.1955 r. (&#8230;) pozosta\u0142o do odbycia 2 lata wi\u0119zienia [10 kwietnia 1953 roku S\u0105d Wojew\u00f3dzki w Warszawie skaza\u0142 Wac\u0142awa Kostka-Biernackiego na kar\u0119 \u015bmierci, zamienion\u0105 potem na 10 lat wi\u0119zienia, z zaliczeniem aresztu \u015bledczego &#8211; TMP]&#8221;.<\/p>\r\n<p>Nast\u0119pnie Graff opisywa\u0142a zachowanie i stan zdrowia wi\u0119\u017ania: &#8222;Opinia Naczelnika Wi\u0119zienia z wrze\u015bnia 1953 r. &#8211; negatywna. Z orzeczenia Komisji Lekarskiej z dnia 1.IX.1953 r. wynika, \u017ce skazany cierpi na przewlek\u0142y zniekszta\u0142caj\u0105cy go\u015bciec stawowy, mia\u017cd\u017cyc\u0119 uog\u00f3lnion\u0105, zwyrodnienie mia\u017cd\u017cycowe mi\u0119\u015bnia sercowego, rozedm\u0119 p\u0142uc, padaczk\u0119 oraz \u017ce wskazana jest [przekre\u015blone d\u0142ugopisem s\u0142owa: przedterminowe zwolnienie &#8211; TMP] przerwa na okres 1 roku z uwagi na chorob\u0119 przewlek\u0142\u0105, stale pogarszaj\u0105c\u0105 si\u0119&#8221;. P\u0142k Wac\u0142aw Kostek-Biernacki zmar\u0142 w maju 1957 r., nieca\u0142e dwa lata po odbyciu ca\u0142ej, 10-letniej kary w wi\u0119zieniu na Rakowieckiej w Warszawie. \u0179y\u0142by d\u0142u\u017cej, gdyby nie mozolna praca &#8222;oficer\u00f3w&#8221; \u015bledczych. Mia\u0142 tylko to szcz\u0119\u015bcie, \u017ce \u015bmier\u0107 dosi\u0119g\u0142a go na wolno\u015bci.<br \/><br \/><strong>POLITYCZNE MIELIZNY<\/strong><br \/><br \/>Funkcj\u0119 zast\u0119pcy Naczelnego Prokuratora Wojskowego Kazimierz Graff pe\u0142ni\u0142 do listopada 1951 r. Nast\u0119pnie, do 1968 r., kierowa\u0142 Prokuratur\u0105 Warszawskiego Okr\u0119gu Wojskowego. By\u0142 znany z tego, \u017ce nagle, jako wys\u0142annik wy\u017cszych czynnik\u00f3w, pojawia\u0142 si\u0119 na rozprawach s\u0105dowych. W trakcie jednego z takich proces\u00f3w miejscowy prokurator po konsultacjach z nim oraz &#8222;korespondencji&#8221; przy u\u017cyciu podawanych pod sto\u0142em karteczek wni\u00f3s\u0142 o jak najszybsze zako\u0144czenie rozprawy. Gdy s\u0105d doszed\u0142 do wniosku, \u017ce spraw\u0119 nale\u017cy jednak kontynuowa\u0107, &#8222;p\u0142k Graff da\u0142 otwarcie wyraz niezadowoleniu z tej decyzji s\u0105du, uciekaj\u0105c si\u0119 nawet do osobistych uszczypliwych uwag&#8221;.<\/p>\r\n<p>Kazimierz Graff zas\u0142yn\u0105\u0142 jako wsp\u00f3\u0142autor aktu oskar\u017cenia w sprawie wspomnianego ju\u017c genera\u0142a Tatara i innych oficer\u00f3w WP, maj\u0105cej wykry\u0107 &#8222;imperialistyczny spisek w wojsku&#8221;. Pismo powsta\u0142o na polecenie Bieruta. Zmar\u0142y kilka lat temu historyk wojskowo\u015bci Jerzy Poksi\u0144ski napisa\u0142, \u017ce akt oskar\u017cenia &#8222;by\u0142 dokumentem politycznym. Stanowi\u0142 wyk\u0142adni\u0119 merytoryczn\u0105 i metodologiczn\u0105 dla ni\u017cszych szczebli machiny represyjnej pa\u0144stwa. Z tego wzgl\u0119du przygotowaniem i zawartymi w nim tre\u015bciami by\u0142y zainteresowane najwy\u017csze czynniki w pa\u0144stwie&#8221;.<br \/>&#8222;Najwy\u017csze czynniki&#8221; w osobach Bieruta i Bermana nie zaakceptowa\u0142y jednak tez oskar\u017cycielskich, uznaj\u0105c, \u017ce zawieraj\u0105 zbyt wiele &#8222;mielizn politycznych&#8221;, a niekt\u00f3re fragmenty okre\u015blono wr\u0119cz jako &#8222;naiwne&#8221;. Nad nast\u0119pn\u0105 wersj\u0105 oskar\u017cenia pracowali ju\u017c ludzie z departamentu \u015bledczego MBP &#8211; Anatol Fejgin i J\u00f3zef Goldberg-R\u00f3\u017ca\u0144ski.<\/p>\r\n<p>Po 1968 r., na fali antysemickich czystek, Kazimierz Graff zosta\u0142 usuni\u0119ty z prokuratury wojskowej i dwa lata p\u00f3\u017aniej rozpocz\u0105\u0142 praktyk\u0119 adwokack\u0105. W 1997 r., na wniosek rodziny jednego ze straconych, zosta\u0142 skre\u015blony z listy adwokat\u00f3w. &#8222;P\u0142k&#8221; Kazimierz Graff od lat mieszka w centrum Warszawy, a ze wzgl\u0119du na swoje &#8222;zas\u0142ugi&#8221; do niedawna dostawa\u0142 od pa\u0144stwa 4 tys. emerytury. Niema\u0142e pieni\u0105dze za &#8222;s\u0142u\u017cb\u0119 krajowi&#8221; otrzymywa\u0142a r\u00f3wnie\u017c jego \u017cona Alicja.<br \/><br \/><em><strong>Tadeusz M. P\u0142u\u017ca\u0144ski<\/strong><\/em><\/p>","protected":false},"excerpt":{"rendered":"W dzia\u0142aniu Kazimierza G. brak by\u0142o cech przest\u0119pstwa &#8211; tak stwierdzi\u0142 w\u0142a\u015bnie S\u0105d Najwy\u017cszy, oddalaj\u0105c za\u017calenie IPN na decyzj\u0119 s\u0105du ni\u017cszej instancji o umorzeniu sprawy zast\u0119pcy Naczelnego Prokuratora Wojskowego z lat stalinizmu. Kazimierz Graff by\u0142 oskar\u017cony o bezprawne stosowanie areszt\u00f3w wobec wi\u0119\u017ani\u00f3w politycznych w latach 40.Pion \u015bledczy Instytutu Pami\u0119ci Narodowej zarzuca\u0142 pu\u0142kownikowi Graffowi, \u017ce w [&hellip;]","protected":false},"author":1,"featured_media":0,"comment_status":"closed","ping_status":"closed","sticky":false,"template":"","format":"standard","meta":{"_acf_changed":false,"_monsterinsights_skip_tracking":false,"_monsterinsights_sitenote_active":false,"_monsterinsights_sitenote_note":"","_monsterinsights_sitenote_category":0,"ngg_post_thumbnail":0,"footnotes":"","_wp_rev_ctl_limit":""},"categories":[9],"tags":[197,81,36],"acf":[],"_links":{"self":[{"href":"https:\/\/www.bibula.com\/index.php?rest_route=\/wp\/v2\/posts\/51853"}],"collection":[{"href":"https:\/\/www.bibula.com\/index.php?rest_route=\/wp\/v2\/posts"}],"about":[{"href":"https:\/\/www.bibula.com\/index.php?rest_route=\/wp\/v2\/types\/post"}],"author":[{"embeddable":true,"href":"https:\/\/www.bibula.com\/index.php?rest_route=\/wp\/v2\/users\/1"}],"replies":[{"embeddable":true,"href":"https:\/\/www.bibula.com\/index.php?rest_route=%2Fwp%2Fv2%2Fcomments&post=51853"}],"version-history":[{"count":0,"href":"https:\/\/www.bibula.com\/index.php?rest_route=\/wp\/v2\/posts\/51853\/revisions"}],"wp:attachment":[{"href":"https:\/\/www.bibula.com\/index.php?rest_route=%2Fwp%2Fv2%2Fmedia&parent=51853"}],"wp:term":[{"taxonomy":"category","embeddable":true,"href":"https:\/\/www.bibula.com\/index.php?rest_route=%2Fwp%2Fv2%2Fcategories&post=51853"},{"taxonomy":"post_tag","embeddable":true,"href":"https:\/\/www.bibula.com\/index.php?rest_route=%2Fwp%2Fv2%2Ftags&post=51853"}],"curies":[{"name":"wp","href":"https:\/\/api.w.org\/{rel}","templated":true}]}}