{"id":51802,"date":"2012-02-13T11:02:27","date_gmt":"2012-02-13T16:02:27","guid":{"rendered":"http:\/\/www.bibula.com\/?p=51802"},"modified":"2020-09-21T20:19:37","modified_gmt":"2020-09-22T00:19:37","slug":"walesa-wciaz-sciga-wyszkowskiego","status":"publish","type":"post","link":"https:\/\/www.bibula.com\/?p=51802","title":{"rendered":"Wa\u0142\u0119sa wci\u0105\u017c \u015bciga Wyszkowskiego"},"content":{"rendered":"<p><strong>Lech Wa\u0142\u0119sa domaga si\u0119 30 tys. z\u0142 i przeprosin od legendarnego dzia\u0142acza opozycji Krzysztofa Wyszkowskiego. O co chodzi? O to, \u017ce wsp\u00f3\u0142za\u0142o\u017cyciel Wolnych Zwi\u0105zk\u00f3w Zawodowych nazwa\u0142 by\u0142ego prezydenta \u201eagentem\u201d.<\/strong><\/p>\r\n<p>&#8211; Mam nadziej\u0119, \u017ce s\u0105d badaj\u0105c spraw\u0119 odnosz\u0105c\u0105 si\u0119 do mojej wypowiedzi sprzed niemal sze\u015bciu lat, we\u017amie pod uwag\u0119 obecny stan wiedzy na temat relacji Wa\u0142\u0119sy z komunistycznymi s\u0142u\u017cbami. W ostatnich latach ukaza\u0142y si\u0119 nowe publikacje historyczne na ten temat, a w nied\u0142ugim czasie pojawi\u0105 si\u0119 kolejne &#8211; m\u00f3wi w rozmowie z \u201eCodzienn\u0105\u201d Krzysztof Wyszkowski. &#8211; No, chyba \u017ce b\u0119dzie inaczej i s\u0105d wyda wyrok, opieraj\u0105c si\u0119 na poprzednich orzeczeniach &#8211; dodaje.<\/p>\r\n<p>Sprawa ma ju\u017c bardzo d\u0142ug\u0105 histori\u0119. Dotyczy wypowiedzi Wyszkowskiego z grudnia 2007 r. W\u00f3wczas powiedzia\u0142 on dziennikarzowi Polskiej Agencji Prasowej, \u017ce \u201eLech Wa\u0142\u0119sa by\u0142 agentem, bra\u0142 za to du\u017ce wynagrodzenie\u201d. Wypowied\u017a nagra\u0142a telewizja publiczna i wyemitowa\u0142a na antenie.<br \/>\r\n<br \/>\r\nBy\u0142y prezydent &#8211; wierny przyrzeczeniu, \u017ce nie popu\u015bci Wyszkowskiemu &#8211; wytoczy\u0142 mu proces. Zosta\u0142 on jednak zawieszony. Przed gda\u0144skim s\u0105dem toczy\u0142a si\u0119 bowiem inna sprawa, w kt\u00f3rej Wa\u0142\u0119sa wyst\u0119powa\u0142 przeciw dzia\u0142aczowi opozycji z Wybrze\u017ca. Na pocz\u0105tku stycznia tego roku S\u0105d Okr\u0119gowy w Gda\u0144sku postanowi\u0142 wznowi\u0107 spraw\u0119 sprzed lat.<br \/>\r\n<br \/>\r\nCo si\u0119 sta\u0142o, \u017ce wr\u00f3ci\u0142a ona na wokand\u0119? Rzecznik s\u0105du Tomasz Adamski wyja\u015bnia, \u017ce pod koniec ubieg\u0142ego roku S\u0105d Najwy\u017cszy odm\u00f3wi\u0142 Wyszkowskiemu przyj\u0119cia skargi kasacyjnej. Tym samym podtrzyma\u0142 wyrok, na kt\u00f3rego mocy by\u0142y zwi\u0105zkowiec mia\u0142 przeprosi\u0107 by\u0142ego prezydenta za \u201eBolka\u201d.<br \/>\r\n<br \/>\r\nW odpowiedzi na pozew Krzysztof Wyszkowski podkre\u015bla, \u017ce nie m\u00f3g\u0142 naruszy\u0107 d\u00f3br osobistych Wa\u0142\u0119sy. \u201eO naruszeniu takim mo\u017cna by ewentualnie m\u00f3wi\u0107 tylko w\u00f3wczas, gdyby pow\u00f3d [Wa\u0142\u0119sa &#8211; przyp. red.] konfidentem SB nigdy nie by\u0142\u201d. Zamieszcza r\u00f3wnie\u017c obszerne fragmenty dokument\u00f3w, kt\u00f3re maj\u0105 \u015bwiadczy\u0107 o wsp\u00f3\u0142pracy by\u0142ego prezydenta ze S\u0142u\u017cb\u0105 Bezpiecze\u0144stwa.<br \/>\r\n<br \/>\r\nW tej sytuacji Wyszkowski uwa\u017ca, \u017ce s\u0105d powinien w og\u00f3le oddali\u0107 pow\u00f3dztwo Wa\u0142\u0119sy. Argumentuje, \u017ce by\u0142y prezydent sam wielokrotnie mia\u0142 si\u0119 przyznawa\u0107 do wsp\u00f3\u0142pracy z SB.<br \/>\r\n<br \/>\r\nW odpowiedzi na pozew pisze, \u017ce zrobi\u0142 to np. 4 czerwca 1992 r., gdy minister spraw wewn\u0119trznych przedstawi\u0142 Sejmowi oficjalne dane o zwerbowaniu Lecha Wa\u0142\u0119sy, jako tajnego wsp\u00f3\u0142pracownika S\u0142u\u017cy Bezpiecze\u0144stwa o ps. Bolek. Cytuje fragment o\u015bwiadczenia Wa\u0142\u0119sy w tej sprawie dla PAP: \u201ew grudniu 1970 r. podpisa\u0142em 3 albo 4 dokumenty\u201d.<\/p>\r\n<p><em><strong>Wojciech Kami\u0144ski<\/strong><\/em><\/p>","protected":false},"excerpt":{"rendered":"Lech Wa\u0142\u0119sa domaga si\u0119 30 tys. z\u0142 i przeprosin od legendarnego dzia\u0142acza opozycji Krzysztofa Wyszkowskiego. O co chodzi? O to, \u017ce wsp\u00f3\u0142za\u0142o\u017cyciel Wolnych Zwi\u0105zk\u00f3w Zawodowych nazwa\u0142 by\u0142ego prezydenta \u201eagentem\u201d. &#8211; Mam nadziej\u0119, \u017ce s\u0105d badaj\u0105c spraw\u0119 odnosz\u0105c\u0105 si\u0119 do mojej wypowiedzi sprzed niemal sze\u015bciu lat, we\u017amie pod uwag\u0119 obecny stan wiedzy na temat relacji Wa\u0142\u0119sy [&hellip;]","protected":false},"author":1,"featured_media":0,"comment_status":"closed","ping_status":"closed","sticky":false,"template":"","format":"standard","meta":{"_acf_changed":false,"_monsterinsights_skip_tracking":false,"ngg_post_thumbnail":0,"footnotes":"","_wp_rev_ctl_limit":""},"categories":[8],"tags":[36,73],"acf":[],"_links":{"self":[{"href":"https:\/\/www.bibula.com\/index.php?rest_route=\/wp\/v2\/posts\/51802"}],"collection":[{"href":"https:\/\/www.bibula.com\/index.php?rest_route=\/wp\/v2\/posts"}],"about":[{"href":"https:\/\/www.bibula.com\/index.php?rest_route=\/wp\/v2\/types\/post"}],"author":[{"embeddable":true,"href":"https:\/\/www.bibula.com\/index.php?rest_route=\/wp\/v2\/users\/1"}],"replies":[{"embeddable":true,"href":"https:\/\/www.bibula.com\/index.php?rest_route=%2Fwp%2Fv2%2Fcomments&post=51802"}],"version-history":[{"count":1,"href":"https:\/\/www.bibula.com\/index.php?rest_route=\/wp\/v2\/posts\/51802\/revisions"}],"predecessor-version":[{"id":118712,"href":"https:\/\/www.bibula.com\/index.php?rest_route=\/wp\/v2\/posts\/51802\/revisions\/118712"}],"wp:attachment":[{"href":"https:\/\/www.bibula.com\/index.php?rest_route=%2Fwp%2Fv2%2Fmedia&parent=51802"}],"wp:term":[{"taxonomy":"category","embeddable":true,"href":"https:\/\/www.bibula.com\/index.php?rest_route=%2Fwp%2Fv2%2Fcategories&post=51802"},{"taxonomy":"post_tag","embeddable":true,"href":"https:\/\/www.bibula.com\/index.php?rest_route=%2Fwp%2Fv2%2Ftags&post=51802"}],"curies":[{"name":"wp","href":"https:\/\/api.w.org\/{rel}","templated":true}]}}