{"id":51640,"date":"2012-02-09T21:55:32","date_gmt":"2012-02-10T02:55:32","guid":{"rendered":"http:\/\/www.bibula.com\/?p=51640"},"modified":"2012-02-10T15:42:45","modified_gmt":"2012-02-10T20:42:45","slug":"francja-kaplica-fsspx-w-amiens","status":"publish","type":"post","link":"https:\/\/www.bibula.com\/?p=51640","title":{"rendered":"Francja: Kaplica FSSPX w Amiens"},"content":{"rendered":"<p><strong>Tradycyjni katolicy w Amiens dysponuj\u0105 wreszcie godnym miejscem kultu. Dzi\u0119ki hojno\u015bci wiernych ks. R\u00c3\u00a9gis de Cacqueray, prze\u0142o\u017cony francuskiego dystryktu Bractwa Kap\u0142a\u0144skiego \u015aw. Piusa X, m\u00f3g\u0142 w jego imieniu stan\u0105\u0107 do przetargu i zakupi\u0107 od francuskiej armii by\u0142\u0105 katolick\u0105 kaplic\u0119 znajduj\u0105c\u0105 si\u0119 na terenie likwidowanych koszar.<\/strong><\/p>\r\n<table class=\"outset\" style=\"width: 219px; height: 368px;\" align=\"left\">\r\n<tbody>\r\n<tr>\r\n<td><img decoding=\"async\" src=\"http:\/\/www.piusbruderschaft.de\/images\/stories\/fsspx\/intro_neue_kapelle_amiens.jpg\" alt=\"\" \/><\/td>\r\n<\/tr>\r\n<tr>\r\n<td>\r\n<p class=\"zrodlo\">Nowo zakupiona kaplica FSSPX w Amiens<\/p>\r\n<\/td>\r\n<\/tr>\r\n<tr>\r\n<td><hr \/><\/td>\r\n<\/tr>\r\n<tr>\r\n<td><img decoding=\"async\" src=\"http:\/\/2.bp.blogspot.com\/-r8Xf9waZRoU\/TzKmkUC0ROI\/AAAAAAAAChU\/e8Wk6kZzP9A\/s400\/amiens_441.jpg\" alt=\"\" \/><\/td>\r\n<\/tr>\r\n<tr>\r\n<td>\r\n<p class=\"zrodlo\">Budynek dawnego seminarium lazaryst\u00f3w, kt\u00f3rego cz\u0119\u015bci\u0105 jest kaplica zakupiona przez Bractwo<\/p>\r\n<\/td>\r\n<\/tr>\r\n<\/tbody>\r\n<\/table>\r\n<p>Budynek zosta\u0142 wzniesiony w latach 1741-1752 przez bp. Ludwika Franciszka Gabriela d\u2019Orl\u00c3\u00a9ans de La Motte jako cz\u0119\u015b\u0107 tzw. Wielkiego Seminarium \u201d\u201d kompleksu seminaryjnego nale\u017c\u0105cego do Zgromadzenia Misjonarzy \u015bw. Wincentego a Paulo (lazaryst\u00f3w) i do pocz\u0105tku XX wieku, z przerw\u0105 na czas rewolucji francuskiej, s\u0142u\u017cy\u0142 klerykom jako kaplica. W 1901 r. francuski parlament uchwali\u0142 ustawy maj\u0105ce na celu ograniczenie liczby\u00a0 katolickich szk\u00f3\u0142 i likwidacj\u0119 zakon\u00f3w, skutkiem czego w 1903 r. lazary\u015bci zostali zmuszeni do opuszczenia Amiens. Budynkiem w tym czasie administrowa\u0142y w\u0142adze lokalne. Dwa lata p\u00f3\u017aniej maso\u0144ski rz\u0105d Emila Combesa uchwali\u0142 antykatolickie prawa odsuwaj\u0105ce Ko\u015bci\u00f3\u0142 od wp\u0142ywu na \u017cycie publiczne i wyw\u0142aszczaj\u0105ce go z maj\u0105tku. To w\u00f3wczas w seminarium urz\u0105dzono koszary, a kaplic\u0119 zacz\u0119to wykorzystywa\u0107 jako miejsce comiesi\u0119cznych konwentykli wojskowej lo\u017cy wolnomularskiej.<\/p>\r\n<p>Obecnie armia sprzeda\u0142a budynki prywatnemu inwestorowi, kt\u00f3ry planuje przekszta\u0142ci\u0107 je w kompleks blisko 90 luksusowych mieszka\u0144. Pocz\u0105tkowo planowano zaadaptowa\u0107 na ten cel tak\u017ce dawn\u0105 kaplic\u0119. Kiedy okaza\u0142o si\u0119 to zbyt kosztowne, pojawi\u0142 si\u0119 pomys\u0142 urz\u0105dzenia tam niewielkiego basenu i sali gimnastycznej dla mieszka\u0144c\u00f3w apartamentowca. W ko\u0144cu jednak deweloper zrezygnowa\u0142 z tych projekt\u00f3w i kaplic\u0119 uda\u0142o si\u0119 naby\u0107 Bractwu \u015aw. Piusa X, kt\u00f3re przywr\u00f3ci j\u0105 katolickiemu kultowi.<\/p>\r\n<p>Dla wiernych z Pikardii wiadomo\u015b\u0107 jest tym lepsza, \u017ce kaplica le\u017cy w samym centrum miasta, zaledwie kilkaset metr\u00f3w od schod\u00f3w katedry Notre-Dame d\u2019Amiens \u201d\u201d\u00a0miejsca, gdzie dot\u0105d spotykali si\u0119 na Mszach \u015bw. Tamtejszy ordynariusz, bp Jan \u0141ukasz Bouilleret, mimo i\u017c w mie\u015bcie nie brakuje pustych ko\u015bcio\u0142\u00f3w, na dodatek ch\u0119tnie u\u017cyczanych przez diecezj\u0119 wsp\u00f3lnotom innowierczym, systematycznie odmawia\u0142 udost\u0119pnienia \u015bwi\u0105tyni dla sprawowania tradycyjnej liturgii.<\/p>\r\n<p>(\u017ar\u00f3d\u0142o: courrier-picard.fr, piusbruderschaft.de, 5 lutego 2012).<\/p>\r\n<p>&nbsp;<\/p>\r\n<p>&nbsp;<\/p>\r\n<p>&nbsp;<\/p>\r\n<p>&nbsp;<\/p>\r\n<p>&nbsp;<\/p>","protected":false},"excerpt":{"rendered":"Tradycyjni katolicy w Amiens dysponuj\u0105 wreszcie godnym miejscem kultu. Dzi\u0119ki hojno\u015bci wiernych ks. R\u00c3\u00a9gis de Cacqueray, prze\u0142o\u017cony francuskiego dystryktu Bractwa Kap\u0142a\u0144skiego \u015aw. Piusa X, m\u00f3g\u0142 w jego imieniu stan\u0105\u0107 do przetargu i zakupi\u0107 od francuskiej armii by\u0142\u0105 katolick\u0105 kaplic\u0119 znajduj\u0105c\u0105 si\u0119 na terenie likwidowanych koszar. Nowo zakupiona kaplica FSSPX w Amiens Budynek dawnego seminarium lazaryst\u00f3w, [&hellip;]","protected":false},"author":1,"featured_media":0,"comment_status":"closed","ping_status":"closed","sticky":false,"template":"","format":"standard","meta":{"_acf_changed":false,"_monsterinsights_skip_tracking":false,"ngg_post_thumbnail":0,"footnotes":"","_wp_rev_ctl_limit":""},"categories":[3],"tags":[32],"acf":[],"_links":{"self":[{"href":"https:\/\/www.bibula.com\/index.php?rest_route=\/wp\/v2\/posts\/51640"}],"collection":[{"href":"https:\/\/www.bibula.com\/index.php?rest_route=\/wp\/v2\/posts"}],"about":[{"href":"https:\/\/www.bibula.com\/index.php?rest_route=\/wp\/v2\/types\/post"}],"author":[{"embeddable":true,"href":"https:\/\/www.bibula.com\/index.php?rest_route=\/wp\/v2\/users\/1"}],"replies":[{"embeddable":true,"href":"https:\/\/www.bibula.com\/index.php?rest_route=%2Fwp%2Fv2%2Fcomments&post=51640"}],"version-history":[{"count":0,"href":"https:\/\/www.bibula.com\/index.php?rest_route=\/wp\/v2\/posts\/51640\/revisions"}],"wp:attachment":[{"href":"https:\/\/www.bibula.com\/index.php?rest_route=%2Fwp%2Fv2%2Fmedia&parent=51640"}],"wp:term":[{"taxonomy":"category","embeddable":true,"href":"https:\/\/www.bibula.com\/index.php?rest_route=%2Fwp%2Fv2%2Fcategories&post=51640"},{"taxonomy":"post_tag","embeddable":true,"href":"https:\/\/www.bibula.com\/index.php?rest_route=%2Fwp%2Fv2%2Ftags&post=51640"}],"curies":[{"name":"wp","href":"https:\/\/api.w.org\/{rel}","templated":true}]}}