{"id":51628,"date":"2012-02-09T13:13:58","date_gmt":"2012-02-09T18:13:58","guid":{"rendered":"http:\/\/www.bibula.com\/?p=51628"},"modified":"2012-02-09T13:13:58","modified_gmt":"2012-02-09T18:13:58","slug":"konsultacje-w-sprawie-nieistniejacej-ustawy-zbigniew-kuzmiuk","status":"publish","type":"post","link":"https:\/\/www.bibula.com\/?p=51628","title":{"rendered":"Konsultacje w sprawie nieistniej\u0105cej ustawy &#8211; <em>Zbigniew Ku\u017amiuk<\/em>"},"content":{"rendered":"<p><strong>Wczoraj Prezydent Komorowski rozpocz\u0105\u0142 konsultacje z klubami parlamentarnymi w sprawie podwy\u017cszenia wieku emerytalnego, cho\u0107 do tej pory rz\u0105d nie przygotowa\u0142 projektu ustawy w tej sprawie.<\/strong><\/p>\r\n<p>W konsultacjach uczestniczy\u0142a tak\u017ce pani Komorowska, co jest \u201enow\u0105 jako\u015bci\u0105\u201d w historii prezydentury w Polsce. Do tej pory \u017cony Prezydent\u00f3w RP uczestniczy\u0142y w przyjmowaniu zagranicznych go\u015bci, w wyjazdach zagranicznych ale g\u0142\u00f3wnie koncentrowa\u0142y si\u0119 na prowadzeniu dzia\u0142alno\u015bci charytatywnej.<\/p>\r\n<p>Ten ruch Pani Prezydentowej Komorowskiej i uczestnictwo w merytorycznej debacie z udzia\u0142em wszystkich partii reprezentowanych w Parlamencie, mo\u017ce by\u0107 zapowiedzi\u0105 pojawienia si\u0119 w naszym systemie prezydentury instytucji Wiceprezydenta.<\/p>\r\n<p>Rz\u0105d nie zd\u0105\u017cy\u0142 zaprezentowa\u0107 jakiegokolwiek projektu ustawy w sprawie podwy\u017cszenia wieku emerytalnego, mimo tego, \u017ce Premier zaprezentowa\u0142 g\u0142\u00f3wne idee tego pomys\u0142u ju\u017c 18 listopada poprzedniego roku, podczas sejmowego expose.<\/p>\r\n<p>Wczoraj Prezydent Komorowski m\u00f3wi\u0105c o rz\u0105dowym projekcie, poinformowa\u0142 przedstawicieli klub\u00f3w parlamentarnych, \u017ce rz\u0105d skieruje do Sejmu \u201ego\u0142y projekt ustawy\u201d co chyba jest sugesti\u0105, \u017ce projekt ten b\u0119dzie zawiera\u0142 tylko zapisy m\u00f3wi\u0105ce o zr\u00f3wnaniu wieku emerytalnego kobiet i m\u0119\u017cczyzn (67 lat) i sposobie doj\u015bcia do tego wieku (1 miesi\u0105c wyd\u0142u\u017cenia wieku emerytalnego na ka\u017cde 4 miesi\u0105ce) co oznacza\u0142oby, \u017ce z ka\u017cdym rokiem wiek emerytalny wyd\u0142u\u017ca\u0142by si\u0119 o 3 miesi\u0105ce.<\/p>\r\n<p>To zadziwiaj\u0105ce, \u017ce mimo up\u0142ywu prawie 3 miesi\u0119cy od dnia expose Premiera, rz\u0105d nie by\u0142 w stanie przygotowa\u0107 projektu ustawy, kt\u00f3ry b\u0119dzie zawiera\u0142 najprawdopodobniej tylko kilka artyku\u0142\u00f3w.<\/p>\r\n<p>Prezydent Komorowski namawia\u0142 polityk\u00f3w do porozumienia w sprawie podwy\u017cszenia wieku emerytalnego, cho\u0107 z diagnoz\u0105 jak\u0105 przedstawi\u0142, bardzo trudno si\u0119 jednak pogodzi\u0107.<\/p>\r\n<p>Stwierdzi\u0142 mianowicie, \u201e\u017ce stoimy w obliczu proces\u00f3w w niewielkim stopniu od nas zale\u017cnych takich jak starzenie si\u0119 spo\u0142ecze\u0144stwa i fakt, \u017ce rodzi si\u0119 coraz mniej dzieci\u201d. Ot\u00f3\u017c szczeg\u00f3lnie ta druga sprawa jak najbardziej zale\u017cy od polityki pa\u0144stwa w tym zakresie.<\/p>\r\n<p>Podczas zaledwie 2-letniego okresu rz\u0105dzenia Prawa i Sprawiedliwo\u015bci uda\u0142o si\u0119 wprowadzi\u0107 zar\u00f3wno ulg\u0119 podatkow\u0105 na dzieci jak i becikowe, podczas ju\u017c prawie 5-letnich rz\u0105d\u00f3w Platformy, \u017cadnych prorodzinnych rozwi\u0105za\u0144 nie wprowadzono.<\/p>\r\n<p>Wprowadzono tylko znacz\u0105c\u0105 o 15 punk\u00f3w procentowych podwy\u017ck\u0119 stawki VAT na odzie\u017c i obuwie dzieci\u0119ce, co w oczywisty spos\u00f3b podwy\u017csza koszty utrzymania rodzin wychowuj\u0105cych dzieci.<\/p>\r\n<p>A to wzrost liczby urodze\u0144 jest kluczem do zapewnienia wyp\u0142acalno\u015bci przysz\u0142ego systemu ubezpiecze\u0144 spo\u0142ecznych i to niezale\u017cnie od tego czy jest to system repartycyjny taki jak w ZUS czy system kapita\u0142owy tak jak OFE.<\/p>\r\n<p>O wyp\u0142acalno\u015bci tego pierwszego b\u0119dzie decydowa\u0107 liczba pracuj\u0105cych za 20,30 i 40 lat a wi\u0119c liczba uroczonych w tym i w latach nast\u0119pnych. Im b\u0119dzie ich wi\u0119cej tym wi\u0119ksza szansa na to \u017ce system ZUS b\u0119dzie wyp\u0142acalny, szczeg\u00f3lnie po obni\u017ceniu w wyniku reformy emerytalnej roku 1999 tzw. stopy zast\u0119powalno\u015bci (czyli relacji emerytury do ostatniego wynagrodzenia) z 60% do zaledwie 36%.<\/p>\r\n<p>Wynika to z tego, \u017ce mimo i\u017c ZUS informuje nas o rosn\u0105cych zapisach ksi\u0119gowych na naszych kontach ubezpieczeniowych to \u017cadnych pieni\u0119dzy tam nie ma, a nasze przysz\u0142e \u015bwiadczenia emerytalne b\u0119d\u0105 realne tylko wtedy, kiedy podczas naszego przej\u015bcia na emerytur\u0119 na rynku pracy b\u0119dzie odpowiednio du\u017ca liczba pracuj\u0105cych odprowadzaj\u0105cych sk\u0142adki ubezpieczeniowe.<\/p>\r\n<p>Podobnie jest tak\u017ce w systemie kapita\u0142owym. Mimo tego, \u017ce odprowadzane do OFE sk\u0142adki s\u0105 inwestowane w papiery warto\u015bciowe i z roku na rok ich warto\u015b\u0107 jest wi\u0119ksza (w ostatnich 2 latach niestety mniejsza) to tak naprawd\u0119 o warto\u015bci tych papier\u00f3w za 20, 30 lat b\u0119dzie stanowi\u0142a ilo\u015b\u0107 i zamo\u017cno\u015b\u0107 tych, kt\u00f3rzy w\u00f3wczas b\u0119d\u0105 chcieli te papiery kupi\u0107 po odpowiednio wysokiej cenie. A to b\u0119dzie znowu mo\u017cliwe je\u017celi na rynku pracy b\u0119dziemy mieli du\u017co zatrudnionych i b\u0119d\u0105 oni otrzymywali godziwe wynagrodzenia.<\/p>\r\n<p>Kluczem dla stabilno\u015bci\u00a0przysz\u0142ego systemu emerytalnego jest wi\u0119c polityka prorodzinna, a wyd\u0142u\u017cenie wieku emerytalnego rozwi\u0105zaniem, kt\u00f3re przej\u015bciowo przyniesie ulg\u0119, bo zmniejszy ilo\u015b\u0107 pobieraj\u0105cych \u015bwiadczenia.<\/p>\r\n<p>Wygl\u0105da jednak na to, \u017ce na tak\u0105 debat\u0119 rz\u0105dz\u0105cy nie s\u0105 przygotowani. Prawdopodobnie przynios\u0105 do Sejmu napisany na kolanie zawieraj\u0105cy kilka artyku\u0142\u00f3w projekt ustawy (tak jak ostatnio si\u0119 to zdarza\u0142o cho\u0107by w przypadku podwy\u017cki sk\u0142adki rentowej czy sk\u0142adki na ubezpieczenie zdrowotne rolnik\u00f3w) i b\u0119d\u0105 chcieli go przepchn\u0105\u0107 mo\u017cliwie jak najszybciej najlepiej w wersji rz\u0105dowej.<\/p>\r\n<p>B\u0119dzie to mo\u017cliwe je\u017celi nie z PSL-em to przy wsparciu pos\u0142\u00f3w z klubu Janusza Palikota, kt\u00f3rym obieca si\u0119 po\u0142\u0105czenie w przysz\u0142o\u015bci ZUS-u i KRUS-u czyli spe\u0142nienie ich g\u0142\u00f3wnego postulatu w sprawie reformy emerytalnej.<\/p>\r\n<p>Na razie jednak projektu ustawy o podwy\u017cszeniu wieku emerytalnego nie ma, Tusk zapowiada, \u017ce wszelkie niepopularne konsekwencje jej wprowadzenia we\u017amie osobi\u015bcie \u201ena klat\u0119,\u201d a Prezydent Komorowski z \u017con\u0105 rozpocz\u0105\u0142 polityczne konsultacje emerytalne.<\/p>\r\n<p>To jest jednak m\u00f3wi\u0105c najogl\u0119dniej, oryginalny spos\u00f3b sprawowania w\u0142adzy przez Platform\u0119.<\/p>\r\n<p><strong><em>Zbigniew Ku\u017amiuk<\/em><\/strong><\/p>","protected":false},"excerpt":{"rendered":"Wczoraj Prezydent Komorowski rozpocz\u0105\u0142 konsultacje z klubami parlamentarnymi w sprawie podwy\u017cszenia wieku emerytalnego, cho\u0107 do tej pory rz\u0105d nie przygotowa\u0142 projektu ustawy w tej sprawie. W konsultacjach uczestniczy\u0142a tak\u017ce pani Komorowska, co jest \u201enow\u0105 jako\u015bci\u0105\u201d w historii prezydentury w Polsce. Do tej pory \u017cony Prezydent\u00f3w RP uczestniczy\u0142y w przyjmowaniu zagranicznych go\u015bci, w wyjazdach zagranicznych ale [&hellip;]","protected":false},"author":1,"featured_media":0,"comment_status":"closed","ping_status":"closed","sticky":false,"template":"","format":"standard","meta":{"_acf_changed":false,"_monsterinsights_skip_tracking":false,"ngg_post_thumbnail":0,"footnotes":"","_wp_rev_ctl_limit":""},"categories":[9],"tags":[92,144],"acf":[],"_links":{"self":[{"href":"https:\/\/www.bibula.com\/index.php?rest_route=\/wp\/v2\/posts\/51628"}],"collection":[{"href":"https:\/\/www.bibula.com\/index.php?rest_route=\/wp\/v2\/posts"}],"about":[{"href":"https:\/\/www.bibula.com\/index.php?rest_route=\/wp\/v2\/types\/post"}],"author":[{"embeddable":true,"href":"https:\/\/www.bibula.com\/index.php?rest_route=\/wp\/v2\/users\/1"}],"replies":[{"embeddable":true,"href":"https:\/\/www.bibula.com\/index.php?rest_route=%2Fwp%2Fv2%2Fcomments&post=51628"}],"version-history":[{"count":0,"href":"https:\/\/www.bibula.com\/index.php?rest_route=\/wp\/v2\/posts\/51628\/revisions"}],"wp:attachment":[{"href":"https:\/\/www.bibula.com\/index.php?rest_route=%2Fwp%2Fv2%2Fmedia&parent=51628"}],"wp:term":[{"taxonomy":"category","embeddable":true,"href":"https:\/\/www.bibula.com\/index.php?rest_route=%2Fwp%2Fv2%2Fcategories&post=51628"},{"taxonomy":"post_tag","embeddable":true,"href":"https:\/\/www.bibula.com\/index.php?rest_route=%2Fwp%2Fv2%2Ftags&post=51628"}],"curies":[{"name":"wp","href":"https:\/\/api.w.org\/{rel}","templated":true}]}}