{"id":51621,"date":"2012-02-09T12:53:48","date_gmt":"2012-02-09T17:53:48","guid":{"rendered":"http:\/\/www.bibula.com\/?p=51621"},"modified":"2012-02-09T12:53:48","modified_gmt":"2012-02-09T17:53:48","slug":"wojna-afganska-dotarla-do-polski","status":"publish","type":"post","link":"https:\/\/www.bibula.com\/?p=51621","title":{"rendered":"Wojna afga\u0144ska dotar\u0142a do Polski"},"content":{"rendered":"<p><strong>W ostatnich latach kraj nad Wis\u0142\u0105 decyzj\u0105 rz\u0105dz\u0105cych nim, bez pytania i wbrew sprzeciwom obywateli, wci\u0105gany by\u0142 do kolejnych syjonistycznych napa\u015bci na kraje islamskie. Polskie mundury zosta\u0142y u\u017cyte do okupacji Iraku i s\u0105 wci\u0105\u017c u\u017cywane do okupacji Afganistanu.<\/strong><\/p>\r\n<p>Od lat Polska jest w niechcianym przez jej mieszka\u0144c\u00f3w stanie wojny. Ta smutna rzeczywisto\u015b\u0107 jest wypierana ze zbiorowej \u015bwiadomo\u015bci i powraca tylko czasami. Z trumnami zabitych w polskich mundurach albo z oskar\u017ceniami \u017cywych o przest\u0119pstwa okupacyjne.<\/p>\r\n<p>Co bardziej \u015bwiadomi Nadwi\u015bla\u0144czycy wyra\u017caj\u0105 sw\u00f3j sprzeciw wobec u\u017cywania polskich mundur\u00f3w na wojnach islamskich. Czyni\u0105 to w jedynej \u0142atwodost\u0119pnej przestrzeni informacyjnej, czyli w internecie. Ich s\u0142owa do niedawna by\u0142y jak rzucanie grochem o \u015bcian\u0119.<\/p>\r\n<p>Czynnego popierania antyislamskiego militaryzmu przez zarz\u0105dc\u00f3w Polski nie powstrzyma\u0142o nawet ujawnienie, \u017ce powody napa\u015bci na Irak by\u0142y oszuka\u0144cze. Ani ujawniane niegodne zachowania okupacyjne ludzi w polskich mundurach i tocz\u0105ce si\u0119 w tych sprawach \u015bledztwa.<\/p>\r\n<p>Ale ostatnio co\u015b si\u0119 zmieni\u0142o w tym krajowym pokoju czasu \u015bwiatowej terrorystycznej wojny z islamem. Mamy pierwsze cywilne ofiary (na razie kilkana\u015bcie), kt\u00f3re zosta\u0142y dopadni\u0119te militarnymi dzia\u0142aniami nad Wis\u0142\u0105, a nie na babilo\u0144skich piaskach czy w afga\u0144skich g\u00f3rach.<\/p>\r\n<p>Co si\u0119 sta\u0142o? Rozp\u0119ta\u0142o si\u0119 polowanie na przeciwnik\u00f3w wykorzystywania polskiego wojska do okupacji kraj\u00f3w islamskich (1).<\/p>\r\n<p>Pewien weteran u\u017cywania polskiego munduru za granic\u0105 z\u0142o\u017cy\u0142 w prokuraturze doniesienia przeciw wielu internautom. <em>\u201eProkuratura uzna\u0142a, \u017ce kilkana\u015bcie z tych zawiadomie\u0144 wyczerpuje znamiona przest\u0119pstwa\u201d<\/em> (2).<\/p>\r\n<p>Czy\u017cby uznano, \u017ce donosiciel pope\u0142ni\u0142 kilkana\u015bcie przest\u0119pstw na szkod\u0119 oskar\u017canych przez niego obywateli? Chodzi raczej o to, \u017ce <em>\u201ezawiadomienia\u201d<\/em> zdaniem prokuratury s\u0105 trafne i wskazane w nich wypowiedzi <em>\u201ewyczerpuj\u0105 znamiona przest\u0119pstwa\u201d<\/em>\u2026 Czy prasowy b\u0142\u0105d j\u0119zykowy wyra\u017ca pod\u015bwiadom\u0105 ocen\u0119 <em>\u201ezawiadomie\u0144\u201d<\/em>?<\/p>\r\n<p>C\u00f3\u017c takiego napisa\u0142y ofiary donos\u00f3w, \u017ce prokuratura wszcz\u0119\u0142a \u015bledztwo?<\/p>\r\n<p><em>\u201eInternauci komentowali informacje o \u015bmierci polskich \u017co\u0142nierzy nazywaj\u0105c ich \u201ebandytami\u201d i \u201enajemnikami\u201d oraz chwalili talib\u00f3w za zabicie Polak\u00f3w w Afganistanie\u201d. <\/em>Zdaniem donosiciela w mundurze wpisy<em> \u201egodzi\u0142y w dobre imi\u0119 polskiego \u017co\u0142nierza\u201d<\/em> (2).<\/p>\r\n<p><em>\u201eZ 77 zawiadomie\u0144 52 sprawy zosta\u0142y umorzone, stwierdzili\u015bmy, \u017ce wpisy nie wyczerpuj\u0105 znamion przest\u0119pstwa &#8211; m\u00f3wi prokurator <\/em>[&#8230;]<em>. &#8211; Ale kilkana\u015bcie wpis\u00f3w te znamiona wyczerpuje. Ich autorzy mog\u0105 otrzyma\u0107 zarzuty z artyku\u0142u 255 paragraf 3 kodeksu karnego.<\/em><\/p>\r\n<p><em>M\u00f3wi on, \u017ce za \u201enamawianie do pope\u0142nienia zbrodni i jej pochwa\u0142\u0119\u201d gro\u017c\u0105 nawet trzy lata wi\u0119zienia.<\/em><\/p>\r\n<p><em>Wpisy, jakie \u015bledczy zakwalifikowali jako przest\u0119pstwo, to m.in.: \u201ejednego okupanta mniej\u201d, \u201ea niech gin\u0105, brawo talibowie\u201d, \u201enie wsp\u00f3\u0142czuj\u0119 im, ka\u017cdy okupant powinien tak sko\u0144czy\u0107\u201d czy \u201ejak Hitlera zabili, to te\u017c si\u0119 cieszyli, a taki sam okupant, to chyba dobrze, \u017ce zgin\u0105\u0142\u201d<\/em> (3).<\/p>\r\n<p>Pe\u0142ne tre\u015bci wszystkich wypowiedzi chyba nie zosta\u0142y ujawnione\u2026 Czy\u017cby z powodu tajemnicy wojennej?<\/p>\r\n<p>Jak to donosicielsko-prokuratorskie polowanie na my\u015blozbrodnie skomentowa\u0107, \u017ceby nie do\u0142\u0105czy\u0107 do tych kilkunastu?<\/p>\r\n<p>Ogranicz\u0119 si\u0119 tylko do pyta\u0144 i encyklopedycznej definicji:<\/p>\r\n<p style=\"padding-left: 30px;\"><em>\u201eWojsko najemne (tak\u017ce: <strong>najemnicy<\/strong>, \u017co\u0142nierze\u00a0 najemni, kondotierzy, \u017co\u0142nierze fortuny) &#8211; formacja wojskowa sk\u0142adaj\u0105ca si\u0119 z ochotnik\u00f3w walcz\u0105cych za pieni\u0105dze, najcz\u0119\u015bciej w s\u0142u\u017cbie obcego wojska dla danego pa\u0144stwa, miasta, w\u0142adcy, ksi\u0119cia lub jakiej\u015b organizacji, a nawet osoby prywatnej. Wojska te mo\u017cna wynaj\u0105\u0107 do walki, praktycznie, w dowolnej sprawie, poniewa\u017c te formacje nie kieruj\u0105 si\u0119 idealizmem. W tym kontek\u015bcie najemnicy to ludzie, dla kt\u00f3rych wojna jest zawodem, z kt\u00f3rego czerpi\u0105 \u015brodki do \u017cycia (\u017co\u0142d) i wzbogacenia si\u0119. <strong>Wa\u017cn\u0105 rzecz\u0105 jest, aby dan\u0105 formacj\u0119 okre\u015bli\u0107 mianem najemnik\u00f3w, zasada dobrowolno\u015bci s\u0142u\u017cby i pobierania \u017co\u0142du przez \u017co\u0142nierzy s\u0142u\u017c\u0105cych w takich oddzia\u0142ach<\/strong>\u201e<\/em><\/p>\r\n<p style=\"padding-left: 30px;\">(Wikipedia, has\u0142o \u201e<a href=\"http:\/\/pl.wikipedia.org\/wiki\/Wojsko_najemne\">Wojsko najemne<\/a>\u201e, do kt\u00f3rego kieruje has\u0142o \u201e<a href=\"http:\/\/pl.wikipedia.org\/wiki\/Najemnik\">najemnik<\/a>\u201e).<\/p>\r\n<p>A oto pytania:<\/p>\r\n<p>1) Czy napa\u015b\u0107 na Irak z udzia\u0142em polskich mundur\u00f3w odby\u0142a si\u0119 na skutek fa\u0142szywych oskar\u017ce\u0144 wobec w\u0142adz irackich?<\/p>\r\n<p>2) Czy ludzie w polskich mundurach uczestnicz\u0105cy w napa\u015bci na Irak, a potem jego okupacji i zwalczaniu ruchu oporu trafili tam na ochotnika i otrzymywali za to \u017co\u0142d wi\u0119kszy ni\u017c za s\u0142u\u017cb\u0119 w kraju?<\/p>\r\n<p>3) Czy ludzie w polskich mundurach uczestnicz\u0105cy w\u00a0 okupacji Afganistanu po jego podboju, w zwalczaniu afga\u0144skiego ruchu oporu trafili tam na ochotnika i otrzymuj\u0105 za to \u017co\u0142d wi\u0119kszy ni\u017c za s\u0142u\u017cb\u0119 w kraju?<\/p>\r\n<p>4) Czy nazwanie bandyt\u0105 cz\u0142owieka gotowego za pieni\u0105dze strzela\u0107 do nieznanych mu ludzi broni\u0105cych napadni\u0119tego kraju przed obcymi wojskami jest w j\u0119zyku polskim naturalne?<\/p>\r\n<p>5) Czy naturalne jest nazwanie bandyt\u0105 zawodnika brutalnego sportu walki, brutalnego ochroniarza, stra\u017cnika miejskiego, policjanta nawet je\u015bli aparat wymiaru sprawiedliwo\u015bci nie uznaje ich czyn\u00f3w za przest\u0119pcze?<\/p>\r\n<p>6) Czy jest te\u017c naturalne nazwanie bandyt\u0105 \u017co\u0142nierza, kt\u00f3ry na ochotnika za podwy\u017cszony \u017co\u0142d uczestniczy w zwalczaniu ruchu oporu w dalekim napadni\u0119tym i okupowanym kraju?<\/p>\r\n<p>7) Czy nazywanie bandytami \u017co\u0142nierzy niemieckich i radzieckich okupuj\u0105cych Polsk\u0119, mimo \u017ce nie byli ochotnikami, jest w Polsce naturalne?<\/p>\r\n<p>8) Czy wskazywanie, \u017ce okupant\u00f3w r\u00f3\u017cnych napadni\u0119tych kraj\u00f3w w r\u00f3\u017cnych czasach \u0142\u0105czy to, \u017ce byli lub s\u0105 okupantami jest zakazane?<\/p>\r\n<p>9) Czy jest zakazane niepochlebne ocenianie okupacji napastniczej jako zjawiska i uczestniczenia w okupowaniu napadni\u0119tych kraj\u00f3w?<\/p>\r\n<p>10) Czy jest naturalne i godziwe solidaryzowanie si\u0119 z ruchem oporu napadni\u0119tego i okupowanego kraju?<\/p>\r\n<p>11) Czy w sytuacji walki krajowego ruchu oporu z napastniczymi okupacyjnymi wojskami z odleg\u0142ych kraj\u00f3w, nie wolno ocenia\u0107 cz\u0142onk\u00f3w ruchu oporu jako patriot\u00f3w, cieszy\u0107 si\u0119 z ich zwyci\u0119stw, chwali\u0107 ich za skuteczno\u015b\u0107?<\/p>\r\n<p>12) Czy afga\u0144ski ruch oporu i znaczna cz\u0119\u015b\u0107 ludno\u015bci cywilnej Afganistanu uwa\u017caj\u0105 wojska zagraniczne za okupant\u00f3w i bandyt\u00f3w, a sto\u0142eczny rz\u0105d za marionetkowy?<\/p>\r\n<p>13) Czy zgadzanie si\u0119 z ocenami afga\u0144skiej ludno\u015bci i ruchu oporu jest my\u015blozbrodni\u0105?<\/p>\r\n<p>14) Czy w Polsce obowi\u0105zuje wolno\u015b\u0107 s\u0142owa w sprawach udzia\u0142u wojsk polskich w dzia\u0142aniach zbrojnych za granic\u0105?<\/p>\r\n<p>15) Czy w Polsce uchwalono jakie\u015b tajne prawo nakazuj\u0105ce \u015bciga\u0107 przeciwnik\u00f3w udzia\u0142u w wojnie afga\u0144skiej?<\/p>\r\n<p>16) Czy zostanie wszcz\u0119te \u015bledztwo prokuratorskie w sprawie encyklopedycznej definicji <em>\u201enajemnika\u201d<\/em> i <em>\u201ewojska najemnego\u201d<\/em>?<\/p>\r\n<p><strong>Uwaga! Nie ciesz\u0119 si\u0119 z \u017cadnej \u015bmierci na wojnach gn\u0119bi\u0105cych nasz \u015bwiat. Nie pochwalam te\u017c publicznego okazywania takowej rado\u015bci.\u00a0 Jedno i drugie napawa smutkiem. Jednak\u017ce niepokoi mnie \u015bciganie ludzi publicznie wyra\u017caj\u0105cych poparcie dla ruchu oporu usi\u0142uj\u0105cego wypchn\u0105\u0107 napastnicze wojska ze swojego kraju, nie podoba mi si\u0119 pochwa\u0142a napa\u015bci, zakaz samoobrony napadni\u0119tych i solidaryzowania si\u0119 z nimi.<\/strong><\/p>\r\n<p>Jeszcze dwa pytania:<\/p>\r\n<p>Czy prokuratura zajmie si\u0119 osobami publicznie wyra\u017caj\u0105cymi rado\u015b\u0107 ze \u015bmierci Irakijczyk\u00f3w, Afga\u0144czyk\u00f3w, Libijczyk\u00f3w stawiaj\u0105cych op\u00f3r si\u0142om NATO?<\/p>\r\n<p>Kto decyduje, z czyjej \u015bmierci wolno si\u0119 cieszy\u0107?<\/p>\r\n<p>&nbsp;<\/p>\r\n<p><img fetchpriority=\"high\" decoding=\"async\" src=\"http:\/\/upload.wikimedia.org\/wikipedia\/commons\/4\/48\/0907_Colleoni_Monument_in_Szczecin_SZN_B%26W.jpg\" alt=\"\" width=\"250\" height=\"345\" \/><\/p>\r\n<p>Pomnik najemnika <a href=\"http:\/\/pl.wikipedia.org\/wiki\/Bartolomeo_Colleoni\">Bartolomeo Colleoniego<\/a>, kt\u00f3ry sam sobie ufundowa\u0142 w Wenecji. Zdj\u0119cie przedstawia szczeci\u0144sk\u0105 kopi\u0119 weneckiego orygina\u0142u [pomnik ten znajduje si\u0119 w Szczecinie, na Pl. Lotnik\u00f3w &#8211; <em>przyp. Red.<\/em>]<br \/> (Wikipedia, <a href=\"http:\/\/pl.wikipedia.org\/w\/index.php?title=Plik:0907_Colleoni_Monument_in_Szczecin_SZN_B%26W.jpg&amp;filetimestamp=20090718232608\">Plik:0907 Colleoni Monument in Szczecin SZN B&amp;W.jpg<\/a>).<\/p>\r\n<p>Czy uczestnicy wojny irackiej i afga\u0144skiej w polskich mundurach te\u017c wystawi\u0105 sobie pomniki z pieni\u0119dzy zarobionych na wojnie?<\/p>\r\n<blockquote>\r\n<p><strong>MORA\u0141:<\/strong><\/p>\r\n<p><strong>Wojna to pok\u00f3j.<\/strong><br \/> <strong> Wolno\u015b\u0107 to niewola.<\/strong><br \/> <strong> Ignorancja to si\u0142a. <\/strong><\/p>\r\n<p><em><strong>(George Orwell, Rok 1984)<\/strong><\/em><\/p>\r\n<\/blockquote>\r\n<p><strong><em>Mocniejszy<\/em><\/strong><\/p>\r\n<p>__________<\/p>\r\n<p>Przypisy:<\/p>\r\n<p>1) <a href=\"http:\/\/wyborcza.pl\/1,75248,11100712,Obrazali_zolnierzy_w_sieci__Moga_dostac_zarzuty.html\">Obra\u017cali \u017co\u0142nierzy w sieci. Mog\u0105 dosta\u0107 zarzuty<\/a>, 7 luty 2012, Gazeta Wyborcza; <a href=\"http:\/\/www.wprost.pl\/ar\/304525\/Trzy-lata-wiezienia-za-nazwanie-polskiego-zolnierza-najemnikiem\/\">Trzy lata wi\u0119zienia za nazwanie polskiego \u017co\u0142nierza \u201enajemnikiem\u201d?<\/a>, 8 lutego 2012, Wprost; <a href=\"http:\/\/m.onet.pl\/kraj\/5020424,detal.html\">Chwalili w sieci talib\u00f3w za zabicie Polak\u00f3w. Grozi im wi\u0119zienie<\/a>, 8 lutego 2012, Onet;\u00a0<a href=\"http:\/\/tvp.info\/informacje\/polska\/internauci-obrazali-zolnierzy-uslysza-zarzuty\/6460782\">Obra\u017cali \u017co\u0142nierzy w sieci; us\u0142ysz\u0105 zarzuty?<\/a>, 8 luty 2012, TYP.INFO.<\/p>\r\n<p>2) <a href=\"http:\/\/www.wprost.pl\/ar\/304525\/Trzy-lata-wiezienia-za-nazwanie-polskiego-zolnierza-najemnikiem\/\">Trzy lata wi\u0119zienia za nazwanie polskiego \u017co\u0142nierza \u201enajemnikiem\u201d?<\/a>, 8 lutego 2012, Wprost.<\/p>\r\n<p>3) <a href=\"http:\/\/wyborcza.pl\/1,75248,11100712,Obrazali_zolnierzy_w_sieci__Moga_dostac_zarzuty.html\">Obra\u017cali \u017co\u0142nierzy w sieci. Mog\u0105 dosta\u0107 zarzuty<\/a>, 7 luty 2012, Gazeta Wyborcza.<\/p>","protected":false},"excerpt":{"rendered":"W ostatnich latach kraj nad Wis\u0142\u0105 decyzj\u0105 rz\u0105dz\u0105cych nim, bez pytania i wbrew sprzeciwom obywateli, wci\u0105gany by\u0142 do kolejnych syjonistycznych napa\u015bci na kraje islamskie. Polskie mundury zosta\u0142y u\u017cyte do okupacji Iraku i s\u0105 wci\u0105\u017c u\u017cywane do okupacji Afganistanu. Od lat Polska jest w niechcianym przez jej mieszka\u0144c\u00f3w stanie wojny. Ta smutna rzeczywisto\u015b\u0107 jest wypierana ze [&hellip;]","protected":false},"author":1,"featured_media":0,"comment_status":"closed","ping_status":"closed","sticky":false,"template":"","format":"standard","meta":{"_acf_changed":false,"_monsterinsights_skip_tracking":false,"ngg_post_thumbnail":0,"footnotes":"","_wp_rev_ctl_limit":""},"categories":[9],"tags":[92,84],"acf":[],"_links":{"self":[{"href":"https:\/\/www.bibula.com\/index.php?rest_route=\/wp\/v2\/posts\/51621"}],"collection":[{"href":"https:\/\/www.bibula.com\/index.php?rest_route=\/wp\/v2\/posts"}],"about":[{"href":"https:\/\/www.bibula.com\/index.php?rest_route=\/wp\/v2\/types\/post"}],"author":[{"embeddable":true,"href":"https:\/\/www.bibula.com\/index.php?rest_route=\/wp\/v2\/users\/1"}],"replies":[{"embeddable":true,"href":"https:\/\/www.bibula.com\/index.php?rest_route=%2Fwp%2Fv2%2Fcomments&post=51621"}],"version-history":[{"count":0,"href":"https:\/\/www.bibula.com\/index.php?rest_route=\/wp\/v2\/posts\/51621\/revisions"}],"wp:attachment":[{"href":"https:\/\/www.bibula.com\/index.php?rest_route=%2Fwp%2Fv2%2Fmedia&parent=51621"}],"wp:term":[{"taxonomy":"category","embeddable":true,"href":"https:\/\/www.bibula.com\/index.php?rest_route=%2Fwp%2Fv2%2Fcategories&post=51621"},{"taxonomy":"post_tag","embeddable":true,"href":"https:\/\/www.bibula.com\/index.php?rest_route=%2Fwp%2Fv2%2Ftags&post=51621"}],"curies":[{"name":"wp","href":"https:\/\/api.w.org\/{rel}","templated":true}]}}