{"id":5162,"date":"2009-01-06T10:04:12","date_gmt":"2009-01-06T15:04:12","guid":{"rendered":"http:\/\/www.bibula.com\/?p=5162"},"modified":"2009-01-06T10:04:12","modified_gmt":"2009-01-06T15:04:12","slug":"francuska-telewizja-publiczna-bez-reklam","status":"publish","type":"post","link":"https:\/\/www.bibula.com\/?p=5162","title":{"rendered":"Francuska telewizja publiczna bez reklam"},"content":{"rendered":"<p>Wczoraj wieczorem francuscy telewidzowie mogli po raz pierwszy ogl\u0105da\u0107 telewizj\u0119 publiczn\u0105 bez reklam. Jest to najbardziej widoczny element zainicjowanej przez Nicolasa Sarkozy \u2019ego reformy medi\u00f3w publicznych.<\/p>\r\n\r\n<p>Nie b\u0119dzie ju\u017c reklam w publicznych kana\u0142ach telewizji francuskiej mi\u0119dzy 20.00 i 6.00 rano. Reforma obejmie wi\u0119c najbardziej atrakcyjne, wieczorne pasmo program\u00f3w. Dzi\u0119ki tej zmianie programy po dzienniku telewizyjnym b\u0119d\u0105 rozpoczyna\u0142y si\u0119 w kana\u0142ach France 2 i France 3 o 20:35, a nie &#8211; jak dotychczas &#8211; za 10 dziewi\u0105ta.<\/p>\r\n\r\n<p align=\"justify\">Francuskie media pe\u0142ne s\u0105 docieka\u0144, czy telewidzowie skorzystaj\u0105 z tej mo\u017cliwo\u015bci, czy te\u017c b\u0119d\u0105 woleli ogl\u0105da\u0107 przez ponad kwadrans reklamy w prywatnych stacjach telewizyjnych.<\/p>\r\n\r\n<p>Ze zmiany tej nie s\u0105 zadowoleni pracownicy publicznej telewizji. Obawiaj\u0105 si\u0119 oni, \u017ce bez reklam ich stacje nie b\u0119d\u0105 mia\u0142y wystarczaj\u0105cych bud\u017cet\u00f3w.<\/p>\r\n\r\n<p>Reforma medi\u00f3w publicznych obejmuje r\u00f3wnie\u017c zmiany w sposobie mianowania ich szef\u00f3w. Od teraz prezes telewizji publicznej b\u0119dzie wyznaczany bezpo\u015brednio przez prezydenta Francji.<\/p>\r\n\r\n<p>iar<\/p>\r\n\r\n<p>Za: <a href=\"http:\/\/www.myslpolska.org\/?key=2,,1984\" target=\"_blank\">My\u015bl Polska<\/a><\/p>\r\n\r\n<p><br class=\"spacer_\" \/><\/p>","protected":false},"excerpt":{"rendered":"Wczoraj wieczorem francuscy telewidzowie mogli po raz pierwszy ogl\u0105da\u0107 telewizj\u0119 publiczn\u0105 bez reklam. Jest to najbardziej widoczny element zainicjowanej przez Nicolasa Sarkozy \u2019ego reformy medi\u00f3w publicznych. Nie b\u0119dzie ju\u017c reklam w publicznych kana\u0142ach telewizji francuskiej mi\u0119dzy 20.00 i 6.00 rano. Reforma obejmie wi\u0119c najbardziej atrakcyjne, wieczorne pasmo program\u00f3w. Dzi\u0119ki tej zmianie programy po dzienniku telewizyjnym [&hellip;]","protected":false},"author":1,"featured_media":0,"comment_status":"closed","ping_status":"closed","sticky":false,"template":"","format":"standard","meta":{"_acf_changed":false,"_monsterinsights_skip_tracking":false,"_monsterinsights_sitenote_active":false,"_monsterinsights_sitenote_note":"","_monsterinsights_sitenote_category":0,"ngg_post_thumbnail":0,"footnotes":"","_wp_rev_ctl_limit":""},"categories":[6],"tags":[23],"acf":[],"_links":{"self":[{"href":"https:\/\/www.bibula.com\/index.php?rest_route=\/wp\/v2\/posts\/5162"}],"collection":[{"href":"https:\/\/www.bibula.com\/index.php?rest_route=\/wp\/v2\/posts"}],"about":[{"href":"https:\/\/www.bibula.com\/index.php?rest_route=\/wp\/v2\/types\/post"}],"author":[{"embeddable":true,"href":"https:\/\/www.bibula.com\/index.php?rest_route=\/wp\/v2\/users\/1"}],"replies":[{"embeddable":true,"href":"https:\/\/www.bibula.com\/index.php?rest_route=%2Fwp%2Fv2%2Fcomments&post=5162"}],"version-history":[{"count":0,"href":"https:\/\/www.bibula.com\/index.php?rest_route=\/wp\/v2\/posts\/5162\/revisions"}],"wp:attachment":[{"href":"https:\/\/www.bibula.com\/index.php?rest_route=%2Fwp%2Fv2%2Fmedia&parent=5162"}],"wp:term":[{"taxonomy":"category","embeddable":true,"href":"https:\/\/www.bibula.com\/index.php?rest_route=%2Fwp%2Fv2%2Fcategories&post=5162"},{"taxonomy":"post_tag","embeddable":true,"href":"https:\/\/www.bibula.com\/index.php?rest_route=%2Fwp%2Fv2%2Ftags&post=5162"}],"curies":[{"name":"wp","href":"https:\/\/api.w.org\/{rel}","templated":true}]}}