{"id":51408,"date":"2012-02-05T22:32:52","date_gmt":"2012-02-06T03:32:52","guid":{"rendered":"http:\/\/www.bibula.com\/?p=51408"},"modified":"2012-02-05T22:32:52","modified_gmt":"2012-02-06T03:32:52","slug":"wegierski-lacznik-wojciech-wencel","status":"publish","type":"post","link":"https:\/\/www.bibula.com\/?p=51408","title":{"rendered":"W\u0119gierski \u0142\u0105cznik &#8211; <em>Wojciech Wencel<\/em>"},"content":{"rendered":"<p><strong><em>W\u0119grzy czekaj\u0105 nie tylko na nasz\u0105 solidarno\u015b\u0107, ale i na skutecznego sojusznika w walce o chrze\u015bcija\u0144sk\u0105 Europ\u0119.<\/em><\/strong> <br \/> <br \/> W styczniu 2006 r. nieoczekiwanie dla samego siebie znalaz\u0142em si\u0119 w Budapeszcie. Grzegorz G\u00f3rny, w\u00f3wczas redaktor naczelny \u201eOzonu\u201d, wepchn\u0105\u0142 mnie do samolotu i w\u0142asnym cia\u0142em zablokowa\u0142 drog\u0119 ucieczki. Zapytany o cel podr\u00f3\u017cy, wspomnia\u0142 enigmatycznie, \u017ce lecimy zaprezentowa\u0107 nasz tygodnik, przy czym ja mam wyst\u0105pi\u0107 jako poeta i felietonista. Dopiero plakaty rozwieszone w miejscu spotkania sprawi\u0142y, \u017ce mina mi zrzed\u0142a. Pod moim zdj\u0119ciem sta\u0142o bowiem jak w\u00f3\u0142: \u201epolitikai elemz\u00c5\u2018je\u201d, co w t\u0142umaczeniu na nasze oznacza \u201eanalityk polityczny\u201d. Niestety, klamka zapad\u0142a. Kwadrans p\u00f3\u017aniej oblany zimnym potem wita\u0142em si\u0119 z Iv\u00e1nem B\u00e1b\u0105, dzi\u015b wiceminstrem spraw zagranicznych W\u0119gier. Czu\u0142em si\u0119 tak, jakbym \u015bciska\u0142 zmumifikowan\u0105 prawic\u0119 \u015bw. Stefana, wystawion\u0105 w budapeszte\u0144skiej bazylice.<br \/> <br \/> Postawiony pod \u015bcian\u0105, a \u015bci\u015blej na scenie, opowiedzia\u0142em o kulisach niedawnej kampanii wyborczej w Polsce, kt\u00f3ra doprowadzi\u0142a PiS do zwyci\u0119stwa. Pami\u0119tam, \u017ce W\u0119gr\u00f3w najbardziej interesowa\u0142y kwestie polityki historycznej i prorodzinnej. Nie mam poj\u0119cia, w jaki spos\u00f3b tre\u015b\u0107 mojego wyst\u0105pienia dotar\u0142a do Viktora Orb\u00e1na, ale faktem jest, \u017ce wyci\u0105gn\u0105\u0142 z tej lekcji odpowiednie wnioski. W \u201eRzeczpospolitej\u201d ci\u0105gle czytam, \u017ce nie nale\u017cy miesza\u0107 poezji z polityk\u0105, a tu prosz\u0119: wystarczy podst\u0119pnie przerzuci\u0107 polskiego poet\u0119 za granic\u0119, \u017ceby wywo\u0142a\u0107 tam wolno\u015bciowe powstanie.<br \/> <br \/> Oczywi\u015bcie \u017cartuj\u0119. Je\u015bli kto\u015b zas\u0142uguje na miano w\u0119gierskiego \u0142\u0105cznika, to zdecydowanie m\u00f3j porywacz. Grzegorz G\u00f3rny opublikowa\u0142 w polskiej prasie kilkadziesi\u0105t tekst\u00f3w o tematyce w\u0119gierskiej, nakr\u0119ci\u0142 cztery filmy dokumentalne, wyda\u0142 kilka wa\u017cnych ksi\u0105\u017cek. Nic dziwnego, \u017ce W\u0119grzy nagrodzili go w ubieg\u0142ym roku a\u017c dwoma laurami: Rycerskim Krzy\u017cem Zas\u0142ugi i Medalem Europejskim.<br \/> <br \/> Kto mia\u0142 okazj\u0119 odwiedzi\u0107 budapeszte\u0144skie muzeum Terror Haza, z pewno\u015bci\u0105 jest \u015bwiadomy spustoszenia, kt\u00f3rego dokonali na W\u0119grzech komuni\u015bci. Represje wobec naszych bratank\u00f3w by\u0142y szczeg\u00f3lnie dotkliwe, bo bezpo\u015brednio, na wielk\u0105 skal\u0119 dokonywali ich Sowieci. W okresie zniewolenia g\u0142\u00f3wnym punktem odniesienia dla w\u0119gierskich antykomunist\u00f3w by\u0142o polskie do\u015bwiadczenie oporu. A jednak to W\u0119grzy mog\u0105 by\u0107 dzi\u015b dumni ze swojego pa\u0144stwa, podczas gdy my wci\u0105\u017c po uszy tkwimy w bagnie. I to oni jako pierwsi stali si\u0119 zdolni do konfliktu z Bruksel\u0105, kt\u00f3ry w gruncie rzeczy ma wymiar cywilizacyjny. Nawet w kwestiach gospodarczych mniej chodzi o mamon\u0119, a bardziej o zamian\u0119 polityki socjalnej na prorodzinn\u0105, kt\u00f3ra jest sol\u0105 w oku europejskiej lewicy. Gdyby nie s\u0142owa: \u201eBo\u017ce, b\u0142ogos\u0142aw W\u0119gry\u201d i kilka innych chrze\u015bcija\u0144skich zapis\u00f3w w konstytucji, sp\u00f3r pewnie rozszed\u0142by si\u0119 po ko\u015bciach.<br \/> <br \/> Czy powinni\u015bmy wspiera\u0107 W\u0119gr\u00f3w? To oczywiste. Nie \u0142ud\u017amy si\u0119 jednak, \u017ce Bruksela da im spok\u00f3j, je\u015bli nie wr\u00f3c\u0105 karnie do szeregu. W\u0119grzy czekaj\u0105 nie tylko na nasz\u0105 solidarno\u015b\u0107, ale i na skutecznego sojusznika w walce o chrze\u015bcija\u0144sk\u0105 Europ\u0119. Ta wojna ju\u017c si\u0119 rozpocz\u0119\u0142a, wi\u0119c wypada\u0142oby troch\u0119 podgoni\u0107 we w\u0142asnym kraju, \u017ceby nie wyj\u015b\u0107 na go\u0142odupc\u00f3w. I \u017ceby \u015bw. Wojciech nie musia\u0142 si\u0119 za nas wstydzi\u0107 przed \u015bw. Stefanem, gdy wreszcie staniemy na polu bitwy.<\/p>\r\n<p><strong><em>Wojciech Wencel<abbr title=\"2012-02-05T13:51:00+01:00\"><\/abbr><\/em><\/strong><\/p>\r\n<p><a href=\"http:\/\/niezalezna.pl\/22910-wegierski-lacznik\" target=\"_blank\">Felieton z cyklu &#8222;Listy z podziemia&#8221;, &#8222;Gazeta Polska&#8221; 1 lutego 2012<\/a><\/p>","protected":false},"excerpt":{"rendered":"W\u0119grzy czekaj\u0105 nie tylko na nasz\u0105 solidarno\u015b\u0107, ale i na skutecznego sojusznika w walce o chrze\u015bcija\u0144sk\u0105 Europ\u0119. W styczniu 2006 r. nieoczekiwanie dla samego siebie znalaz\u0142em si\u0119 w Budapeszcie. Grzegorz G\u00f3rny, w\u00f3wczas redaktor naczelny \u201eOzonu\u201d, wepchn\u0105\u0142 mnie do samolotu i w\u0142asnym cia\u0142em zablokowa\u0142 drog\u0119 ucieczki. Zapytany o cel podr\u00f3\u017cy, wspomnia\u0142 enigmatycznie, \u017ce lecimy zaprezentowa\u0107 nasz [&hellip;]","protected":false},"author":1,"featured_media":0,"comment_status":"closed","ping_status":"closed","sticky":false,"template":"","format":"standard","meta":{"_acf_changed":false,"_monsterinsights_skip_tracking":false,"ngg_post_thumbnail":0,"footnotes":"","_wp_rev_ctl_limit":""},"categories":[9],"tags":[66,92,179],"acf":[],"_links":{"self":[{"href":"https:\/\/www.bibula.com\/index.php?rest_route=\/wp\/v2\/posts\/51408"}],"collection":[{"href":"https:\/\/www.bibula.com\/index.php?rest_route=\/wp\/v2\/posts"}],"about":[{"href":"https:\/\/www.bibula.com\/index.php?rest_route=\/wp\/v2\/types\/post"}],"author":[{"embeddable":true,"href":"https:\/\/www.bibula.com\/index.php?rest_route=\/wp\/v2\/users\/1"}],"replies":[{"embeddable":true,"href":"https:\/\/www.bibula.com\/index.php?rest_route=%2Fwp%2Fv2%2Fcomments&post=51408"}],"version-history":[{"count":0,"href":"https:\/\/www.bibula.com\/index.php?rest_route=\/wp\/v2\/posts\/51408\/revisions"}],"wp:attachment":[{"href":"https:\/\/www.bibula.com\/index.php?rest_route=%2Fwp%2Fv2%2Fmedia&parent=51408"}],"wp:term":[{"taxonomy":"category","embeddable":true,"href":"https:\/\/www.bibula.com\/index.php?rest_route=%2Fwp%2Fv2%2Fcategories&post=51408"},{"taxonomy":"post_tag","embeddable":true,"href":"https:\/\/www.bibula.com\/index.php?rest_route=%2Fwp%2Fv2%2Ftags&post=51408"}],"curies":[{"name":"wp","href":"https:\/\/api.w.org\/{rel}","templated":true}]}}