{"id":51380,"date":"2012-02-04T22:27:14","date_gmt":"2012-02-05T03:27:14","guid":{"rendered":"http:\/\/www.bibula.com\/?p=51380"},"modified":"2012-02-04T22:47:01","modified_gmt":"2012-02-05T03:47:01","slug":"sikorski-konsekwentnie-promuje-niemcy-zbigniew-kuzmiuk","status":"publish","type":"post","link":"https:\/\/www.bibula.com\/?p=51380","title":{"rendered":"Sikorski konsekwentnie promuje Niemcy &#8211; <em>Zbigniew Ku\u017amiuk<\/em>"},"content":{"rendered":"<p>1. Wczoraj na Monachijskiej Konferencji o Bezpiecze\u0144stwie (najwi\u0119ksze forum wymiany pogl\u0105d\u00f3w o bezpiecze\u0144stwie na \u015bwiecie odbywaj\u0105ce si\u0119 corocznie od 1962 roku), nasz Minister Spraw Zagranicznych Rados\u0142aw Sikorski po raz kolejny promowa\u0142 Niemcy do przyw\u00f3dztwa w Europie.<\/p>\r\n<p>Wprawdzie tym razem by\u0142 troch\u0119 ostro\u017cniejszy ni\u017c poprzednio m\u00f3wi\u0105c \u201e proponowa\u0142bym aby Niemcy mia\u0142y w UE zaszczytn\u0105 pozycj\u0119 najwi\u0119kszego udzia\u0142owca &#8211; nie dominuj\u0105c\u0105 bo nie maj\u0105 50% udzia\u0142\u00f3w ale tylko jedn\u0105 czwart\u0105 udzia\u0142\u00f3w\u201d.<\/p>\r\n<p>Nawi\u0105za\u0142 w ten spos\u00f3b do wiod\u0105cej pozycji niemieckiej gospodarki w Europie, bowiem PKB tego kraju stanowi w przybli\u017ceniu 25% PKB ca\u0142ej Unii Europejskiej.<\/p>\r\n<p>2. Przypomnijmy tylko, \u017ce w swoim grudniowym wyst\u0105pieniu w Berlinie Rados\u0142aw Sikorski na forum Niemieckiego Towarzystwa Polityki Zagranicznej, zaprezentowa\u0142 koncepcj\u0119 federacyjnej Unii Europejskiej, a wi\u0119c zwi\u0105zku pa\u0144stw o mocno ograniczonej suwerenno\u015bci z silnym politycznym centrum, kt\u00f3re przecie\u017c tylko przej\u015bciowo ma mie\u015bci\u0107 si\u0119 w Brukseli, a nieuchronnie musi si\u0119 przenie\u015b\u0107 do Berlina.<\/p>\r\n<p>Teraz ju\u017c wiemy, \u017ce jego wyst\u0105pienie by\u0142o konsultowane zar\u00f3wno z Premierem Tuskiem (i to nie jest zaskoczeniem jak si\u0119 jak si\u0119 obserwowa\u0142o jego zachowania \u201ena odcinku niemieckim\u201d) ale tak\u017ce z Kancelari\u0105 Prezydenta Komorowskiego cho\u0107 prezydenccy ministrowie zapewniali, \u017ce takich uzgodnie\u0144 nie by\u0142o.<\/p>\r\n<p>Duet Tusk &#8211; Sikorski zdecydowa\u0142 si\u0119 by\u0107 adwokatem ich kompletnej dominacji w Europie chyba z nadziej\u0105, \u017ce o takich sprzymierze\u0144cach przy dzieleniu unijnych stanowisk w przysz\u0142o\u015bci nie zapomn\u0105.<\/p>\r\n<p>3. P\u00f3\u017aniej okaza\u0142o si\u0119 jednak, \u017ce tak naprawd\u0119 wyst\u0105pienie Sikorskiego w Berlinie by\u0142o inspirowane przez niemiecki rz\u0105d. Jaki\u015b czas temu bowiem do medi\u00f3w wyciek\u0142o memorandum niemieckiego rz\u0105du przygotowane przez tamtejsze MSZ pt. \u201ePrzysz\u0142o\u015b\u0107 UE\u201d, z kt\u00f3rego jednoznacznie wynika jak przysz\u0142o\u015b\u0107 Europy wyobra\u017caj\u0105 sami Niemcy.<\/p>\r\n<p>Niemcy chc\u0105 europejskiego superpa\u0144stwa, do kt\u00f3rego b\u0119d\u0105 ucieka\u0142y dotychczasowe pa\u0144stwa narodowe, przygniecione skutkami kryzysu finansowego i gospodarczego rozlewaj\u0105cego si\u0119 po Europie.<\/p>\r\n<p>W tym celu ju\u017c od po\u0142owy 2012 roku ma by\u0107 powo\u0142any Europejski Mechanizm Finansowy (EMS), kt\u00f3ry docelowo b\u0119dzie wr\u0119cz upowa\u017cniony do kierowania gospodarkami kraj\u00f3w, kt\u00f3re popad\u0142y w k\u0142opoty finansowe.<\/p>\r\n<p>Wygl\u0105da wi\u0119c na to,\u017ce to sami Niemcy ustami Ministra Sikorskiego wprowadzi\u0142y do debaty europejskiej, kwesti\u0119 swojego przyw\u00f3dztwa w Europie i to nie przy pomocy \u201eczo\u0142g\u00f3w\u201d ale dominacji ekonomicznej.<\/p>\r\n<p>4. Jak mo\u017ce wygl\u0105da\u0107 dominacja niemiecka w Unii Europejskiej przekona\u0142a si\u0119 w ostatnich dniach Grecja kt\u00f3ra kilka dni temu dosta\u0142a od Niemiec propozycj\u0119 powo\u0142ania specjalnego unijnego komisarza ds. bud\u017cetowych je\u017celi chce otrzyma\u0107 kolejny pakiet pomocowy.<\/p>\r\n<p>Komisarz ten mia\u0142by prawo \u201ewetowania\u201d greckich decyzji podatkowych i wydatkowych, a tak\u017ce pilnowania aby najpierw Grecja sp\u0142aca\u0142a comiesi\u0119czne raty swoich zobowi\u0105za\u0144 kredytowych a dopiero po ich uregulowaniu, finansowane by\u0142yby pozosta\u0142e wydatki bud\u017cetowe.<\/p>\r\n<p>Grecja to ultimatum wprawdzie odrzuci\u0142a, a jej minister finans\u00f3w okre\u015bli\u0142 je jako wyb\u00f3r pomi\u0119dzy \u201epomoc\u0105 finansow\u0105\u201d, a \u201egodno\u015bci\u0105 narodow\u0105\u201d. Niemc\u00f3w to specjalnie nie zrazi\u0142o, a propozycja dla Grek\u00f3w zosta\u0142a sformu\u0142owana na pi\u015bmie i rozes\u0142ana do wszystkich 17 kraj\u00f3w cz\u0142onk\u00f3w strefy euro.<\/p>\r\n<p>Konsekwencja z jak\u0105 Tusk i Sikorski forsuj\u0105 niemieckie przyw\u00f3dztwo w Europie budzi coraz wi\u0119ksze zniecierpliwienie innych kraj\u00f3w szczeg\u00f3lnie Francji. To w\u0142a\u015bnie dlatego Sarkozy tak konsekwentnie zwalcza\u0142 nasz\u0105 obecno\u015b\u0107 na posiedzeniach kraj\u00f3w strefy euro, uznaj\u0105c, \u017ce b\u0119dziemy jawnymi stronnikami pomys\u0142\u00f3w niemieckich.<\/p>\r\n<p>Niech\u0119\u0107 do naszej polityki promowania Niemiec wyra\u017caj\u0105 tak\u017ce wszystkie nowo przyj\u0119te do UE kraje Europy \u015arodkowo -Wschodniej, kt\u00f3re teraz ju\u017c ostentacyjnie pokazuj\u0105, \u017ce z Polsk\u0105 w \u017cadnej powa\u017cnej sprawie na unijnym form, wsp\u00f3\u0142pracowa\u0107 nie b\u0119d\u0105.<\/p>\r\n<p>Promujemy Niemcy, a na unijnym forum jeste\u015bmy coraz bardziej osamotnieni.<\/p>\r\n<p><strong><em>Zbigniew Ku\u017amiuk<\/em><\/strong><\/p>","protected":false},"excerpt":{"rendered":"1. Wczoraj na Monachijskiej Konferencji o Bezpiecze\u0144stwie (najwi\u0119ksze forum wymiany pogl\u0105d\u00f3w o bezpiecze\u0144stwie na \u015bwiecie odbywaj\u0105ce si\u0119 corocznie od 1962 roku), nasz Minister Spraw Zagranicznych Rados\u0142aw Sikorski po raz kolejny promowa\u0142 Niemcy do przyw\u00f3dztwa w Europie. Wprawdzie tym razem by\u0142 troch\u0119 ostro\u017cniejszy ni\u017c poprzednio m\u00f3wi\u0105c \u201e proponowa\u0142bym aby Niemcy mia\u0142y w UE zaszczytn\u0105 pozycj\u0119 najwi\u0119kszego [&hellip;]","protected":false},"author":1,"featured_media":0,"comment_status":"closed","ping_status":"closed","sticky":false,"template":"","format":"standard","meta":{"_acf_changed":false,"_monsterinsights_skip_tracking":false,"ngg_post_thumbnail":0,"footnotes":"","_wp_rev_ctl_limit":""},"categories":[9],"tags":[166,23,92],"acf":[],"_links":{"self":[{"href":"https:\/\/www.bibula.com\/index.php?rest_route=\/wp\/v2\/posts\/51380"}],"collection":[{"href":"https:\/\/www.bibula.com\/index.php?rest_route=\/wp\/v2\/posts"}],"about":[{"href":"https:\/\/www.bibula.com\/index.php?rest_route=\/wp\/v2\/types\/post"}],"author":[{"embeddable":true,"href":"https:\/\/www.bibula.com\/index.php?rest_route=\/wp\/v2\/users\/1"}],"replies":[{"embeddable":true,"href":"https:\/\/www.bibula.com\/index.php?rest_route=%2Fwp%2Fv2%2Fcomments&post=51380"}],"version-history":[{"count":0,"href":"https:\/\/www.bibula.com\/index.php?rest_route=\/wp\/v2\/posts\/51380\/revisions"}],"wp:attachment":[{"href":"https:\/\/www.bibula.com\/index.php?rest_route=%2Fwp%2Fv2%2Fmedia&parent=51380"}],"wp:term":[{"taxonomy":"category","embeddable":true,"href":"https:\/\/www.bibula.com\/index.php?rest_route=%2Fwp%2Fv2%2Fcategories&post=51380"},{"taxonomy":"post_tag","embeddable":true,"href":"https:\/\/www.bibula.com\/index.php?rest_route=%2Fwp%2Fv2%2Ftags&post=51380"}],"curies":[{"name":"wp","href":"https:\/\/api.w.org\/{rel}","templated":true}]}}