{"id":51210,"date":"2012-02-01T21:25:41","date_gmt":"2012-02-02T02:25:41","guid":{"rendered":"http:\/\/www.bibula.com\/?p=51210"},"modified":"2012-02-01T21:25:41","modified_gmt":"2012-02-02T02:25:41","slug":"oczyszczenie-najswietszej-maryi-panny-2-lutego-2","status":"publish","type":"post","link":"https:\/\/www.bibula.com\/?p=51210","title":{"rendered":"Oczyszczenie Naj\u015bwi\u0119tszej Maryi Panny &#8211; 2 lutego"},"content":{"rendered":"<p align=\"justify\"><strong>Purificationis Beatae Mariae Virginis<\/strong><\/p>\r\n<p align=\"justify\">\u015awi\u0119to Oczyszczenia N.M.P jest ostatnim z cyklu \u015bwi\u0105t w czasie po Objawieniu Pa\u0144skim. Jest to jedna z najstarszych uroczysto\u015bci Naj\u015bwi\u0119tszej Panny, gdy\u017c jeszcze w VII w. zajmowa\u0142a w Rzymie drugie miejsce po Wniebowzi\u0119ciu. Obchodzi si\u0119 j\u0105 2. lutego, poniewa\u017c Maryja, chc\u0105c by\u0107 pos\u0142uszn\u0105 prawu Moj\u017cesza, musia\u0142a uda\u0107 si\u0119 z\u00a0Panem Jezusem do Jerozolimy w 40 dni po Narodzeniu Dzieci\u0105tka (25.XII &#8211; 2.II), by tam w \u015bwi\u0105tyni z\u0142o\u017cy\u0107 przepisane ofiary. Matka Bo\u017ca uda\u0142a si\u0119 do Jerozolimy wraz z Bo\u017cym Dzieci\u0105tkiem. <br \/>W liturgii tego dnia, procesja z gromnic\u0105, kt\u00f3ra jest symbolem Chrystusa, \u015awiat\u0142o\u015bci \u015bwiata, przypomina nam podr\u00f3\u017c Maryi i J\u00f3zefa do \u015bwi\u0105tyni w celu ofiarowania &#8222;Anio\u0142a przymierza&#8221; wed\u0142ug proroctwa Malachiasza.<br \/>Je\u017celi \u015bwi\u0119to wypada w niedziel\u0119 uprzywilejowan\u0105, przenosi si\u0119 je na dzie\u0144 nast\u0119pny. \u015awi\u0119cenie gromnic, odbywa si\u0119 wtedy w niedziel\u0119 przed Msz\u0105 \u015bw.<\/p>\r\n<p align=\"center\"><img decoding=\"async\" src=\"http:\/\/www.sanctus.pl\/foto\/NMP\/Oczyszczenie%20NMP%20550.jpg\" alt=\"Oczyszczenie N.M.P - Ofiarowanie Pana Jezusa\" align=\"middle\" border=\"1\" hspace=\"0\" vspace=\"3\" \/><\/p>\r\n<p align=\"justify\">Oto co nam m\u00f3wi o tym wydarzeniu Ewangelia \u015awi\u0119ta:<\/p>\r\n<blockquote>\r\n<p align=\"justify\"><em>Gdy up\u0142yn\u0119\u0142y dni oczyszczenia Maryi wed\u0142ug Prawa Moj\u017ceszowego, rodzice przynie\u015bli Jezusa do Jerozolimy, aby Go przedstawi\u0107 Panu. Tak bowiem jest napisane w Prawie Pa\u0144skim: \u00abKa\u017cde pierworodne dziecko p\u0142ci m\u0119skiej b\u0119dzie po\u015bwi\u0119cone Panu\u00bb. Mieli r\u00f3wnie\u017c z\u0142o\u017cy\u0107 w ofierze par\u0119 synogarlic albo dwa m\u0142ode go\u0142\u0119bie, zgodnie z przepisem Prawa Pa\u0144skiego. <br \/>A \u017cy\u0142 w Jerozolimie cz\u0142owiek, imieniem Symeon. By\u0142 to cz\u0142owiek prawy i pobo\u017cny, wyczekiwa\u0142 pociechy Izraela, a Duch \u015awi\u0119ty spoczywa\u0142 na nim. Jemu Duch \u015awi\u0119ty objawi\u0142, \u017ce nie ujrzy \u015bmierci, a\u017c nie zobaczy Mesjasza Pa\u0144skiego. Za natchnieniem wi\u0119c Ducha przyszed\u0142 do \u015bwi\u0105tyni. A gdy rodzice wnosili Dzieci\u0105tko Jezus, aby post\u0105pi\u0107 z Nim wed\u0142ug zwyczaju Prawa, on wzi\u0105\u0142 Je w obj\u0119cia, b\u0142ogos\u0142awi\u0142 Boga i m\u00f3wi\u0142: \u00abTeraz, o W\u0142adco, pozw\u00f3l odej\u015b\u0107 s\u0142udze Twemu w pokoju, wed\u0142ug Twojego s\u0142owa. Bo moje oczy ujrza\u0142y Twoje zbawienie, kt\u00f3re\u015b przygotowa\u0142 wobec wszystkich narod\u00f3w: \u015bwiat\u0142o na o\u015bwiecenie pogan i chwa\u0142\u0119 ludu Twego, Izraela\u00bb. A jego ojciec i matka dziwili si\u0119 temu, co o Nim m\u00f3wiono. Symeon za\u015b b\u0142ogos\u0142awi\u0142 ich i rzek\u0142 do Maryi, Matki Jego: \u00abOto Ten przeznaczony jest na upadek i na powstanie wielu w Izraelu i na znak, kt\u00f3remu sprzeciwia\u0107 si\u0119 b\u0119d\u0105. A Twoj\u0105 dusz\u0119 miecz przeniknie, aby na jaw wysz\u0142y zamys\u0142y serc wielu\u00bb. <br \/>By\u0142a tam r\u00f3wnie\u017c prorokini Anna, c\u00f3rka Fanuela z pokolenia Asera, bardzo podesz\u0142a w latach. Od swego panie\u0144stwa siedem lat \u017cy\u0142a z m\u0119\u017cem i pozosta\u0142a wdow\u0105. Liczy\u0142a ju\u017c osiemdziesi\u0105ty czwarty rok \u017cycia. Nie rozstawa\u0142a si\u0119 ze \u015bwi\u0105tyni\u0105, s\u0142u\u017c\u0105c Bogu w postach i modlitwach dniem i noc\u0105. Przyszed\u0142szy w tej w\u0142a\u015bnie chwili, s\u0142awi\u0142a Boga i m\u00f3wi\u0142a o Nim wszystkim, kt\u00f3rzy oczekiwali wyzwolenia Jerozolimy. A gdy wype\u0142nili wszystko wed\u0142ug prawa Pa\u0144skiego, wr\u00f3cili do Galilei, do swego miasta Nazaret. Dzieci\u0119 za\u015b ros\u0142o i nabiera\u0142o mocy, nape\u0142niaj\u0105c si\u0119 m\u0105dro\u015bci\u0105, a \u0142aska Bo\u017ca spoczywa\u0142a na Nim.<\/em><\/p>\r\n<p align=\"right\"><em>(\u0141k 2,22-40)<\/em><\/p>\r\n<\/blockquote>\r\n<p align=\"left\">Po reformie\u00a0liturgicznej w 1969 roku\u00a0\u015bwi\u0119to nosi nazw\u0119 <strong>Ofiarowania Pa\u0144skiego<\/strong>.<br \/>Natomiast od 1997 r. 2 lutego Ko\u015bci\u00f3\u0142\u00a0obchodzi ustanowiony przez Ojca \u015awi\u0119tego Jana Paw\u0142a II <strong>Dzie\u0144 \u0179ycia Konsekrowanego<\/strong>.<\/p>","protected":false},"excerpt":{"rendered":"Purificationis Beatae Mariae Virginis \u015awi\u0119to Oczyszczenia N.M.P jest ostatnim z cyklu \u015bwi\u0105t w czasie po Objawieniu Pa\u0144skim. Jest to jedna z najstarszych uroczysto\u015bci Naj\u015bwi\u0119tszej Panny, gdy\u017c jeszcze w VII w. zajmowa\u0142a w Rzymie drugie miejsce po Wniebowzi\u0119ciu. Obchodzi si\u0119 j\u0105 2. lutego, poniewa\u017c Maryja, chc\u0105c by\u0107 pos\u0142uszn\u0105 prawu Moj\u017cesza, musia\u0142a uda\u0107 si\u0119 z\u00a0Panem Jezusem do [&hellip;]","protected":false},"author":1,"featured_media":0,"comment_status":"closed","ping_status":"closed","sticky":false,"template":"","format":"standard","meta":{"_acf_changed":false,"_monsterinsights_skip_tracking":false,"_monsterinsights_sitenote_active":false,"_monsterinsights_sitenote_note":"","_monsterinsights_sitenote_category":0,"ngg_post_thumbnail":0,"footnotes":"","_wp_rev_ctl_limit":""},"categories":[135],"tags":[218],"acf":[],"_links":{"self":[{"href":"https:\/\/www.bibula.com\/index.php?rest_route=\/wp\/v2\/posts\/51210"}],"collection":[{"href":"https:\/\/www.bibula.com\/index.php?rest_route=\/wp\/v2\/posts"}],"about":[{"href":"https:\/\/www.bibula.com\/index.php?rest_route=\/wp\/v2\/types\/post"}],"author":[{"embeddable":true,"href":"https:\/\/www.bibula.com\/index.php?rest_route=\/wp\/v2\/users\/1"}],"replies":[{"embeddable":true,"href":"https:\/\/www.bibula.com\/index.php?rest_route=%2Fwp%2Fv2%2Fcomments&post=51210"}],"version-history":[{"count":0,"href":"https:\/\/www.bibula.com\/index.php?rest_route=\/wp\/v2\/posts\/51210\/revisions"}],"wp:attachment":[{"href":"https:\/\/www.bibula.com\/index.php?rest_route=%2Fwp%2Fv2%2Fmedia&parent=51210"}],"wp:term":[{"taxonomy":"category","embeddable":true,"href":"https:\/\/www.bibula.com\/index.php?rest_route=%2Fwp%2Fv2%2Fcategories&post=51210"},{"taxonomy":"post_tag","embeddable":true,"href":"https:\/\/www.bibula.com\/index.php?rest_route=%2Fwp%2Fv2%2Ftags&post=51210"}],"curies":[{"name":"wp","href":"https:\/\/api.w.org\/{rel}","templated":true}]}}