{"id":51186,"date":"2012-02-01T12:27:33","date_gmt":"2012-02-01T17:27:33","guid":{"rendered":"http:\/\/www.bibula.com\/?p=51186"},"modified":"2012-02-01T12:27:33","modified_gmt":"2012-02-01T17:27:33","slug":"600-lecie-archidiecezji-lwowskiej","status":"publish","type":"post","link":"https:\/\/www.bibula.com\/?p=51186","title":{"rendered":"600 lecie archidiecezji lwowskiej"},"content":{"rendered":"<p>Jubileusz 600-lecia przeniesienia stolicy arcybiskupiej z Halicza do Lwowa rozpocz\u0105\u0142 si\u0119 dzi\u015b Ko\u015bci\u00f3\u0142 katolicki na Ukrainie. Uroczystej Eucharystii w bazylice archikatedralnej we Lwowie przewodniczy\u0142 nuncjusz apostolski na Ukrainie abp Thomas Edward Gullickson. Ukrai\u0144ski jubileusz potrwa do 30 grudnia. W tym czasie zaplanowano uroczysto\u015bci dla poszczeg\u00f3lnych stan\u00f3w Ko\u015bcio\u0142a, r\u00f3\u017cnych duszpasterstw, m.in. rodzin, dzieci, m\u0142odzie\u017cy, chorych, rolnik\u00f3w i wi\u0119\u017ani\u00f3w.<\/p>\r\n<p>Jak powiedzia\u0142 metropolita lwowski abp Mieczys\u0142aw Mokrzycki, w tym roku jubileuszowym tamtejszy Ko\u015bci\u00f3\u0142 \u201epragnie dzi\u0119kowa\u0107 Panu Bogu za wszelkie dobro, jakie otrzyma\u0142 na przestrzeni wiek\u00f3w, a jednocze\u015bnie przekroczy\u0107 pr\u00f3g katedry, pr\u00f3g Chrystusowy, przemieni\u0107 serca, odnowi\u0107 \u017cycie duchowe\u201d. Dlatego w\u0142a\u015bnie do przewodniczenia inauguracji jubileuszu zaproszono abp. Thomasa Edwarda Gullicksona, nuncjusz apostolski na Ukrainie, jako delegata Ojca \u015awi\u0119tego. W\u015br\u00f3d go\u015bci znale\u017ali si\u0119 biskupi obu obrz\u0105dk\u00f3w z Ukrainy, a tak\u017ce bp Mariusz Leszczy\u0144ski z diecezji zamojsko-lubaczowskiej, obecny administrator. \u201eReprezentowa\u0142 on t\u0119 cz\u0105stk\u0119 naszej metropolii, kt\u00f3ra do 1991 r. znajdowa\u0142a si\u0119 na terenie Polski\u201d &#8211; przypomnia\u0142 abp Mokrzycki.<br \/><br \/> Punktem kulminacyjnym jubileuszu b\u0119dzie Krajowy Kongres Eucharystyczny, kt\u00f3ry odb\u0119dzie si\u0119 w dniach 26 maja &#8211; 4 czerwca 2012 r. m.in. we Lwowie. Do udzia\u0142u w tym wydarzeniu ukrai\u0144scy biskupi zaprosili Benedykta XVI.<br \/><br \/> K. Czawaga, Lw\u00f3w<\/p>","protected":false},"excerpt":{"rendered":"Jubileusz 600-lecia przeniesienia stolicy arcybiskupiej z Halicza do Lwowa rozpocz\u0105\u0142 si\u0119 dzi\u015b Ko\u015bci\u00f3\u0142 katolicki na Ukrainie. Uroczystej Eucharystii w bazylice archikatedralnej we Lwowie przewodniczy\u0142 nuncjusz apostolski na Ukrainie abp Thomas Edward Gullickson. Ukrai\u0144ski jubileusz potrwa do 30 grudnia. W tym czasie zaplanowano uroczysto\u015bci dla poszczeg\u00f3lnych stan\u00f3w Ko\u015bcio\u0142a, r\u00f3\u017cnych duszpasterstw, m.in. rodzin, dzieci, m\u0142odzie\u017cy, chorych, rolnik\u00f3w [&hellip;]","protected":false},"author":1,"featured_media":0,"comment_status":"closed","ping_status":"closed","sticky":false,"template":"","format":"standard","meta":{"_acf_changed":false,"_monsterinsights_skip_tracking":false,"_monsterinsights_sitenote_active":false,"_monsterinsights_sitenote_note":"","_monsterinsights_sitenote_category":0,"ngg_post_thumbnail":0,"footnotes":"","_wp_rev_ctl_limit":""},"categories":[215],"tags":[188,167],"acf":[],"_links":{"self":[{"href":"https:\/\/www.bibula.com\/index.php?rest_route=\/wp\/v2\/posts\/51186"}],"collection":[{"href":"https:\/\/www.bibula.com\/index.php?rest_route=\/wp\/v2\/posts"}],"about":[{"href":"https:\/\/www.bibula.com\/index.php?rest_route=\/wp\/v2\/types\/post"}],"author":[{"embeddable":true,"href":"https:\/\/www.bibula.com\/index.php?rest_route=\/wp\/v2\/users\/1"}],"replies":[{"embeddable":true,"href":"https:\/\/www.bibula.com\/index.php?rest_route=%2Fwp%2Fv2%2Fcomments&post=51186"}],"version-history":[{"count":0,"href":"https:\/\/www.bibula.com\/index.php?rest_route=\/wp\/v2\/posts\/51186\/revisions"}],"wp:attachment":[{"href":"https:\/\/www.bibula.com\/index.php?rest_route=%2Fwp%2Fv2%2Fmedia&parent=51186"}],"wp:term":[{"taxonomy":"category","embeddable":true,"href":"https:\/\/www.bibula.com\/index.php?rest_route=%2Fwp%2Fv2%2Fcategories&post=51186"},{"taxonomy":"post_tag","embeddable":true,"href":"https:\/\/www.bibula.com\/index.php?rest_route=%2Fwp%2Fv2%2Ftags&post=51186"}],"curies":[{"name":"wp","href":"https:\/\/api.w.org\/{rel}","templated":true}]}}