{"id":51180,"date":"2012-02-01T10:44:47","date_gmt":"2012-02-01T15:44:47","guid":{"rendered":"http:\/\/www.bibula.com\/?p=51180"},"modified":"2012-02-01T10:44:47","modified_gmt":"2012-02-01T15:44:47","slug":"nik-tomasz-arabski-bezpodstawnie-odmowil-prezydentowi-kaczynskiemu-samolotu","status":"publish","type":"post","link":"https:\/\/www.bibula.com\/?p=51180","title":{"rendered":"NIK: Tomasz Arabski bezpodstawnie odm\u00f3wi\u0142 prezydentowi Kaczy\u0144skiemu samolotu"},"content":{"rendered":"<p><strong>Z ustale\u0144 Najwy\u017cszej Izby Kontroli wynika, \u017ce Tomasz Arabski, szef Kancelarii Prezesa Rady Ministr\u00f3w, bezpodstawnie odm\u00f3wi\u0142 prezydentowi Lechowi Kaczy\u0144skiego w 2008 roku samolotu, gdy ten chcia\u0142 lecie\u0107 do Brukseli.<\/strong><\/p>\r\n<p>Kontrola wykaza\u0142a, \u017ce w pa\u017adzierniku 2008 roku na spotkanie unijnych przyw\u00f3dc\u00f3w do Brukseli prezydent Lech Kaczy\u0144ski m\u00f3g\u0142 polecie\u0107 rz\u0105dowym samolotem. Wtedy Arabski twierdzi\u0142, \u017ce maszyny s\u0105 potrzebne do zabezpieczenia delegacji, kt\u00f3rej przewodniczy premier. Ostatecznie prezydent polecia\u0142 wyczarterowanym od LOT-u boeingiem 737.<\/p>\r\n<p>NIK ustali\u0142a, \u017ce 36. specpu\u0142k w kluczowym dniu mia\u0142 &#8222;techniczn\u0105 mo\u017cliwo\u015b\u0107 wykonania przelotu do Brukseli&#8221;. W dyspozycji by\u0142y wtedy dwa jaki40.<\/p>\r\n<p>Zdaniem NIK Tomasz Arabski &#8211; zgodnie z porozumieniem reguluj\u0105cym zasady przewozu VIP\u00f3w &#8211; &#8222;nie mia\u0142 podstaw do takiej odmowy&#8221;.<\/p>\r\n<p>Skoro szef KPRM podj\u0105\u0142 decyzj\u0119 w sprawie wyjazdu do Brukseli, to jest to dow\u00f3d, \u017ce Kancelaria Premiera bra\u0142a udzia\u0142 &#8211; jako koordynator &#8211; w organizacji wyjazdu do Smole\u0144ska &#8211; czytamy w &#8222;Rz&#8221;.<\/p>\r\n<p>Zdaniem NIK Arabski, podejmuj\u0105c decyzj\u0119 w sprawie lotu prezydenta Lecha Kaczy\u0144skiego, potwierdzi\u0142, \u017ce by\u0142 koordynatorem lot\u00f3w VIP\u00f3w, w tym tego do Smole\u0144ska. Poza tym raport odpowiada na pytanie jaka by\u0142a rola Kancelarii Premiera podczas organizacji podr\u00f3\u017cy do Smole\u0144ska 10 kwietnia 2010 roku.<\/p>\r\n<p>\u0179r\u00f3d\u0142o: &#8222;Rzeczpospolita&#8221;<\/p>","protected":false},"excerpt":{"rendered":"Z ustale\u0144 Najwy\u017cszej Izby Kontroli wynika, \u017ce Tomasz Arabski, szef Kancelarii Prezesa Rady Ministr\u00f3w, bezpodstawnie odm\u00f3wi\u0142 prezydentowi Lechowi Kaczy\u0144skiego w 2008 roku samolotu, gdy ten chcia\u0142 lecie\u0107 do Brukseli. Kontrola wykaza\u0142a, \u017ce w pa\u017adzierniku 2008 roku na spotkanie unijnych przyw\u00f3dc\u00f3w do Brukseli prezydent Lech Kaczy\u0144ski m\u00f3g\u0142 polecie\u0107 rz\u0105dowym samolotem. Wtedy Arabski twierdzi\u0142, \u017ce maszyny s\u0105 [&hellip;]","protected":false},"author":1,"featured_media":0,"comment_status":"closed","ping_status":"closed","sticky":false,"template":"","format":"standard","meta":{"_acf_changed":false,"_monsterinsights_skip_tracking":false,"_monsterinsights_sitenote_active":false,"_monsterinsights_sitenote_note":"","_monsterinsights_sitenote_category":0,"ngg_post_thumbnail":0,"footnotes":"","_wp_rev_ctl_limit":""},"categories":[139],"tags":[98,37],"acf":[],"_links":{"self":[{"href":"https:\/\/www.bibula.com\/index.php?rest_route=\/wp\/v2\/posts\/51180"}],"collection":[{"href":"https:\/\/www.bibula.com\/index.php?rest_route=\/wp\/v2\/posts"}],"about":[{"href":"https:\/\/www.bibula.com\/index.php?rest_route=\/wp\/v2\/types\/post"}],"author":[{"embeddable":true,"href":"https:\/\/www.bibula.com\/index.php?rest_route=\/wp\/v2\/users\/1"}],"replies":[{"embeddable":true,"href":"https:\/\/www.bibula.com\/index.php?rest_route=%2Fwp%2Fv2%2Fcomments&post=51180"}],"version-history":[{"count":0,"href":"https:\/\/www.bibula.com\/index.php?rest_route=\/wp\/v2\/posts\/51180\/revisions"}],"wp:attachment":[{"href":"https:\/\/www.bibula.com\/index.php?rest_route=%2Fwp%2Fv2%2Fmedia&parent=51180"}],"wp:term":[{"taxonomy":"category","embeddable":true,"href":"https:\/\/www.bibula.com\/index.php?rest_route=%2Fwp%2Fv2%2Fcategories&post=51180"},{"taxonomy":"post_tag","embeddable":true,"href":"https:\/\/www.bibula.com\/index.php?rest_route=%2Fwp%2Fv2%2Ftags&post=51180"}],"curies":[{"name":"wp","href":"https:\/\/api.w.org\/{rel}","templated":true}]}}