{"id":50970,"date":"2012-01-29T18:59:01","date_gmt":"2012-01-29T23:59:01","guid":{"rendered":"http:\/\/www.bibula.com\/?p=50970"},"modified":"2012-01-29T18:59:01","modified_gmt":"2012-01-29T23:59:01","slug":"ks-jenkins-fsspx-redukcja-misji-kosciola-po-soborze-watykanskim-ii-wciaz-postepuje","status":"publish","type":"post","link":"https:\/\/www.bibula.com\/?p=50970","title":{"rendered":"Ks. Jenkins (FSSPX): Redukcja misji Ko\u015bcio\u0142a po Soborze Watyka\u0144skim II wci\u0105\u017c post\u0119puje"},"content":{"rendered":"<p><em><strong>Rozmowa portalu Prokapitalizm.pl z ks. Johnem Jenkinsem* z Bractwa Kap\u0142a\u0144skiego \u015aw. Piusa X (FSSPX).<\/strong><\/em><\/p>\r\n<p><strong>Czy m\u00f3g\u0142by Ojciec wyja\u015bni\u0107 naszym czytelnikom cel swojego podr\u00f3\u017cowania po Polsce oraz czym si\u0119 ojciec zajmuje?<\/strong><\/p>\r\n<p>Jako kap\u0142an Bractwa Kap\u0142a\u0144skiego \u015aw. Piusa X, odwiedzam kaplice Bractwa w Polsce, aby zapewni\u0107 celebracj\u0119 Mszy \u0142aci\u0144skiej wiernym zwi\u0105zanym z Tradycj\u0105. Jeste\u015bmy zwi\u0105zani regu\u0142\u0105 misjonarsk\u0105 i jako misjonarze wysy\u0142ani jeste\u015bmy do wielu kraj\u00f3w, aby zapewni\u0107 nauczanie prawdziwej wiary i tradycyjnych Sakrament\u00f3w wielu duszom, kt\u00f3re powierzaj\u0105 nam siebie.<\/p>\r\n<p><strong>Ilu kap\u0142an\u00f3w jest obecnie w Bractwie?<\/strong><\/p>\r\n<p>Na chwil\u0119 obecn\u0105 w Bractwie \u015aw. Piusa X pos\u0142ug\u0119 sprawuje 529 ksi\u0119\u017cy, obs\u0142uguj\u0105cych kaplice i misje w ponad 60 pa\u0144stwach. Mamy 6 seminari\u00f3w na ca\u0142ym \u015bwiecie z ponad 200 seminarzystami w trakcie formacji. Po\u015br\u00f3d nich jest 5 kandydat\u00f3w z Polski. Bractwo posiada tak\u017ce braci religijnych, jak r\u00f3wnie\u017c zakon \u017ce\u0144ski, podobnie\u017c za\u0142o\u017cony przez arcybiskupa Lefebvra pod nazw\u0105 Siostry Bractwa Piusa X. Opr\u00f3cz swych w\u0142asnych cz\u0142onk\u00f3w, Bractwo bierze pod swoje skrzyd\u0142a r\u00f3wnie\u017c inne zakony religijne, kt\u00f3re chc\u0105 pozosta\u0107 wierne Tradycji i duchowi swych regu\u0142, np. Tradycyjni Kapucyni w Morgon (Francja) czy dominikanie w Avrill\u00c3\u00a9, nie wspominaj\u0105c o r\u00f3\u017cnych grupach religijnych si\u00f3str, kt\u00f3re tak\u017ce wspieraj\u0105 trwanie przy swoich tradycjach, jak siostry nauczaj\u0105ce w Fanjeux i Brignole. Pomagamy tak\u017ce i przyjmujemy w nasze szeregi tych diecezjalnych, pobo\u017cnych kap\u0142an\u00f3w, kt\u00f3rzy chcieliby trwa\u0107 w wierno\u015bci Mszy Tradycyjnej i wierze katolickiej, a kt\u00f3rzy nie mog\u0105 tego czyni\u0107 w swoich wsp\u00f3lnotach, kt\u00f3re bardzo ucierpia\u0142y na skutek zmian wprowadzonych przez Sob\u00f3r Watyka\u0144ski II.<\/p>\r\n<p><strong>Od samego pocz\u0105tku swego istnienia, Bractwo odrzuca zmiany dokonane w Mszy \u015awi\u0119tej i Sakramentach, kt\u00f3re nast\u0105pi\u0142y po Soborze Watyka\u0144skim II. Jak katolik powinien odnie\u015b\u0107 si\u0119 do tych reform?<\/strong><\/p>\r\n<p>Zmiany w Mszy by\u0142y rezultatem zmian doktryny. Ksi\u0105dz Braga, asystent Monsignore Bugniniego, architekta Nowej Mszy, powiedzia\u0142 wyra\u017anie: zmiany w tek\u015bcie [Mszy], co wi\u0119cej, by\u0142y uwa\u017cane za konieczne, by wnie\u015b\u0107 nowe warto\u015bci i perspektywy\u201d. Ta opinia zosta\u0142a podzielona przez kardyna\u0142a Ottavianiego, w\u00f3wczas prefekta Kongregacji Doktryny Wiary, kt\u00f3ry stwierdzi\u0142, \u017ce \u201eEwidentnie <em>Novus Ordo<\/em> nie ma \u017cadnego zamiaru przedstawiania Wiary tak, jak zrobi\u0142 to Sob\u00f3r Trydencki, z kt\u00f3rym katolicka \u015bwiadomo\u015b\u0107 jest zwi\u0105zana na zawsze. Od czasu promulgacji <em>Novus Ordo<\/em>, prawowierny katolik zosta\u0142 w ten spos\u00f3b postawiony przed najbardziej tragicznym wyborem\u201d. Od samego pocz\u0105tku arcybiskup Lefebvre chcia\u0142 pozosta\u0107 wierny Ko\u015bcio\u0142owi oraz Jego nauczaniu dogmat\u00f3w i z tego w\u0142a\u015bnie powodu sprzeciwi\u0142 si\u0119 przyj\u0119ciu <em>Novus Ordo<\/em>.<br \/> Przyczyn\u0105 drastycznych reform liturgicznych by\u0142o drastycznie nowe nauczanie o naturze Ko\u015bcio\u0142a, naturze Mszy, a nawet naturze cz\u0142owieka. W obliczu takiego nowatorstwa, mo\u017cemy jedynie stawi\u0107 op\u00f3r i broni\u0107 naszej wiary. Sztuka, kt\u00f3ra by\u0142a naturalnym wyrazem Mszy \u015awi\u0119tej, r\u00f3wnie\u017c uleg\u0142a radykalnym zmianom: postawiono sto\u0142y w miejsce o\u0142tarzy, nowe ko\u015bcio\u0142y budowane s\u0105 w taki spos\u00f3b, \u017ce uwaga skupia si\u0119 na wsp\u00f3lnocie, a nie na ofierze. Liczne nadu\u017cycia, takie, jak Komunia \u015awi\u0119ta na r\u0119k\u0119 czy przyjmowanie Jej na stoj\u0105co wywodz\u0105 si\u0119 z nowego rozumienia Mszy \u015awi\u0119tej, gdzie B\u00f3g nie jest ju\u017c uwielbiany przez akt pokory, ale raczej nowoczesny cz\u0142owiek jest w pewien spos\u00f3b r\u00f3wny Bogu, zdolny do dialogu z Nim.<\/p>\r\n<p><strong>Powiedzia\u0142 Ojciec o zmianie nauczania Ko\u015bcio\u0142a dotycz\u0105cej nawet natury cz\u0142owieka\u2026 Czy nauczanie spo\u0142eczne Ko\u015bcio\u0142a zmieni\u0142o si\u0119 od Soboru Watyka\u0144skiego II?<\/strong><\/p>\r\n<p>Tak, i to w znacz\u0105cy spos\u00f3b, szczeg\u00f3lnie, je\u015bli chodzi o podstawowe zasady, kt\u00f3re rz\u0105dz\u0105 dzia\u0142alno\u015bci\u0105 Ko\u015bcio\u0142a w \u015bwiecie. Podczas gdy Pan nasz poleci\u0142 Aposto\u0142om, aby szli i nauczali wszystkie narody wszystkiego, co Wam przykaza\u0142em [Mt. 28,19], dokument <em>Gaudium et Spes<\/em>, promulgowany podczas Soboru Watyka\u0144skiego II, k\u0142adzie raczej nacisk na \u201eanaliz\u0119 znak\u00f3w czas\u00f3w\u201d [GS 4] i przyswajanie nowego nauczania opartego na ludzkiej godno\u015bci. Zamiast podkre\u015bla\u0107 zobowi\u0105zania cz\u0142owieka, konkretnie podstawowe cnoty sprawiedliwo\u015bci i mi\u0142osierdzia, mamy do czynienia jedynie z mglistymi warto\u015bciami jak \u2018solidarno\u015b\u0107 z ubogimi\u2019 i \u2018reagowanie na najg\u0142\u0119bsze aspiracje cz\u0142owieka\u2019. Zamiast by\u0107 aktywn\u0105 i nieodzownie potrzebn\u0105 spo\u0142eczno\u015bci\u0105, gdzie ludzie mog\u0105 znale\u017a\u0107 \u015brodki do swego zbawienia, Ko\u015bci\u00f3\u0142 Katolicki zosta\u0142 zredukowany do \u2018sakramentu jedno\u015bci\u2019 ca\u0142ego rodzaju ludzkiego [LG 1]. Pr\u00f3buj\u0105c odkry\u0107 na nowo idea\u0142y Rewolucji Francuskiej, mianowicie Wolno\u015b\u0107, R\u00f3wno\u015b\u0107 i Braterstwo, Sob\u00f3r mia\u0142 na celu zaadoptowanie trzech nowych idei: wolno\u015bci religijnej, kolegialno\u015bci i ekumenizmu. Z uwagi na to, i\u017c dzia\u0142alno\u015b\u0107 spo\u0142eczna Ko\u015bcio\u0142a zale\u017cy nieodzownie od tego, co uwa\u017ca On za swoj\u0105 misj\u0119, zmiana idei poci\u0105ga za sob\u0105 bardzo daleko id\u0105ce konsekwencje w spo\u0142ecznym dzia\u0142aniu Ko\u015bcio\u0142a i misji, pokrewnej Rewolucji Francuskiej.<\/p>\r\n<p><strong>Jak Bractwo \u015aw. Piusa X postrzega obecnego Papie\u017ca i Jego r\u00f3\u017cne gesty sprzyjaj\u0105ce Tradycji, jak np. zezwolenie ka\u017cdemu kap\u0142anowi na \u015bwiecie na odprawianie Tradycyjnej Mszy Trydenckiej?<\/strong><\/p>\r\n<p>Rzecz jasna, trzeba cieszy\u0107 si\u0119 ze s\u0142\u00f3w Papie\u017ca, kt\u00f3ry uznaje fakt, \u017ce Msza Tradycyjna nigdy nie zosta\u0142a zniesiona i \u017ce ka\u017cdy ksi\u0105dz ma prawo j\u0105 celebrowa\u0107. Niestety, biskupi pokrzy\u017cowali korzystanie z tego prawa, co dok\u0142adnie stanowi doktryn\u0119 kolegialno\u015bci, udaremniaj\u0105c\u0105 ka\u017cd\u0105 rzeczywist\u0105 zmian\u0119 sytuacji Ko\u015bcio\u0142a na lepsze. Widzimy r\u00f3wnie\u017c ostatnio powt\u00f3rk\u0119 praktyk z Asy\u017cu, praktyk, kt\u00f3re stoj\u0105 w absolutnej sprzeczno\u015bci z nauczaniem Papie\u017cy, np. z encyklik\u0105 <em>Mirari Vos<\/em>, pot\u0119piaj\u0105c\u0105 spotkania mi\u0119dzyreligijne. Pomimo tego, \u017ce jest pewna nostalgia za Tradycj\u0105, wci\u0105\u017c widzimy nieszcz\u0119sne i destruktywne si\u0142y fa\u0142szywych zasad Soboru Watyka\u0144skiego II w dzia\u0142aniu. Z tego powodu musimy dalej modli\u0107 si\u0119 za Papie\u017ca t\u0105 sam\u0105 modlitw\u0105, kt\u00f3r\u0105 nasz Pan modli\u0142 si\u0119 za \u015aw. Piotra: \u201e\u017ceby si\u0119 nawr\u00f3ci\u0142 i umacnia\u0142 w wierze swoich braci\u201d.<\/p>\r\n<p><strong>B\u00f3g zap\u0142a\u0107 za po\u015bwi\u0119cony nam czas, \u017cyczymy Ojcu szcz\u0119\u015bcia w aposto\u0142owaniu.<\/strong><\/p>\r\n<p>Dzi\u0119kuj\u0119 bardzo, b\u0119d\u0119 o was wszystkich pami\u0119ta\u0142 w modlitwach.<\/p>\r\n<p><em>Rozmawia\u0142: <strong>Tomasz Tokarski<\/strong><\/em><\/p>\r\n<blockquote>\r\n<p><strong>Ksi\u0105dz John Jenkins<\/strong>, Amerykanin i fizyk z wykszta\u0142cenia (!), sporo je\u017adzi po Polsce. Powy\u017cszy wywiad uda\u0142o nam si\u0119 przeprowadzi\u0107 pomi\u0119dzy licznymi jego podr\u00f3\u017cami, w kaplicy Bractwa Kap\u0142a\u0144skiego \u015aw. Piusa X w Toruniu.<em> <\/em><\/p>\r\n<\/blockquote>\r\n<p><em>10 lutego br. ks. Jenkins spotka si\u0119 ze wszystkimi, kt\u00f3rzy b\u0119d\u0105 chcieli wys\u0142ucha\u0107 wyk\u0142adu pt.: \u201eMsza \u015awi\u0119ta po \u0142acinie &#8211; dlaczego?\u201d. Wyk\u0142ad rozpocznie si\u0119 o godzinie 19:00 w Wojew\u00f3dzkiej Bibliotece Publicznej &#8211; Ksi\u0105\u017cnicy Kopernika\u0144skiej w Toruniu, ul. S\u0142owackiego 8, I pi\u0119tro.<\/em><\/p>","protected":false},"excerpt":{"rendered":"Rozmowa portalu Prokapitalizm.pl z ks. Johnem Jenkinsem* z Bractwa Kap\u0142a\u0144skiego \u015aw. Piusa X (FSSPX). Czy m\u00f3g\u0142by Ojciec wyja\u015bni\u0107 naszym czytelnikom cel swojego podr\u00f3\u017cowania po Polsce oraz czym si\u0119 ojciec zajmuje? Jako kap\u0142an Bractwa Kap\u0142a\u0144skiego \u015aw. Piusa X, odwiedzam kaplice Bractwa w Polsce, aby zapewni\u0107 celebracj\u0119 Mszy \u0142aci\u0144skiej wiernym zwi\u0105zanym z Tradycj\u0105. Jeste\u015bmy zwi\u0105zani regu\u0142\u0105 misjonarsk\u0105 [&hellip;]","protected":false},"author":1,"featured_media":0,"comment_status":"closed","ping_status":"closed","sticky":false,"template":"","format":"standard","meta":{"_acf_changed":false,"_monsterinsights_skip_tracking":false,"_monsterinsights_sitenote_active":false,"_monsterinsights_sitenote_note":"","_monsterinsights_sitenote_category":0,"ngg_post_thumbnail":0,"footnotes":"","_wp_rev_ctl_limit":""},"categories":[3],"tags":[32,33],"acf":[],"_links":{"self":[{"href":"https:\/\/www.bibula.com\/index.php?rest_route=\/wp\/v2\/posts\/50970"}],"collection":[{"href":"https:\/\/www.bibula.com\/index.php?rest_route=\/wp\/v2\/posts"}],"about":[{"href":"https:\/\/www.bibula.com\/index.php?rest_route=\/wp\/v2\/types\/post"}],"author":[{"embeddable":true,"href":"https:\/\/www.bibula.com\/index.php?rest_route=\/wp\/v2\/users\/1"}],"replies":[{"embeddable":true,"href":"https:\/\/www.bibula.com\/index.php?rest_route=%2Fwp%2Fv2%2Fcomments&post=50970"}],"version-history":[{"count":0,"href":"https:\/\/www.bibula.com\/index.php?rest_route=\/wp\/v2\/posts\/50970\/revisions"}],"wp:attachment":[{"href":"https:\/\/www.bibula.com\/index.php?rest_route=%2Fwp%2Fv2%2Fmedia&parent=50970"}],"wp:term":[{"taxonomy":"category","embeddable":true,"href":"https:\/\/www.bibula.com\/index.php?rest_route=%2Fwp%2Fv2%2Fcategories&post=50970"},{"taxonomy":"post_tag","embeddable":true,"href":"https:\/\/www.bibula.com\/index.php?rest_route=%2Fwp%2Fv2%2Ftags&post=50970"}],"curies":[{"name":"wp","href":"https:\/\/api.w.org\/{rel}","templated":true}]}}