{"id":50792,"date":"2012-01-25T21:34:21","date_gmt":"2012-01-26T02:34:21","guid":{"rendered":"http:\/\/www.bibula.com\/?p=50792"},"modified":"2012-01-25T21:34:21","modified_gmt":"2012-01-26T02:34:21","slug":"sala-za-mala-by-osadzic-ubeka-mowmy-po-nazwisku-lukasza-kuzmicza","status":"publish","type":"post","link":"https:\/\/www.bibula.com\/?p=50792","title":{"rendered":"Sala za ma\u0142a, by os\u0105dzi\u0107 ubeka &#8211; m\u00f3wmy po nazwisku: \u0141ukasza Ku\u017amicza"},"content":{"rendered":"<p><strong>Blisko 200 zbrodni komunistycznych, kt\u00f3re w \u015bwietle prawa uznawane s\u0105 tak\u017ce za zbrodnie przeciwko ludzko\u015bci, ma na swoim koncie \u0141ukasz K., by\u0142y szef Powiatowego Urz\u0119du Bezpiecze\u0144stwa Publicznego w Jaros\u0142awiu. Skala zbrodni, liczba pokrzywdzonych i \u015bwiadk\u00f3w jest tak du\u017ca, \u017ce S\u0105d Rejonowy w Jaros\u0142awiu wyznaczy\u0142 na miejsce procesu sal\u0119 widowiskow\u0105 Miejskiego O\u015brodka Kultury w Jaros\u0142awiu.<\/strong><\/p>\r\n<p>\u0141ukasz K. zosta\u0142 oskar\u017cony przez Oddzia\u0142ow\u0105 Komisj\u0119 \u015acigania Zbrodni przeciwko Narodowi Polskiemu IPN w Rzeszowie o dopuszczenie si\u0119 w okresie od 11 maja 1946 r. do marca 1948 r. w Jaros\u0142awiu 197 zbrodni. Wi\u0119kszo\u015b\u0107 zbrodni pope\u0142nionych przez oskar\u017conego polega\u0142a na przekroczeniu przez niego w\u0142adzy i stosowaniu represji wobec podejrzanych o przynale\u017cno\u015b\u0107 do okre\u015blonej grupy politycznej. W\u015br\u00f3d zarzucanych \u0141ukaszowi K. zbrodni s\u0105 czyny z u\u017cyciem przemocy wobec bezprawnie zatrzymanych, a tak\u017ce zn\u0119canie si\u0119 nad nimi fizyczne i moralne. Na porz\u0105dku dziennym by\u0142o ra\u017cenie pr\u0105dem, zmuszanie do robienia przysiad\u00f3w i skakania w pozycji kucznej, tzw. \u017cabek, zmuszanie do siedzenia na nodze taboretu czy gro\u017cenie pozbawieniem \u017cycia. Te metody przes\u0142ucha\u0144 stosowa\u0142 wobec co najmniej stu os\u00f3b. Udokumentowane s\u0105 m.in. przypadki naruszania godno\u015bci osobistej zatrzymanych bezprawnie kobiet: Anny W. i jej c\u00f3rki W\u0142adys\u0142awy W., kt\u00f3rym oskar\u017cony grozi\u0142 pistoletem. Ponadto zastrzeli\u0142 ich psa w celu zmuszenia do wydania dokument\u00f3w potwierdzaj\u0105cych dzia\u0142alno\u015b\u0107 niepodleg\u0142o\u015bciow\u0105 zatrzymanego Jana W. &#8211; m\u0119\u017ca Anny W., a ojca W\u0142adys\u0142awy W. Nieludzkie by\u0142y te\u017c warunki, w jakich oskar\u017cony przetrzymywa\u0142 swoje ofiary. By\u0142y to zawilgocone i nieogrzewane piwnice. Zatrzymani mieli ponadto ograniczane racje \u017cywno\u015bciowe, a tak\u017ce dost\u0119p do toalety. Jak poinformowa\u0142 nas prok. Grzegorz Malisiewicz, naczelnik Oddzia\u0142owej Komisji \u015acigania Zbrodni przeciwko Narodowi Polskiemu IPN w Rzeszowie, \u0141ukasz K. nie do\u015b\u0107, \u017ce sam stosowa\u0142 przemoc wobec osadzonych, to zezwala\u0142 na torturowanie i stosowanie wymy\u015blnych metod przes\u0142ucha\u0144 podleg\u0142ym sobie funkcjonariuszom. &#8211; Trzykrotnie przes\u0142uchiwany w toku \u015bledztwa w charakterze podejrzanego nie przyzna\u0142 si\u0119 do pope\u0142nienia zarzucanych mu czyn\u00f3w. Kategorycznie zaprzeczy\u0142, jakoby w jego urz\u0119dzie kiedykolwiek przetrzymywano osoby bez postanowienia o tymczasowym aresztowaniu i jakoby osobi\u015bcie kiedykolwiek uczestniczy\u0142 w przes\u0142uchaniach &#8211; wyja\u015bni\u0142 prok. Malisiewicz. S\u0105d Rejonowy w Jaros\u0142awiu wyznaczy\u0142 osiem rozpraw, kt\u00f3re odb\u0119d\u0105 si\u0119 w terminie od 27 marca do 9 maja.<\/p>\r\n<p><em><strong>Mariusz Kamieniecki<\/strong><\/em><\/p>\r\n<blockquote>\r\n<h2><strong>&#8222;Opluskwianie&#8221; ubeka<\/strong><\/h2>\r\n<p><strong>Starszy pan lubi spotyka\u0107 si\u0119 z m\u0142odzie\u017c\u0105, promuj\u0105c swoj\u0105 ksi\u0105\u017ck\u0119 o mordercach z OUN-UPA na Wo\u0142yniu. Prowadzi te\u017c bloga i aktywnie uczestniczy w dyskusjach na forach &#8211; g\u0142\u00f3wnie kresowych, obok takich os\u00f3b jak ks. Tadeusz Isakowicz-Zaleski czy Ewa Siemaszko. Ale \u00f3w kresowy autorytet i literat \u0141ukasz Ku\u017amicz to ta sama osoba, co \u0141ukasz K., by\u0142y szef Powiatowego Urz\u0119du Bezpiecze\u0144stwa Publicznego w Jaros\u0142awiu. Rzeszowski IPN w\u0142a\u015bnie oskar\u017cy\u0142 go o pope\u0142nienie 197 zbrodni komunistycznych. Tylu zarzut\u00f3w nie mia\u0142 dot\u0105d \u017caden ubek.<\/strong><\/p>\r\n<p>\u0141ukasz Ku\u017amicz podpisuje si\u0119 pod apelami do parlamentu i rz\u0105du, np. w imieniu \u015brodowisk kresowych do ministra sprawiedliwo\u015bci protestuj\u0105c przeciwko wybielaniu w Polsce ukrai\u0144skich nacjonalist\u00f3w: &#8222;Gdy ponad dwadzie\u015bcia lat temu rozpocz\u0119\u0142y si\u0119 w Polsce przemiany ustrojowe, nasze spo\u0142ecze\u0144stwo \u017cywi\u0142o nadziej\u0119, \u017ce uda si\u0119 wreszcie przerwa\u0107 zmow\u0119 milczenia i ods\u0142oni\u0107 prawd\u0119 o ludob\u00f3jstwie dokonanym przez Organizacj\u0119 Ukrai\u0144skich Nacjonalist\u00f3w oraz Ukrai\u0144sk\u0105 Powsta\u0144cz\u0105 Armi\u0119 na obywatelach II Rzeczypospolitej&#8230;&#8221;.<br \/>Wi\u0119cej, Ku\u017amicz domaga si\u0119 kary dla zbrodniarzy: &#8222;Dzia\u0142aj\u0105ca w ramach IPN Komisja \u015acigania Zbrodni przeciwko Narodowi Polskiemu, prawdziwych zbrodniarzy z OUN-UPA wybiela i umarza \u015bledztwa, prowadzi natomiast setki spraw wydumanych o nieistniej\u0105cej komunie i zbrodniarzach komunistycznych, a cz\u0119sto przeciwko tym, kt\u00f3rzy walczyli z OUN-UPA&#8221;.<br \/>Ku\u017amicz stosuje podw\u00f3jn\u0105 miar\u0119: \u017c\u0105da rozliczenia zbrodni ukrai\u0144skich, a nie ruszania komunistycznych (&#8222;\u00bbfunkcjonariuszem pa\u0144stwa komunistycznego\u00ab nie by\u0142em, bo nie by\u0142o takiego pa\u0144stwa w Polsce&#8221;). Nie robi tego bezinteresownie. Cel jest jasny: odwr\u00f3ci\u0107 uwag\u0119 od w\u0142asnych przest\u0119pstw, do kt\u00f3rych rzecz jasna nie przyznaje si\u0119. &#8222;Wyja\u015bnienia z\u0142o\u017cone w toku przes\u0142uchania przez \u0141ukasza K. pozostaj\u0105 wyra\u017anej sprzeczno\u015bci ze zgromadzonym obszernym i sp\u00f3jnym materia\u0142em dowodowym zawartych w 46 tomach akt g\u0142\u00f3wnych \u015bledztwa&#8221; &#8211; napisa\u0142 prokurator rzeszowskiego IPN.<\/p>\r\n<p><strong>Prze\u015bladowa\u0142 setki os\u00f3b<\/strong><\/p>\r\n<p>Akt oskar\u017cenia przeciwko \u0141ukaszowi K. trafi\u0142 do s\u0105du w Jaros\u0142awiu. Zdaniem prokuratury, zn\u0119ca\u0142 si\u0119 fizycznie i psychicznie nad wi\u0119\u017aniami, a na stosowanie tortur pozwala\u0142 tak\u017ce podw\u0142adnym. Czyli &#8211; ubecki standard. Ale liczba poszkodowanych &#8211; tych ustalonych &#8211; nie jest ju\u017c standardowa. To setki os\u00f3b.<br \/>O jakie konkretnie zbrodnie komunistyczne, b\u0119d\u0105ce jednocze\u015bnie zbrodniami przeciwko ludzko\u015bci chodzi? To bezprawne &#8211; bez \u017cadnych podstaw &#8211; pozbawianie wolno\u015bci, a potem przetrzymywanie bez postanowienia o tymczasowym aresztowaniu &#8211; do 14 dni i d\u0142u\u017cej. To trwaj\u0105ce cz\u0119sto przez kilka dni i nocy przes\u0142uchania prowadzone przez zmieniaj\u0105cych si\u0119 funkcjonariuszy (tzw. konwejer). To zniewa\u017canie wulgarnymi i obra\u017aliwymi s\u0142owami, obra\u017canie godno\u015bci osobistej zatrzymanych, gro\u017cenie \u015bmierci\u0105. To ra\u017cenie pr\u0105dem, zamykanie w karcerze. Zmuszanie do robienia przysiad\u00f3w, skakania w pozycji kucznej (tzw. \u017cabki), siedzenia na nodze od taboretu. W ko\u0144cu bicie, r\u00f3wnie\u017c taboretem, kopanie i wykr\u0119canie palc\u00f3w u r\u0105k i n\u00f3g.<br \/>\u0141ukasz K. chcia\u0142 w ten spos\u00f3b nie tylko zmusi\u0107 aresztowanych do przyznania si\u0119 do winy, ale tak\u017ce &#8211; jak czytamy w akcie oskar\u017cenia &#8211; wywrze\u0107 wp\u0142yw na spos\u00f3b g\u0142osowania w referendum w 1946 r., i w wyborach do Sejmu rok p\u00f3\u017aniej. Od rodzin &#8211; kt\u00f3re te\u017c prze\u015bladowa\u0142 &#8211; chcia\u0142 wydoby\u0107 dokumenty potwierdzaj\u0105ce &#8222;przest\u0119pcz\u0105&#8221;, czyli niepodleg\u0142o\u015bciow\u0105 dzia\u0142alno\u015b\u0107 ich syn\u00f3w i m\u0119\u017c\u00f3w. Taryfy ulgowej nie stosowa\u0142 nawet wobec nieletnich &#8211; IPN potwierdzi\u0142 zatrzymanie kilkorga z nich.<br \/>Ofiary Ku\u017amicza by\u0142y wi\u0119zione w ciemnych, wilgotnych i nie ogrzewanych celach, spa\u0142y na betonowej pod\u0142odze bez okrycia, mo\u017cliwo\u015bci skorzystania z toalety i \u0142a\u017ani. Celowo wydzielano im zmniejszone racje \u017cywno\u015bciowe. Taki los spotka\u0142 m.in. &#8222;podejrzanych o przynale\u017cno\u015b\u0107&#8221; do Polskiego Stronnictwa Ludowego. Wymienionych przest\u0119pstw \u0141ukasz K. dopu\u015bci\u0142 si\u0119 od 11 maja 1946 r. do marca 1948 r.<\/p>\r\n<p><strong>Jaruzelski w mikroskali<\/strong><\/p>\r\n<p>A kim jest \u0141ukasz Ku\u017amicz? Jako bloger okre\u015bla swoj\u0105 bran\u017c\u0119: &#8222;Wymiar sprawiedliwo\u015bci lub Bezpiecze\u0144stwo&#8221;, a w\u015br\u00f3d zainteresowa\u0144 wymienia: &#8222;w\u0119dkarstwo, historia, polityka&#8221;. Ulubione ksi\u0105\u017cki to&#8230; jego w\u0142asne. Na stronie jednej z nich &#8211; o zbrodniach UPA przedstawi\u0142 sw\u00f3j \u017cyciorys: &#8222;Mjr \u0141ukasz Ku\u017amicz, urodzi\u0142 si\u0119 18.04.1925 r. we wsi Ku\u015bniszcze II, pow. Luboml na Wo\u0142yniu, gdzie mieszka\u0142 do 1943 roku. Po zamordowaniu przez UPA w dniach 29 i 30 sierpnia 1943 r. w s\u0105siednich wsiach i okolicach 15 tys. Polak\u00f3w i po napa\u015bci na jego dom, wraz z rodzin\u0105 przeszed\u0142 p\u00f3\u017anej ca\u0142\u0105 gehenn\u0119 zbrodniczej dzia\u0142alno\u015bci UPA. W 1944 r. w sk\u0142adzie jednostek II Armii WP, przyby\u0142 do Rzeszowa, gdzie formowa\u0142a si\u0119 10. Dywizja Piechoty WP. Z 2 zap. pp, w kt\u00f3rym przebywa\u0142, skierowany zosta\u0142 do Resortu Bezpiecze\u0144stwa Publicznego&#8221;.<\/p>\r\n<div align=\"left\"><img decoding=\"async\" class=\"alignleft\" style=\"border: 1px solid black; margin: 10px;\" src=\"http:\/\/www.asme.pl\/serwis\/arch\/foty\/Lukasz_Kuzmicz1m.jpg\" alt=\"\" width=\"162\" height=\"251\" align=\"left\" border=\"1\" \/>\r\n<p>O tym, \u017ce w styczniu 1947 r. ten wiejski ch\u0142opak by\u0142 ju\u017c szefem UB w Jaros\u0142awiu w stopniu porucznika &#8211; ju\u017c na swojej stronie nie napisa\u0142. Ku\u017amicz to taki Jaruzelski w mikroskali. Lansuje swoj\u0105 wersj\u0119 historii, a to, \u017ce jest sprzeczna z faktami &#8211; kogo to interesuje? Zainteresowa\u0142o prokuratora IPN Miros\u0142awa Puzanowskiego. No, takiej zniewagi ubek nie m\u00f3g\u0142 odpu\u015bci\u0107. Zarzuci\u0142 prokuratorowi k\u0142amstwa, nieuctwo i niskie pobudki, pisz\u0105c m.in.: &#8222;Z tytu\u0142u pe\u0142nionych w Rzeszowie i w wojew\u00f3dztwie podkarpackim r\u00f3\u017cnych funkcji zawodowych i spo\u0142ecznych jestem osob\u0105 znan\u0105, a postawione zarzuty podwa\u017caj\u0105 moje dobre imi\u0119&#8221;.<br \/>Bo przecie\u017c bohaterstwo Ku\u017amicza jest namacalne, co skrz\u0119tnie wyliczy\u0142 na swojej stronie: &#8222;Autor ksi\u0105\u017cki odznaczony jest: Krzy\u017cem Oficerskim i Kawalerskim Orderu Odrodzenia Polski, Z\u0142otym Krzy\u017cem Zas\u0142ugi, Krzy\u017cem Walecznych, Srebrnym Krzy\u017cem Zas\u0142ugi &#8211; dwukrotnie, srebrnym medalem Zas\u0142u\u017cony na Polu Chwa\u0142y &#8211; dwukrotnie, Medalem Zwyci\u0119stwa i Wolno\u015bci oraz wieloma innymi odznaczeniami pa\u0144stwowymi&#8221;.<br \/>W jego dobre imi\u0119 wie\u017c\u0105 zreszt\u0105 inni. Na jednym z blog\u00f3w czytamy wpis: &#8222;Mieszkam w Jaros\u0142awiu od lat i zna\u0142em Pana Ku\u017amicza. To by\u0142 wyj\u0105tkowo m\u0105dry i wspania\u0142y oficer. W tym czasie wyda\u0142 wszystkim my\u015bliwym w Jaros\u0142awiu zezwolenia na bro\u0144 i chodzi\u0142 z nami na polowania. W innych rejonach nie wydawali tak szybko zezwole\u0144 na bro\u0144. Zawsze Pana Ku\u017amicza mile wspominam i \u017cycz\u0119 mu d\u0142ugich lat \u017cycia. Wspania\u0142y cz\u0142owiek&#8230;&#8221;<\/p>\r\n<p><strong>Urz\u0119dnik pa\u0144stwowy<\/strong><\/p>\r\n<p>Zada\u0142em sobie trud i przeczyta\u0142em wersj\u0119 &#8222;wspania\u0142ego cz\u0142owieka&#8221;. Oto najlepsze fragmenty: &#8222;W PUBP w Jaros\u0142awiu by\u0142a sto\u0142\u00f3wka dla w\u0142asnych 25 pracownik\u00f3w (razem z kucharkami i sprz\u0105taczkami), prowadzona na bazie ich w\u0142asnych deputat\u00f3w, kt\u00f3re otrzymywa\u0142y w naturze. Je\u017celi jaka\u015b jedna czy dwie osoby by\u0142y zatrzymane przypadkowo na 48 godzin, to korzysta\u0142y z posi\u0142k\u00f3w sto\u0142\u00f3wki, ale na dalsz\u0105 met\u0119 by\u0142o to niemo\u017cliwe i nikogo d\u0142u\u017cej nie trzymano&#8221;.<br \/>&#8222;Piwnic nie by\u0142o w budynku, a by\u0142y podpiwniczenia. (&#8230;) nie by\u0142o te\u017c w podpiwniczeniach PUBP w Jaros\u0142awiu \u017cadnego zmy\u015blonego karceru, a pomieszczenie, w kt\u00f3rym sprz\u0105taczki trzyma\u0142y wiadra, miot\u0142y, pojemniki na w\u0119giel, szufle i inne przedmioty do codziennego sprz\u0105tania wszystkich pomieszcze\u0144 w budynku i ogrzewania ich piecami kaflowymi, w kt\u00f3rych palili&#8221;.<br \/>Za ksi\u0105\u017ck\u0105 Zbigniewa Nawrockiego &#8222;Zamiast wolno\u015bci. UB na Rzeszowszczy\u017anie 1944 &#8211; 1949&#8221;, Ku\u017amicz podaje (cho\u0107 innym razem &#8211; gdy jest mu to wygodne &#8211; tego historyka opluwa): &#8222;Celem akcji [Zrzeszenia Wolno\u015b\u0107 i Niezawis\u0142o\u015b\u0107 &#8211; TMP] wobec rozszerzaj\u0105cego si\u0119 terroru UB [w innej wersji Ku\u017amicz fragment o terrorze wyci\u0105\u0142 &#8211; TMP], by\u0142o wywarcie presji psychicznej na najbardziej aktywnych funkcjonariuszy UB, MO i cz\u0142onk\u00f3w PPR oraz zastraszenie drog\u0105 oskar\u017ce\u0144, pogr\u00f3\u017cek i fikcyjnych wyrok\u00f3w \u015bmierci&#8221;.<br \/>A teraz sam Ku\u017amicz: &#8222;Te wyroki \u015bmierci &#8211; jak pisze si\u0119 teraz &#8211; nie by\u0142y fikcyjne. W PUBP w Jaros\u0142awiu w latach 1944 &#8211; 1947 zamordowano a\u017c 18 funkcjonariuszy. Nie byli to agenci z Moskwy, ani komuni\u015bci czy dzia\u0142acze, a po prostu wiejska m\u0142odzie\u017c, kt\u00f3ra nale\u017ca\u0142a do ZMW RP &#8222;Wici&#8221;, Stronnictwa Ludowego, BCh i PPR &#8211; synowie okolicznej biedoty wiejskiej, kt\u00f3rej nowy ustr\u00f3j dawa\u0142 szans\u0119 awansu spo\u0142ecznego do o\u015bwiaty i lepszego \u017cycia. Za to byli zabijani, tam gdzie \u0142atwo mo\u017cna by\u0142o ich zabi\u0107: w szpitalu, w domu a nawet w zak\u0142adzie fryzjerskim&#8221;. A wi\u0119c za powojenny terror odpowiedzialny by\u0142 WiN, kt\u00f3ry obrzydza\u0142, a nawet mordowa\u0142 &#8222;niewinnych przedstawicieli ludowej w\u0142adzy&#8221;. Taka jest wersja Ku\u017amicza, jak\u017ce podobna do t\u0142umacze\u0144 innych ubek\u00f3w. Ale Ku\u017amicz jest bardziej wyrafinowany: &#8222;Prokurator IPN powinien oskar\u017cy\u0107 najpierw Prezydenta USA, Premiera Wielkiej Brytanii i Premier\u00f3w tych wielkich mocarstw o powo\u0142anie pa\u0144stwa komunistycznego (cho\u0107 nie ma nawet takich dokument\u00f3w i fakt\u00f3w), a dopiero po udowodnieniu tym osobom (w\u0142\u0105cznie ze Stanis\u0142awem Miko\u0142ajczykiem i Wincentym Witosem) oskar\u017cy\u0107 \u0141ukasza Ku\u017amicza, kt\u00f3ry zosta\u0142 jedynie zatrudniony do jednego z urz\u0119d\u00f3w tworzonych w warunkach wojennych przez ten rz\u0105d. (&#8230;) Ja oskar\u017cony jestem za prace w urz\u0119dzie pa\u0144stwowym w latach 1946 r. &#8211; 1948 r.&#8221;.<\/p>\r\n<p><strong>Budujmy lepsz\u0105 przysz\u0142o\u015b\u0107<\/strong><\/p>\r\n<div align=\"left\"><img decoding=\"async\" class=\"alignleft\" style=\"border: 1px solid black; margin: 10px;\" src=\"http:\/\/www.asme.pl\/serwis\/arch\/foty\/Lukasz_Kuzmicz2.jpg\" alt=\"\" width=\"220\" height=\"165\" align=\"left\" border=\"1\" \/>\r\n<p>Dalej jest o &#8222;opluskwianiu&#8221;: &#8222;Propaganda opluskwiania rozpocz\u0119ta przez &#8222;WiN&#8221; w 1946 roku, trwa do dzi\u015b, bo publicznie rozpowszechnia si\u0119 w r\u00f3\u017cnych publikacjach nienawi\u015b\u0107 do ka\u017cdego kto by\u0142 funkcjonariuszem UB. W szko\u0142ach podstawowych i gimnazjach, naucza si\u0119 m\u0142odzie\u017c pogardy i nienawi\u015bci do funkcjonariuszy UB, SB i MO, wed\u0142ug zmy\u015blonych scenariuszy, opracowanych w siedzibach IPN. (&#8230;) A czym\u017ce innym jak nie opluskwianiem by\u0142ych funkcjonariuszy UB i SB by\u0142y publiczne wystawy TWARZE BEZPIEKI. Czym\u017ce innym jak nie wyrokami by\u0142o obni\u017cenie do minimum emerytur, a potem wytaczanie spraw karnych i wtr\u0105canie do wi\u0119zienia na podstawie sfa\u0142szowanych materia\u0142\u00f3w jak TE [przeciwko Ku\u017amiczowi &#8211; TMP].<br \/>Pod tekstem Ku\u017amicza czytamy wzruszaj\u0105cy, patriotyczny komentarz: &#8222;Wielu naszych pradziad\u00f3w, dziad\u00f3w i ojc\u00f3w walczy\u0142o o wolno\u015b\u0107 Polski i wielu z nich za t\u0105 wolno\u015b\u0107 odda\u0142o \u017cycie &#8211; za wolno\u015b\u0107 i demokracj\u0119! (&#8230;) Czy warto by\u0142o? Czy oni na pewno marzyli o takiej wolno\u015bci, gdzie bezkarnie i bezwstydnie mo\u017cna obrzuca\u0107 b\u0142otem innego cz\u0142owieka. (&#8230;) Nasuwa si\u0119 pytanie, czy nie mia\u0142 przypadkiem racji by\u0142y pose\u0142 Drzewiecki m\u00f3wi\u0105c: &#8222;Polska to &#8230; dziki kraj&#8230;&#8221;?<br \/>Ale Ku\u017amicz jest dobrej my\u015bli: &#8222;Ca\u0142e szcz\u0119\u015bcie dla Polski, \u017ce w S\u0105dach zasiadaj\u0105 wykszta\u0142ceni prawnicy, kt\u00f3rzy szanuj\u0105 prawo, nim si\u0119 pos\u0142uguj\u0105 i nie zajmuj\u0105 si\u0119 takimi paszkwilami jak pozbawieni rozs\u0105dku, a zacietrzewieni, przypadkowi amatorzy historii i prawa&#8221;. I ko\u0144czy: &#8222;Pami\u0119taj\u0105c o tragicznej przesz\u0142o\u015bci, budujmy lepsz\u0105 przysz\u0142o\u015b\u0107 &#8211; dla nast\u0119pnych pokole\u0144&#8221;. Oczywi\u015bcie pami\u0119taj\u0105c o zbrodniach OUN-UPA, a zapominaj\u0105c o tych autorstwa UB, czy Informacji Wojskowej.<\/p>\r\n<p><em><strong>Tadeusz M. P\u0142u\u017ca\u0144ski<\/strong><\/em><\/p>\r\n<p class=\"zrodlo\">Za: <a href=\"http:\/\/www.asme.pl\/132390530131098.shtml\">Antysocjalistyczne Mazowsze (15, grudnia 2011)<\/a><\/p>\r\n<\/div>\r\n<\/div>\r\n<\/blockquote>","protected":false},"excerpt":{"rendered":"Blisko 200 zbrodni komunistycznych, kt\u00f3re w \u015bwietle prawa uznawane s\u0105 tak\u017ce za zbrodnie przeciwko ludzko\u015bci, ma na swoim koncie \u0141ukasz K., by\u0142y szef Powiatowego Urz\u0119du Bezpiecze\u0144stwa Publicznego w Jaros\u0142awiu. Skala zbrodni, liczba pokrzywdzonych i \u015bwiadk\u00f3w jest tak du\u017ca, \u017ce S\u0105d Rejonowy w Jaros\u0142awiu wyznaczy\u0142 na miejsce procesu sal\u0119 widowiskow\u0105 Miejskiego O\u015brodka Kultury w Jaros\u0142awiu. \u0141ukasz [&hellip;]","protected":false},"author":1,"featured_media":0,"comment_status":"closed","ping_status":"closed","sticky":false,"template":"","format":"standard","meta":{"_acf_changed":false,"_monsterinsights_skip_tracking":false,"_monsterinsights_sitenote_active":false,"_monsterinsights_sitenote_note":"","_monsterinsights_sitenote_category":0,"ngg_post_thumbnail":0,"footnotes":"","_wp_rev_ctl_limit":""},"categories":[8],"tags":[66,114,92,81,36,17],"acf":[],"_links":{"self":[{"href":"https:\/\/www.bibula.com\/index.php?rest_route=\/wp\/v2\/posts\/50792"}],"collection":[{"href":"https:\/\/www.bibula.com\/index.php?rest_route=\/wp\/v2\/posts"}],"about":[{"href":"https:\/\/www.bibula.com\/index.php?rest_route=\/wp\/v2\/types\/post"}],"author":[{"embeddable":true,"href":"https:\/\/www.bibula.com\/index.php?rest_route=\/wp\/v2\/users\/1"}],"replies":[{"embeddable":true,"href":"https:\/\/www.bibula.com\/index.php?rest_route=%2Fwp%2Fv2%2Fcomments&post=50792"}],"version-history":[{"count":0,"href":"https:\/\/www.bibula.com\/index.php?rest_route=\/wp\/v2\/posts\/50792\/revisions"}],"wp:attachment":[{"href":"https:\/\/www.bibula.com\/index.php?rest_route=%2Fwp%2Fv2%2Fmedia&parent=50792"}],"wp:term":[{"taxonomy":"category","embeddable":true,"href":"https:\/\/www.bibula.com\/index.php?rest_route=%2Fwp%2Fv2%2Fcategories&post=50792"},{"taxonomy":"post_tag","embeddable":true,"href":"https:\/\/www.bibula.com\/index.php?rest_route=%2Fwp%2Fv2%2Ftags&post=50792"}],"curies":[{"name":"wp","href":"https:\/\/api.w.org\/{rel}","templated":true}]}}