{"id":50575,"date":"2012-01-23T14:53:33","date_gmt":"2012-01-23T19:53:33","guid":{"rendered":"http:\/\/www.bibula.com\/?p=50575"},"modified":"2012-01-23T14:54:47","modified_gmt":"2012-01-23T19:54:47","slug":"benedykt-xv-%e2%80%93-przyjaciel-polski","status":"publish","type":"post","link":"https:\/\/www.bibula.com\/?p=50575","title":{"rendered":"Benedykt XV \u2013 przyjaciel Polski"},"content":{"rendered":"<p><strong>Przed 90 laty umar\u0142 Benedykt XV &#8211; papie\u017c, kt\u00f3ry przeprowadzi\u0142 Ko\u015bcio\u0142 katolicki przez I wojn\u0119 \u015bwiatow\u0105 i przez nieszcz\u0119\u015bcia, kt\u00f3re ta wojna wywo\u0142a\u0142a ju\u017c po jej zako\u0144czeniu: \u015bmier\u0107 wielu milionow ludzi z powodu epidemii, niedo\u017cywienia i biedy. Papie\u017c, do kt\u00f3rego \u015bwiadomie nawi\u0105za\u0142 na pocz\u0105tku swego pontyfikatu obecny biskup Rzymu Benedykt XVI, przyjmuj\u0105c jego imi\u0119.<\/strong><\/p>\r\n<table class=\"outset\" style=\"width: 222px; height: 361px;\" align=\"left\">\r\n<tbody>\r\n<tr>\r\n<td><img decoding=\"async\" src=\"http:\/\/www.bibula.com\/images\/50575\/Benedykt_XV.jpg\" alt=\"\" \/><\/td>\r\n<\/tr>\r\n<tr>\r\n<td>\r\n<p class=\"zrodlo\">Papie\u017c Benedykt XV (*21 XI 1854 \u201d\u00a022 I 1922) na karcie pocztowej z roku 1915.<br \/> Ze zbior\u00f3w Wolfganga Saubera.<br \/> <em>Fot : Wikipedia.org<\/em><\/p>\r\n<\/td>\r\n<\/tr>\r\n<\/tbody>\r\n<\/table>\r\n<p>Giacomo della Chiesa &#8211; Benedykt XV (*21 XI 1854 \u201d\u00a022 I 1922), przedtem arcybiskup Bolonii, by\u0142 cz\u0142owiekiem g\u0142\u0119boko wykszta\u0142conym (studia filozoficzne i prawnicze, doktor teologii i prawa kanonicznego) i do\u015bwiadczonym w s\u0142u\u017cbie dyplomatycznej Watykanu. Zna\u0142 doskonale histori\u0119 Ko\u015bcio\u0142a i Europy. Decyzja kardynalskiego konklawe, po \u015bmierci Piusa X, by\u0142a wskazaniem na cz\u0142owieka, kt\u00f3ry ud\u017awignie wielkie nieszcz\u0119\u015bcie, jakie spad\u0142o na Europ\u0119 i ca\u0142y chrze\u015bcija\u0144ski \u015bwiat. W\u0142a\u015bnie wybuch\u0142a I wojna \u015bwiatowa. B\u0142ogos\u0142awiony pontyfikat <em>Benedictusa<\/em>! Papie\u017c skupi\u0142 ca\u0142\u0105 energi\u0119 dyplomacji watyka\u0144skiej na nieustaj\u0105cych dzia\u0142aniach pokojowych i usilnych staraniach, by ograniczy\u0107 przera\u017caj\u0105ce skutki wojny, jakiej \u015bwiat przedtem nie zna\u0142. Stolica Apostolska organizowa\u0142a pomoc dla ofiar wojny i inspirowa\u0142a do tego innych. Ju\u017c w 1914 Benedykt XV otworzy\u0142 w Watykanie biuro opieki nad je\u0144cami i o\u015brodek informacji o je\u0144cach zaginionych, o ofiarach wojny.Organizowa\u0142 pomoc dla ludzi w krajach obj\u0119tych walkami.W swojej pierwszej encyklice <em>Ad bestissimi Apostolorum Principis cathedram<\/em>, og\u0142oszonej ju\u017c 1 listopada 1914, zwraca\u0142 si\u0119 z apelem do rz\u0105dz\u0105cych o zaniechanie walki. 1 sierpnia 1917 proponowa\u0142 w nocie pokojowej zawarcie pokoju bez zwyci\u0119zc\u00f3w i zwyci\u0119\u017conych.<\/p>\r\n<p>Jednocze\u015bnie papie\u017c zdawa\u0142 sobie spraw\u0119, \u017ce mimo krwawej \u0142a\u017ani na frontach i niewyobra\u017calnie okrutnej rewolty bolszewickiej, ta wojna mo\u017ce by\u0107 wielk\u0105 szans\u0105 na sprawiedliwe urz\u0105dzenie Europy &#8211; by ofiara milion\u00f3w ludzi nie posz\u0142a na marne. Cieszy\u0142 si\u0119 perspektyw\u0105 odrodzenia lub ustanowienia pa\u0144stwowo\u015bci wielu narod\u00f3w europejskich, kt\u00f3re przez ca\u0142y XIX wiek podejmowa\u0142y nieskutecznie krwawe powstania pod has\u0142ami niepodleg\u0142o\u015bci. Upomina\u0142 si\u0119 o narody ba\u0142ka\u0144skie, o ci\u0119\u017cko do\u015bwiadczonych Ormian, o Polak\u00f3w.<\/p>\r\n<p>Wielk\u0105 zas\u0142ug\u0105 biskupa Rzymu dla Ko\u015bcio\u0142a by\u0142o uchronieniego przed niszcz\u0105cym dzia\u0142aniem \u00f3wczesnych ruch\u00f3w socjalistycznych i umocnienie autorytetu Stolicy Apostolskiej. Benedykt XV odnowi\u0142 te\u017c misje katolickie na ca\u0142ym \u015bwiecie.<\/p>\r\n<p>* * *<\/p>\r\n<p>My, Polacy, mamy szczeg\u00f3lny obowi\u0105zek zachowania dobrej pami\u0119ci o Benedykcie XV, poniewa\u017c ten papie\u017c by\u0142 wielkim przyjacielem Polski i jej niepodleg\u0142ego bytu. Kocha\u0142 Polak\u00f3w i docenia\u0142 ich wk\u0142ad zar\u00f3wno w histori\u0119 Europy, jak i w histori\u0119 Ko\u015bcio\u0142a katolickiego. Jeszcze w czasie wojny opowiada\u0142 si\u0119 za wskrzeszeniem pa\u0144stwa polskiego. 21 listopada 1915 zosta\u0142a przeprowadzona w ca\u0142ym chrze\u015bcija\u0144skim \u015bwiecie kwesta na rzecz narodu polskiego. Nie czeka\u0142 na oficjaln\u0105 notyfikacj\u0119 naszej odrodzonej niepodleg\u0142o\u015bci przez naczelnika pa\u0144stwa. Zanim naczelnik pa\u0144stwa Jozef Pi\u0142sudski dokona\u0142 tej notyfikacji (16 listopada 1918), Benedykt XV skierowa\u0142 na r\u0119ce kardyna\u0142a Aleksandra Kakowskiego przes\u0142anie do Polak\u00f3w. Te s\u0142owa mo\u017cna by dzi\u015b cytowa\u0107 i dedykowa\u0107 tym wszystkim, kt\u00f3rzy uwa\u017caj\u0105 Polak\u00f3w za megaloman\u00f3w. Tymczasem sam biskup Rzymu tak widzia\u0142 nasz\u0105 rol\u0119 w historii:<\/p>\r\n<blockquote>\r\n<p>Historia zapisa\u0142a z\u0142otymi zg\u0142oskami zas\u0142ugi Polski wzgl\u0119dem religii chrze\u015bcija\u0144skiej i europejskiej cywilizacji, atoli &#8211; niestety &#8211; musia\u0142a tak\u017ce zapisa\u0107, jak Europa za to niegodziwie jej odp\u0142aci\u0142a. Przemoc\u0105 bowiem odebrawszy Polsce jej osobowo\u015b\u0107 polityczn\u0105, usi\u0142owa\u0142a nadto w niekt\u00f3rych cz\u0119\u015bciach wydrze\u0107 jej katolick\u0105 wiar\u0119 i narodowo\u015b\u0107. Ali\u015bci z podziwu godnym oporem umieli Polacy utrzyma\u0107 jedno i drugie. Obecnie za\u015b, przetrwawszy prze\u015bladowania d\u0142u\u017csze ni\u017c wiek ca\u0142y, Polska zawsze wierna (<em>Polonia semper fidelis<\/em>) okazuje wi\u0119ksz\u0105 \u017cywotno\u015b\u0107 ni\u017c kiedykolwiek [\u2026].<\/p>\r\n<p>Niech b\u0119d\u0105 niesko\u0144czone dzi\u0119ki Panu, \u017ce wzesz\u0142a ju\u017c nareszcie jutrzenka zmartwychwstania Polski! My najgor\u0119tsze sk\u0142adamy \u017cyczenia, aby Polska &#8211; odzyskawszy swoj\u0105 pe\u0142n\u0105 niezawis\u0142o\u015b\u0107 &#8211; mog\u0142a jak najrychlej w zespole pa\u0144stw zaj\u0105\u0107 przynale\u017cne jej miejsce i dalej rozwija\u0107 swoj\u0105 histori\u0119 narodu cywilizowanego i chrze\u015bcija\u0144skiego.<\/p>\r\n<\/blockquote>\r\n<p>W roku 1920 papie\u017c rozszerzy\u0142 na ca\u0142\u0105 Polsk\u0119 wezwanie do Matki Boskiej Kr\u00f3lowej Korony Polskiej w Litanii Loreta\u0144skiej, wyra\u017caj\u0105c w ten spos\u00f3b swoje przekonanie o szczeg\u00f3lnej opiece Maryi nad Polsk\u0105. Nie zw\u0105tpi\u0142 w t\u0119 opiek\u0119 latem1920, gdy bolszewickie hordy podchodzi\u0142y pod Warszaw\u0119. Na 10 dni przed cudem nad Wis\u0142\u0105 skierowa\u0142 do biskupow \u015bwiata przes\u0142anie O zmi\u0142owanie Boga nad nieszcz\u0119sn\u0105 Polsk\u0105. \u015awiat si\u0119 modli\u0142 o nasze zwyci\u0119stwo nad bolszewikami. Zwyci\u0119stwo dla Polski i dla \u015bwiata. Papie\u017c nie mia\u0142 w\u0105tpliwo\u015bci, \u017ce to wojna sprawiedliwa; \u017ce polscy \u017co\u0142nierze s\u0105 jak dawni rycerze chrze\u015bcija\u0144scy, broni\u0105cy Europy przed wrogami Chrystusa; \u017ce s\u0105 jak ich przodkowie, zwyci\u0119zcy spod Wiednia. Rok wcze\u015bniej ustanowi\u0142 Ordynariat Polowy w Polsce i mianowa\u0142 pierwszego biskupa polowego Wojska Polskiego &#8211; Stanis\u0142awa Galla.<\/p>\r\n<p>Benedykt XV umiera\u0142 w czwartek 22 stycznia 1922. Tego dnia Polacy wspominali powstanie styczniowe, w 59. rocznic\u0119 jego wybuchu. Nawet dzie\u0144 \u015bmierci jedna\u0142 wielkiego papie\u017ca z Polakami!<\/p>\r\n<p>Dwa tygodnie po\u017aniej biskupem Rzymu zosta\u0142 kardyna\u0142 Achille Ratti -Pius XI, kt\u00f3ry jako przedstawiciel Stolicy Apostolskiejw Polsce mia\u0142 odwag\u0119 pozosta\u0107 w Warszawie w pami\u0119tnym sierpniu 1920, gdy inni dyplomaci opuszczali w pop\u0142ochu nasz\u0105 stolic\u0119 w przekonaniu, \u017ce wkr\u00f3tce b\u0119d\u0105 tu bolszewicy. Odrodzona Polska mia\u0142a na Stolicy Piotrowej wielkich przyjaci\u00f3\u0142 i protektor\u00f3w, o kt\u00f3rych powinni\u015bmy pami\u0119ta\u0107.<\/p>\r\n<p><strong><em>Piotr Szubarczyk<\/em><\/strong><\/p>\r\n<p style=\"padding-left: 30px;\">Piotr Szubarczyk, historyk, edukator, pracownik Instytutu Pami\u0119ci Narodowej, proponuje wsp\u00f3lnie z \u201eCzasem Stefczyka\u201d comiesi\u0119czn\u0105 podr\u00f3\u017c po historii &#8211; g\u0142\u00f3wnie XX w. Zapraszamy do odkrywania ma\u0142o znanych, a cz\u0119sto wr\u0119cz zapomnianych stron ojczystej historii. Takiej historii, kt\u00f3ra nie zawsze jest opisywana cho\u0107by w szkolnych podr\u0119cznikach. Fakty te \u015bwiadcz\u0105 o ro\u017cnych przejawach woli utrzymania przez narod to\u017csamo\u015bci. Woli, kt\u00f3ra pozwoli\u0142a przetrwa\u0107 najtrudniejsze lata zniewolenia.<\/p>","protected":false},"excerpt":{"rendered":"Przed 90 laty umar\u0142 Benedykt XV &#8211; papie\u017c, kt\u00f3ry przeprowadzi\u0142 Ko\u015bcio\u0142 katolicki przez I wojn\u0119 \u015bwiatow\u0105 i przez nieszcz\u0119\u015bcia, kt\u00f3re ta wojna wywo\u0142a\u0142a ju\u017c po jej zako\u0144czeniu: \u015bmier\u0107 wielu milionow ludzi z powodu epidemii, niedo\u017cywienia i biedy. Papie\u017c, do kt\u00f3rego \u015bwiadomie nawi\u0105za\u0142 na pocz\u0105tku swego pontyfikatu obecny biskup Rzymu Benedykt XVI, przyjmuj\u0105c jego imi\u0119. Papie\u017c [&hellip;]","protected":false},"author":1,"featured_media":0,"comment_status":"closed","ping_status":"closed","sticky":false,"template":"","format":"standard","meta":{"_acf_changed":false,"_monsterinsights_skip_tracking":false,"_monsterinsights_sitenote_active":false,"_monsterinsights_sitenote_note":"","_monsterinsights_sitenote_category":0,"ngg_post_thumbnail":0,"footnotes":"","_wp_rev_ctl_limit":""},"categories":[3],"tags":[66,30,41],"acf":[],"_links":{"self":[{"href":"https:\/\/www.bibula.com\/index.php?rest_route=\/wp\/v2\/posts\/50575"}],"collection":[{"href":"https:\/\/www.bibula.com\/index.php?rest_route=\/wp\/v2\/posts"}],"about":[{"href":"https:\/\/www.bibula.com\/index.php?rest_route=\/wp\/v2\/types\/post"}],"author":[{"embeddable":true,"href":"https:\/\/www.bibula.com\/index.php?rest_route=\/wp\/v2\/users\/1"}],"replies":[{"embeddable":true,"href":"https:\/\/www.bibula.com\/index.php?rest_route=%2Fwp%2Fv2%2Fcomments&post=50575"}],"version-history":[{"count":0,"href":"https:\/\/www.bibula.com\/index.php?rest_route=\/wp\/v2\/posts\/50575\/revisions"}],"wp:attachment":[{"href":"https:\/\/www.bibula.com\/index.php?rest_route=%2Fwp%2Fv2%2Fmedia&parent=50575"}],"wp:term":[{"taxonomy":"category","embeddable":true,"href":"https:\/\/www.bibula.com\/index.php?rest_route=%2Fwp%2Fv2%2Fcategories&post=50575"},{"taxonomy":"post_tag","embeddable":true,"href":"https:\/\/www.bibula.com\/index.php?rest_route=%2Fwp%2Fv2%2Ftags&post=50575"}],"curies":[{"name":"wp","href":"https:\/\/api.w.org\/{rel}","templated":true}]}}