{"id":50202,"date":"2012-01-17T11:14:44","date_gmt":"2012-01-17T16:14:44","guid":{"rendered":"http:\/\/www.bibula.com\/?p=50202"},"modified":"2012-01-17T11:15:04","modified_gmt":"2012-01-17T16:15:04","slug":"prof-legutko-parlament-europejski-dalej-bedzie-pelnil-funkcje-dekoracyjne-i-towarzyskie-decyzje-beda-podejmowane-gdzie-indziej","status":"publish","type":"post","link":"https:\/\/www.bibula.com\/?p=50202","title":{"rendered":"Prof. Legutko: Parlament Europejski dalej b\u0119dzie pe\u0142ni\u0142 funkcje dekoracyjne i towarzyskie. Decyzje b\u0119d\u0105 podejmowane gdzie indziej"},"content":{"rendered":"<p>Niemiecki polityk Martin Schulz zosta\u0142 nowym przewodnicz\u0105cym Parlamentu Europejskiego. Martin Schulz zosta\u0142 wybrany w pierwszej turze i uzyska\u0142 <strong>w tajnym g\u0142osowaniu<\/strong> 387 z 670 oddanych g\u0142os\u00f3w. 56-letni socjaldemokrata pokieruje Parlamentem przez kolejne 2,5 roku, a\u017c do nowych wybor\u00f3w parlamentarnych w czerwcu 2014 roku.<\/p>\r\n<p>Wysuni\u0119ty na stanowisko przewodnicz\u0105cego PE przez drug\u0105 co do wielko\u015bci grup\u0119 parlamentarn\u0105 &#8211; Grup\u0119 Post\u0119powego Sojuszu Socjalist\u00f3w i Demokrat\u00f3w w Parlamencie Europejskim &#8211; Martin Schulz zast\u0105pi dotychczasowego przewodnicz\u0105cego Jerzego Buzka.<\/p>\r\n<p>Po wynikach g\u0142osowania Ryszard Legutko, przewodnicz\u0105cy polskiej delegacji Prawa i Sprawiedliwo\u015bci w PE powiedzia\u0142:<\/p>\r\n<p>\u201eNiemiecki socjaldemokrata Martin Schulz na stanowisku Przewodnicz\u0105cego Parlamentu Europejskiego gwarantuje dalsze utrzymanie PE z dala od centrum decyzyjnego w Europie. <strong>Parlament Europejski &#8211; pomimo rytualnych zakl\u0119\u0107 jego nowego Przewodnicz\u0105cego o ch\u0119ci wzmacniania tego organu &#8211; b\u0119dzie pe\u0142ni\u0142 funkcje dekoracyjne i towarzyskie. To nie tutaj podejmowa\u0107 si\u0119 b\u0119dzie decyzje i nie tutaj b\u0119dzie si\u0119 o nich dyskutowa\u0107<\/strong>. PE zajmowa\u0107 si\u0119 wi\u0119c b\u0119dzie \u201ewzbudzaniem wiary w projekt europejski\u201d, \u201eodzyskaniem zaufania obywateli\u201d, czy \u201erozbudzaniem entuzjazmu dla Europy\u201d, czyli w\u0142a\u015bciwe nie wiadomo czym, bo &#8211; zw\u0142aszcza w czasie kryzysu &#8211; tego typu has\u0142a nic nie znacz\u0105. Do wszystkich tych, kt\u00f3rzy si\u0119 na tak\u0105 rol\u0119 PE nie godz\u0105, przede wszystkim do Pos\u0142\u00f3w grupy EKR skierowana jest zapowied\u017a o \u201ezapewne innym, mniej koncyliacyjnym stylu ni\u017c przewodnictwo Buzka\u201d. To akurat brzmi szalenie konkretnie i wiarygodnie.<\/p>","protected":false},"excerpt":{"rendered":"Niemiecki polityk Martin Schulz zosta\u0142 nowym przewodnicz\u0105cym Parlamentu Europejskiego. Martin Schulz zosta\u0142 wybrany w pierwszej turze i uzyska\u0142 w tajnym g\u0142osowaniu 387 z 670 oddanych g\u0142os\u00f3w. 56-letni socjaldemokrata pokieruje Parlamentem przez kolejne 2,5 roku, a\u017c do nowych wybor\u00f3w parlamentarnych w czerwcu 2014 roku. Wysuni\u0119ty na stanowisko przewodnicz\u0105cego PE przez drug\u0105 co do wielko\u015bci grup\u0119 parlamentarn\u0105 [&hellip;]","protected":false},"author":1,"featured_media":0,"comment_status":"closed","ping_status":"closed","sticky":false,"template":"","format":"standard","meta":{"_acf_changed":false,"_monsterinsights_skip_tracking":false,"_monsterinsights_sitenote_active":false,"_monsterinsights_sitenote_note":"","_monsterinsights_sitenote_category":0,"ngg_post_thumbnail":0,"footnotes":"","_wp_rev_ctl_limit":""},"categories":[6],"tags":[147,23],"acf":[],"_links":{"self":[{"href":"https:\/\/www.bibula.com\/index.php?rest_route=\/wp\/v2\/posts\/50202"}],"collection":[{"href":"https:\/\/www.bibula.com\/index.php?rest_route=\/wp\/v2\/posts"}],"about":[{"href":"https:\/\/www.bibula.com\/index.php?rest_route=\/wp\/v2\/types\/post"}],"author":[{"embeddable":true,"href":"https:\/\/www.bibula.com\/index.php?rest_route=\/wp\/v2\/users\/1"}],"replies":[{"embeddable":true,"href":"https:\/\/www.bibula.com\/index.php?rest_route=%2Fwp%2Fv2%2Fcomments&post=50202"}],"version-history":[{"count":0,"href":"https:\/\/www.bibula.com\/index.php?rest_route=\/wp\/v2\/posts\/50202\/revisions"}],"wp:attachment":[{"href":"https:\/\/www.bibula.com\/index.php?rest_route=%2Fwp%2Fv2%2Fmedia&parent=50202"}],"wp:term":[{"taxonomy":"category","embeddable":true,"href":"https:\/\/www.bibula.com\/index.php?rest_route=%2Fwp%2Fv2%2Fcategories&post=50202"},{"taxonomy":"post_tag","embeddable":true,"href":"https:\/\/www.bibula.com\/index.php?rest_route=%2Fwp%2Fv2%2Ftags&post=50202"}],"curies":[{"name":"wp","href":"https:\/\/api.w.org\/{rel}","templated":true}]}}