{"id":4984,"date":"2008-12-31T11:34:03","date_gmt":"2008-12-31T16:34:03","guid":{"rendered":"http:\/\/www.bibula.com\/?p=4984"},"modified":"2008-12-31T11:34:03","modified_gmt":"2008-12-31T16:34:03","slug":"faryzeusz-roku-2008","status":"publish","type":"post","link":"https:\/\/www.bibula.com\/?p=4984","title":{"rendered":"Faryzeusz Roku 2008"},"content":{"rendered":"<p><strong>Gdyby istnia\u0142 tytu\u0142 Faryzeusza Roku, tym razem powinien on zosta\u0107 przyznany pos\u0142owi Jaros\u0142awowi Gowinowi za najbardziej przewrotny projekt polityczny mijaj\u0105cego roku. Mowa tu o projekcie ustawy bioetycznej przygotowywanym potajemnie przez komisj\u0119 kierowan\u0105 przez pos\u0142a PO. <br \/>\r\n <\/strong><br \/>\r\n Pomimo usilnych stara\u0144 wielu \u015brodowisk, pose\u0142 Gowin do tej pory nie ujawni\u0142 pe\u0142nego projektu ustawy, co mo\u017ce \u015bwiadczy\u0107 o ch\u0119ci unikni\u0119cia debaty spo\u0142ecznej o projekcie i nieszczerych intencjach projektodawc\u00f3w. <br \/>\r\n <br \/>\r\n Media symuluj\u0105 publiczn\u0105 debat\u0119 wok\u00f3\u0142 projektu ustawy, ale nikt poza pos\u0142em Gowinem i jego komisj\u0105 nie zna tre\u015bci tego projektu. Znane s\u0105 natomiast deklaracje Pana pos\u0142a w stylu, \u017ce \u201enie ka\u017cda zasada moralna mo\u017ce znale\u017a\u0107 odbicie w prawie pa\u0144stwowym\u201d, albo, \u017ce \u201ew polskim parlamencie nie ma wi\u0119kszo\u015bci, kt\u00f3ra mog\u0142aby zakaza\u0107 zap\u0142odnienia <em>in vitro<\/em> i nie ma przyzwolenia spo\u0142ecznego dla takiego rozwi\u0105zania.\u201d<br \/>\r\n <br \/>\r\n Oznacza to, \u017ce pose\u0142 Gowin rozpoczynaj\u0105c prace na projektem ustawy bioetycznej z za\u0142o\u017cenia odrzuci\u0142 nauczanie moralne Ko\u015bcio\u0142a w kwestiach bioetycznych, a w szczeg\u00f3lno\u015bci dotycz\u0105ce zap\u0142odnienia <em>in vitro<\/em>. <br \/>\r\n <br \/>\r\n Czy taka powinna by\u0107 postawa katolickiego polityka?<br \/>\r\n <br \/>\r\n Wypowiedzi pos\u0142a PO raczej \u015bwiadcz\u0105 o tym, \u017ce przyj\u0105\u0142 on postaw\u0119 moralnego kompromisu, ca\u0142kowicie obcego chrze\u015bcija\u0144stwu, kt\u00f3re wymaga moralnego heroizmu, a nie letnio\u015bci. <br \/>\r\n <br \/>\r\n Gdyby bowiem pose\u0142 Gowin dzia\u0142a\u0142 z pobudek katolickich, to przede wszystkim powinien: <br \/>\r\n <br \/>\r\n 1.<span> <\/span>Tworzy\u0107 projekt ustawy w oparciu o zasady prawa naturalnego wy\u0142o\u017cone w nauczaniu Ko\u015bcio\u0142a; <br \/>\r\n <br \/>\r\n 2.<span> <\/span>Ujawni\u0107 projekt, a nie ukrywa\u0107 jego tre\u015b\u0107 przed opini\u0105 publiczn\u0105, jakby rzeczywi\u015bcie zawiera\u0142a jakie\u015b moralnie podejrzane zapisy; <br \/>\r\n <br \/>\r\n 3.<span> <\/span>Po ujawnieniu projektu d\u0105\u017cy\u0107 do pozyskania jak najszerszego poparcia w\u015br\u00f3d innych katolickich parlamentarzyst\u00f3w oraz uzyskania wsparcia ze strony katolickich wyborc\u00f3w; <br \/>\r\n <br \/>\r\n 4.<span> <\/span>Dzi\u0119ki uzyskanemu wsparciu d\u0105\u017cy\u0107 do przyj\u0119cia przez parlament projektu zgodnego z prawem naturalnym. <br \/>\r\n <br \/>\r\n \u0179aden z powy\u017cszych warunk\u00f3w przez pos\u0142a Gowina nie zosta\u0142 spe\u0142niony, wi\u0119cej &#8211; ju\u017c na pocz\u0105tku przyj\u0105\u0142 on kapitulanck\u0105 postaw\u0119 gotowo\u015bci do moralnych kompromis\u00f3w.<br \/>\r\n <br \/>\r\n Nasuwa si\u0119 wi\u0119c pytanie: czy pose\u0142 Gowin poprzez swoj\u0105 dzia\u0142alno\u015b\u0107 daje rzeczywi\u015bcie \u015bwiadectwo wiary jako katolicki polityk, czy raczej s\u0142u\u017cy \u201edyktaturze relatywizmu\u201d, kt\u00f3ra prze\u017cera europejskie prawodawstwo?<br \/>\r\n <br \/>\r\n Niech ewangeliczna zasada rozpoznawania po owocach b\u0119dzie wskaz\u00f3wk\u0105 dla uzyskania odpowiedzi na to pytanie w nadchodz\u0105cym roku 2009.<br \/>\r\n <br \/>\r\n <strong><em>S\u0142awomir Olejniczak<\/em><\/strong><\/p>\r\n\r\n<p>Za: <a href=\"http:\/\/www.piotrskarga.pl\/ps,2831,4,0,1,I,informacje.html\" target=\"_blank\">PiotrSkarga.pl<\/a><\/p>","protected":false},"excerpt":{"rendered":"Gdyby istnia\u0142 tytu\u0142 Faryzeusza Roku, tym razem powinien on zosta\u0107 przyznany pos\u0142owi Jaros\u0142awowi Gowinowi za najbardziej przewrotny projekt polityczny mijaj\u0105cego roku. Mowa tu o projekcie ustawy bioetycznej przygotowywanym potajemnie przez komisj\u0119 kierowan\u0105 przez pos\u0142a PO. Pomimo usilnych stara\u0144 wielu \u015brodowisk, pose\u0142 Gowin do tej pory nie ujawni\u0142 pe\u0142nego projektu ustawy, co mo\u017ce \u015bwiadczy\u0107 o ch\u0119ci [&hellip;]","protected":false},"author":1,"featured_media":0,"comment_status":"closed","ping_status":"closed","sticky":false,"template":"","format":"standard","meta":{"_acf_changed":false,"_monsterinsights_skip_tracking":false,"ngg_post_thumbnail":0,"footnotes":"","_wp_rev_ctl_limit":""},"categories":[9],"tags":[],"acf":[],"_links":{"self":[{"href":"https:\/\/www.bibula.com\/index.php?rest_route=\/wp\/v2\/posts\/4984"}],"collection":[{"href":"https:\/\/www.bibula.com\/index.php?rest_route=\/wp\/v2\/posts"}],"about":[{"href":"https:\/\/www.bibula.com\/index.php?rest_route=\/wp\/v2\/types\/post"}],"author":[{"embeddable":true,"href":"https:\/\/www.bibula.com\/index.php?rest_route=\/wp\/v2\/users\/1"}],"replies":[{"embeddable":true,"href":"https:\/\/www.bibula.com\/index.php?rest_route=%2Fwp%2Fv2%2Fcomments&post=4984"}],"version-history":[{"count":0,"href":"https:\/\/www.bibula.com\/index.php?rest_route=\/wp\/v2\/posts\/4984\/revisions"}],"wp:attachment":[{"href":"https:\/\/www.bibula.com\/index.php?rest_route=%2Fwp%2Fv2%2Fmedia&parent=4984"}],"wp:term":[{"taxonomy":"category","embeddable":true,"href":"https:\/\/www.bibula.com\/index.php?rest_route=%2Fwp%2Fv2%2Fcategories&post=4984"},{"taxonomy":"post_tag","embeddable":true,"href":"https:\/\/www.bibula.com\/index.php?rest_route=%2Fwp%2Fv2%2Ftags&post=4984"}],"curies":[{"name":"wp","href":"https:\/\/api.w.org\/{rel}","templated":true}]}}