{"id":49511,"date":"2012-01-05T12:37:21","date_gmt":"2012-01-05T17:37:21","guid":{"rendered":"http:\/\/www.bibula.com\/?p=49511"},"modified":"2012-01-05T12:45:24","modified_gmt":"2012-01-05T17:45:24","slug":"koncesyjny-knebel-dla-tv-trwam","status":"publish","type":"post","link":"https:\/\/www.bibula.com\/?p=49511","title":{"rendered":"Koncesyjny knebel dla TV Trwam"},"content":{"rendered":"<p><strong>KRRiT odrzuci\u0142a wniosek o w\u0142\u0105czenie TV Trwam do naziemnej telewizji cyfrowej. Obecno\u015b\u0107 stacji w kabl\u00f3wkach jest powa\u017cnie zagro\u017cona. <\/strong><\/p>\r\n<p>Krajowa Rada Radiofonii i Telewizji odrzuci\u0142a wniosek fundacji ojca Rydzyka o koncesj\u0119 na miejsce TV Trwam w multipleksach cyfrowej telewizji naziemnej. Koncesja uprawnia do nadawania program\u00f3w w technologii cyfrowej, kt\u00f3ra ca\u0142kowicie zast\u0105pi technologi\u0119 analogow\u0105 ju\u017c od 1 sierpnia 2013 r. Brak tej koncesji spowoduje, \u017ce telewizja Trwam nie b\u0119dzie dost\u0119pna m.in. w kabl\u00f3wkach.<\/p>\r\n<p>W multipleksie koncesje maj\u0105 ju\u017c m.in. Polsat, TVN, TV Puls, wszystkie kana\u0142y TVP. Od po\u0142owy grudnia uruchomiono kolejne programy nadawane na ostatnim wolnym multipleksie, na kt\u00f3ry trafi\u0107 chcia\u0142a tak\u017ce TV Trwam. KRRiT odrzuci\u0142a jednak jej wniosek.<\/p>\r\n<p>&#8211;<em> Przy podejmowaniu decyzji dotycz\u0105cej przyznania koncesji brane pod uwag\u0119 by\u0142o kryterium zapewnienia widzom r\u00f3\u017cnorodnej oferty programowej<\/em> &#8211; t\u0142umaczy w rozmowie z \u201eRzeczpospolit\u0105\u201d Katarzyna Twardowska, rzeczniczka Rady. &#8211; <em>Wa\u017cnym kryterium by\u0142o r\u00f3wnie\u017c zapewnienie powodzenia finansowego przedsi\u0119wzi\u0119cia, jakim jest uruchomienie nadawania przez wszystkie podmioty, kt\u00f3re otrzyma\u0142y koncesj\u0119.<\/em><\/p>\r\n<p>KRRiT nie przedstawi\u0142a jednak szczeg\u00f3\u0142owych informacji o powodach odmowy wydania koncesji TV Trwam. Tymczasem koncesj\u0119 otrzymali ma\u0142o znani lub zupe\u0142nie nieznani nadawcy. Zgod\u0105 na nadawanie cieszy si\u0119\u00a0 Eska TV, grupa ATM Rozrywka TV,\u00a0 Sp\u00f3\u0142ka Stavka na program informacyjno-publicystyczno-poradnikowy (TTV) i sp\u00f3\u0142ka Lemon Records na nadawanie programu Polo TV popularyzuj\u0105cego polsk\u0105 muzyk\u0119. Jak zapewnia rzecznik Krajowej Rady, wszystkie spe\u0142ni\u0142y wymagane kryteria koncesyjne.<\/p>\r\n<p>Fundacja Lux Veritatis, do kt\u00f3rej nale\u017cy TV Trwam, nie przestaje walczy\u0107 o mo\u017cliwo\u015b\u0107 nadawania. O. Tadeusz Rydzyk zach\u0119ca do zbierania podpis\u00f3w pod wnioskiem do KRRiT o zmian\u0119 decyzji.\u00a0 &#8211; <em>Wszystkich, kt\u00f3rym zale\u017cy na wolno\u015bci, pluralizmie i demokracji w naszej Ojczy\u017anie prosimy o pomoc w uzyskaniu koncesji na miejsce na multipleksie. Prosimy bardzo o zbieranie podpis\u00f3w w\u015br\u00f3d wszystkich ludzi dobrej woli <\/em>&#8211; apeluje o. Rydzyk.<\/p>\r\n<p>PiKa, Rzeczpospolita<\/p>\r\n<blockquote>\r\n<p><strong>KOMENTARZ <em>BIBU\u0141Y<\/em><\/strong>: Oburzaj\u0105c si\u0119 dzisiaj na decyzj\u0119 blokuj\u0105c\u0105 TV Trwam, nie wolno nam zapomina\u0107 o prawdziwych sprawcach, kt\u00f3rych intencje sprzed ponad 4 laty w\u0142a\u015bnie wype\u0142niaj\u0105 si\u0119 na naszych oczach. Oczywi\u015bcie mowa o organizacji \u017cydowskiej o nazwie &#8222;Niezale\u017cny Zakon Syn\u00f3w Przymierza\u201d &#8211; <em>Independent Order of B\u2019nai B\u2019rith<\/em>, kt\u00f3ra 9 wrze\u015bnia 2007 roku reaktywowa\u0142a po prawie 70 latach swoj\u0105 dzia\u0142alno\u015b\u0107 w Polsce.<br \/>Przypomnijmy, \u017ce po uroczysto\u015bci inauguracyjnej nast\u0105pi\u0142o spotkanie ambasadora USA w Warszawie, Victor Ashe z szefami <em>B\u2019nai B\u2019rith<\/em>. W kr\u00f3tkim komunikacie Ambasady Stan\u00f3w Zjednoczonych w Warszawie, <a href=\"http:\/\/polish.poland.usembassy.gov\/poland-pl\/wydarzenia_20010\/bnai-brith-otwiera-now-lo-w-warszawie--9-wrzenia-2007.html\" target=\"_blank\">zamieszczonym<\/a> na stronie internetowej Ambasady, stwierdzono, i\u017c: &#8222;9 wrze\u015bnia przy okazji otwarcia nowej lo\u017cy B\u2019nai B\u2019rith w Warszawie ambasador Victora Ashe spotka\u0142 si\u0119 z dzia\u0142aczami tej organizacji &#8211; prezesem Moishem Smithem i wiceprezesem Danem Mariaschinem. <strong>Om\u00f3wiono m.in. spraw\u0119 ustawodawstwa dotycz\u0105cego zwrotu mienia oraz kwestie zwi\u0105zane z Radiem Maryja i Telewizj\u0105 Trwam.<\/strong> Otwarcie warszawskiej lo\u017cy B\u2019nai B\u2019rith oznacza odrodzenie si\u0119 tej organizacji \u017cydowskiej w Polsce po niemal 70 latach nieobecno\u015bci.\u201d Ot, kr\u00f3tka a dobitna nota oficjalna, wskazuj\u0105ca na cele tej\u017ce organizacji, wspieranej przez rz\u0105d ameryka\u0144ski, w swojej dzia\u0142alno\u015bci w Polsce.<\/p>\r\n<p>Oburzaj\u0105c si\u0119 na zatem decyzj\u0119 KRRiT i apeluj\u0105c o jej cofni\u0119cie, nie zapominajmy r\u00f3wnie\u017c i o innym wsp\u00f3\u0142sprawcy takiej a nie innej rzeczywisto\u015bci (czytaj: judaizacji Polski a w \u015blad za tym antykatolickiej napa\u015bci, zamordyzmu i wszelkiej cenzury), czyli \u015b.p. prezydencie Lechu Kaczy\u0144skim, kt\u00f3ry &#8211; cofaj\u0105c decyzj\u0119 Prezydenta RP sprzed 70 lat &#8211; dopu\u015bci\u0142 do re-legalizacji maso\u0144skiej, \u017cydowskiej, rasistowskiej, syjonistycznej, antykatolickiej organizacji <em>B&#8217;nai B&#8217;rith<\/em>.<\/p>\r\n<\/blockquote>\r\n<h4>\u00a0<\/h4>\r\n<blockquote>\r\n<p><strong>FAKTY <em>BIBU\u0141Y<\/em>:<\/strong><\/p>\r\n<p><strong>Organizacja<em> B\u2019nai B\u2019rith<\/em><\/strong> jest \u017cydowsk\u0105, nacjonalistyczn\u0105, syjonistyczn\u0105 i maso\u0144sk\u0105, a ze swej natury i cel\u00f3w ca\u0142kowicie antychrze\u015bcija\u0144sk\u0105 organizacj\u0105, kt\u00f3rej \u017ar\u00f3d\u0142o stanowi mieszanina maso\u0144skiego rytu York i Odd Fellows. Za\u0142o\u017cona zosta\u0142a w 1848 roku w Nowym Jorku i przyj\u0119\u0142a wz\u00f3r wolnomularski, symbole maso\u0144skie, rytua\u0142y, stopnie oraz spos\u00f3b prowadzenia dzia\u0142alno\u015bci. Jak wskazuje na to wiele autor\u00f3w, w tym ks. prof. Micha\u0142 Poradowski, celem organizacji jest jednoczenie \u015brodowiska \u017cydowskiego i tworzenie warunk\u00f3w do politycznej, gospodarczej i religijnej dominacji nad \u015bwiatem w ramach budowania tzw. Nowego \u015awiatowego Porz\u0105dku (<em>New World Order<\/em>). Tak jak wiele oficjalnie dzia\u0142aj\u0105cych organizacji maso\u0144skich, tak i <em>B\u2019nai B\u2019rith<\/em> uczestniczy w spektakularnych akcjach charytatywnych maj\u0105cych stanowi\u0107 rodzaj medialnej zas\u0142ony dymnej.<\/p>\r\n<p>Lo\u017ca <em>B\u2019nai B\u2019rith<\/em> w niepodleg\u0142ej Polsce uregulowa\u0142a swoj\u0105 oficjaln\u0105 dzia\u0142alno\u015b\u0107 w 1923 roku, lecz wszystkie 11 l\u00f3\u017c maso\u0144skich zosta\u0142o zdelegalizowanych przez Prezydenta Rzeczyposplitej, Ignacego Mo\u015bcickiego, dekretem z dnia 22 listopada 1938 roku.<\/p>\r\n<p>W Polsce organizacja o nazwie &#8222;Niezale\u017cny Zakon Syn\u00f3w Przymierza\u201d &#8211; <em>Independent Order of B\u2019nai B\u2019rith<\/em> reaktywowa\u0142a swoj\u0105 dzia\u0142alno\u015b\u0107 9 wrze\u015bnia 2007 po prawie 70 latach oficjalnej nieobecno\u015bci. W uroczysto\u015bci reaktywacyjnej w Warszawie wzi\u0105\u0142 udzia\u0142 m.in. prezydent <em>B\u2019nai B\u2019rith International<\/em> Moishe Smith. Po uroczysto\u015bci nast\u0105pi\u0142o spotkanie ambasadora USA w Warszawie, Victora Ashe z szefami organizacji. W kr\u00f3tkim komunikacie Ambasady Stan\u00f3w Zjednoczonych w Warszawie, zamieszczonym na stronie internetowej Ambasady, stwierdzono, i\u017c: &#8222;9 wrze\u015bnia przy okazji otwarcia nowej lo\u017cy <em>B\u2019nai B\u2019rith<\/em> w Warszawie ambasador Victor Ashe spotka\u0142 si\u0119 z dzia\u0142aczami tej organizacji &#8211; prezesem Moishem Smithem i wiceprezesem Danem Mariaschinem. <strong>Om\u00f3wiono m.in. spraw\u0119 ustawodawstwa dotycz\u0105cego zwrotu mienia oraz kwestie zwi\u0105zane z Radiem Maryja i Telewizj\u0105 Trwam.<\/strong> Otwarcie warszawskiej lo\u017cy <em>B\u2019nai B\u2019rith<\/em> oznacza odrodzenie si\u0119 tej organizacji \u017cydowskiej w Polsce po niemal 70 latach nieobecno\u015bci.\u201d<\/p>\r\n<p>Specjalny list wyra\u017caj\u0105cy rado\u015b\u0107 z reaktywacji organizacji i z gor\u0105cymi \u017cyczeniami przes\u0142a\u0142a kancelaria Prezydenta RP Lecha Kaczy\u0144skiego, kt\u00f3rej sekretarzem by\u0142a pani Ewa Ju\u0144czyk-Ziomecka, obecny konsul w Nowym Jorku, znana z wielu filosemickich poczyna\u0144. Jest ona cz\u0142onkiem walcz\u0105cej z patriotyzmem polskim i ideami narodowymi pa\u0144stwa polskiego organizacji &#8222;Otwarta Rzeczpospolita\u201d oraz cz\u0142onkiem stowarzyszenia &#8222;\u017bydowski Instytut Historyczny\u201d. Przez wielu obserwator\u00f3w okre\u015blana by\u0142a jako &#8222;z\u0142y duch kancelarii Prezydenta Kaczy\u0144skiego\u201d.<\/p>\r\n<p>Propagandowym i medialnym ramieniem organizacji<em> B\u2019nai B\u2019rith<\/em> jest <strong>&#8222;Liga Przeciwko Znies\u0142awieniu\u201d (<em>Anti Defamation League <\/em>&#8211; ADL) <\/strong>&#8211; skrajnie antykatolicka organizacja \u017cydowska, kt\u00f3rej celem jest judaizacja spo\u0142ecze\u0144stw chrze\u015bcija\u0144skich, os\u0142abianie wiary katolickiej i wp\u0142yw\u00f3w Ko\u015bcio\u0142a oraz tropienie tzw. antysemityzmu, a nawet podgrzewanie nastroj\u00f3w do jego pobudzania. Organizacja ta zosta\u0142a za\u0142o\u017cona w Nowym Jorku w 1913 roku jako\u00a0 &#8222;<em>The <em>Anti<\/em>&#8211;<em>Defamation League<\/em> of <em>B\u2019nai<\/em> of B\u2019nai B\u2019rith<\/em>&#8222;, co wskazywa\u0142o wyra\u017anie na za\u0142o\u017cyciela &#8211; w\u0142a\u015bnie maso\u0144sk\u0105 organizacj\u0119 &#8222;<em>The Independent Order ofof B\u2019nai B\u2019rith<\/em>&#8222;. Po pewnym czasie dla cel\u00f3w propagandowych zrezygnowano z drugiego cz\u0142onu nazwy.<\/p>\r\n<p>Dnia 26 maja 2010 r. metropolita krakowski kardyna\u0142 Stanis\u0142aw Dziwisz odebra\u0142 Mi\u0119dzyreligijn\u0105 Nagrod\u0119 im. Kardyna\u0142a Augustyna Bea, ustanowion\u0105 przez ADL.<\/p>\r\n<p>Kardyna\u0142 Augustyn Bea by\u0142 niemieckim jezuit\u0105, kt\u00f3ry w zasadniczy spos\u00f3b przyczyni\u0142 si\u0119 do rewolucyjnych zmian dokonanych podczas Soboru Watyka\u0144skiego II. Razem z \u017cydowskim historykiem, Jules Isaac, by\u0142 autorem deklaracji <em>Nostra Aetate<\/em>, przekre\u015blaj\u0105cej ca\u0142\u0105 2000-letni\u0105 tradycj\u0119 Ko\u015bcio\u0142a.\u00a0 &#8222;Deklarcja o stosunku Ko\u015bcio\u0142a do religii niechrze\u015bcija\u0144skich <em>Nostra aetate<\/em>\u201d sta\u0142a si\u0119 narz\u0119dziem judaizacji Ko\u015bcio\u0142a katolickiego, co czynione by\u0142o w okresie posoborowym w ramach &#8222;dialogu\u201d ekumenicznego i mi\u0119dzyreligijnego, a szczeg\u00f3lnie dialogu katolicko-\u017cydowskiego.<\/p>\r\n<p>Rola kardyna\u0142a Bea okre\u015blona zosta\u0142a przez arcybiskupa Marcela Lefebvre\u2019a jako &#8222;narz\u0119dzie zdrady\u201d. Kardyna\u0142 Bea kontaktowa\u0142 si\u0119 bezpo\u015brednio z maso\u0144skim lo\u017cami w Nowym Jorku i Waszyngtonie, szczeg\u00f3lnie z \u017cydowsk\u0105 masoneri\u0105 <em>B\u2019nai-Brith<\/em>.<\/p>\r\n<p>Kardyna\u0142 Stanis\u0142aw Dziwisz by\u0142 sekretarzem najbardziej rewolucyjnego w historii Ko\u015bcio\u0142a papie\u017ca &#8211; Jana Paw\u0142a II, kt\u00f3ry w ci\u0105gu swojego d\u0142ugiego pontyfikatu znacznie os\u0142abi\u0142 Ko\u015bci\u00f3\u0142, szczeg\u00f3lnie w zakresie propagowania fa\u0142szywej tezy &#8222;wolno\u015bci religijnej\u201d. Tak jak papie\u017c Jan Pawe\u0142 II cieszy\u0142 si\u0119 medialnym przychylnym rozg\u0142osem, nadawanym przez liberalne, \u017cydowskie b\u0105d\u017a filosemickie media \u015bwiatowe, tak i kard. Dziwisz otrzymuje nagrody i wyr\u00f3\u017cnienia od wrog\u00f3w Ko\u015bcio\u0142a. W swojej diecezji oraz poprzez wp\u0142ywy w ca\u0142ym Ko\u015bciele w Polsce, kard. Dziwisz chroni r\u00f3wnie\u017c b. tajnych wsp\u00f3\u0142pracownik\u00f3w komunistycznego re\u017cimu, dzia\u0142aj\u0105cych w Ko\u015bciele. Wspiera te\u017c liberalnych polityk\u00f3w.<\/p>\r\n<p>Ks. bp. Stanis\u0142aw Dziwisz, nie maj\u0105cy \u017cadnego do\u015bwiadczenia w zakresie kierowania diecezj\u0105, zosta\u0142 arcybiskupem jednej z najwa\u017cniejszych archidiecezji, a nast\u0119pnie otrzyma\u0142 nominacj\u0119 kardynalsk\u0105 od papie\u017ca Benedykta XVI, kt\u00f3ry tym sposobem zastosowa\u0142 stary watyka\u0144ski zwyczaj \u201edegradacji poprzez promocj\u0119\u201d (<em>promoveatur ut amoveatur<\/em>), celem pozbycia si\u0119 z Watykanu os\u00f3b mog\u0105cych stanowi\u0107 utrudnienie w procesie rewitalizacji Ko\u015bcio\u0142a.<\/p>\r\n<p>Ko\u015bci\u00f3\u0142 katolicki od wiek\u00f3w przestrzega\u0142 wiernych przed jakimikolkwiek kontaktami z lo\u017cami maso\u0144skimi, a ka\u017cdy kto je wspomaga\u0142 lub zostawa\u0142 ich cz\u0142onkiem, by\u0142 automatycznie ekskomunikowany. Ju\u017c w 1738 roku roku papie\u017c Klemens XII wyda\u0142 Konstytucj\u0119 Apostolsk\u0105, w kt\u00f3rej uznaje masoneri\u0119 za herezj\u0119 i zobowi\u0105zuje biskup\u00f3w do traktowania jej cz\u0142onk\u00f3w jako podejrzanych o herezj\u0119. Z uwagi na niezwyk\u0142\u0105 wa\u017cno\u015b\u0107 zagadnienia, rozbudow\u0119 masonerii oraz nap\u0142ywaj\u0105cych i ujawnianych fakt\u00f3w desktrukcyjnej jej dzia\u0142alno\u015bci, wielu kolejnych papie\u017cy zajmowa\u0142o si\u0119 zagadnieniami masonerii przestrzegaj\u0105c i nak\u0142adaj\u0105c kar\u0119 ekskomuniki na wiernych wchodz\u0105cych w jej struktury.<\/p>\r\n<p>Pomimo wielu pr\u00f3b zniesienia b\u0105d\u017a \u0142agodzenia obowi\u0105zuj\u0105cych kar, podejmowanych przez zara\u017conych modernizmem posoborowych hierarch\u00f3w, do dnia dzisiejszego obowi\u0105zuje w Ko\u015bciele kara ekskomuniki. Wyra\u017cone zosta\u0142o to i potwierdzone przez Prefekta Kongregacji Nauki Wiary kard. J\u00f3zefa Ratzingera, kt\u00f3ry dnia 26 listopada 1983 roku og\u0142osi\u0142 deklaracj\u0119 o stowarzyszeniach maso\u0144skich <em><a href=\"http:\/\/www.opoka.org.pl\/biblioteka\/W\/WR\/kongregacje\/kdwiary\/zbior\/t_2_9.html\">Quaesitum est: de associationibus massonicis.<\/a><\/em><\/p>\r\n<p>Tym samym ka\u017cdy kto przyczynia si\u0119 do publicznego uwiarygadniania i promowania maso\u0144skich organizacji, r\u00f3wnie\u017c poprzez przyjmowanie ich odznacze\u0144 i zaszczyt\u00f3w, stawia si\u0119 poza Ko\u015bcio\u0142em podpadaj\u0105c pod ekskomunik\u0119 <em>excommunicatio latae sententiae<\/em>.<\/p>\r\n<\/blockquote>\r\n<h4>\u00a0<\/h4>\r\n<blockquote>\r\n<h4>CZYTAJ:<\/h4>\r\n<ul>\r\n<li><a href=\"http:\/\/www.bibula.com\/?p=1190\">Zacie\u015bnia si\u0119 atak na Polsk\u0119: reaktywowano polski oddzia\u0142 \u017cydowskiej lo\u017cy maso\u0144skiej Bnai Brith<\/a><\/li>\r\n<li><a href=\"..\/..\/?p=2944\" rel=\"bookmark\">Narastaj\u0105cy problem polskich <em>Marranos<\/em><\/a><\/li>\r\n<li><a href=\"..\/..\/?p=4443\" rel=\"bookmark\">Umowa <em>YouTube<\/em> z \u017cydowsk\u0105 maso\u0144sk\u0105 organizacj\u0105 o kontroli Internetu<\/a><\/li>\r\n<li><a title=\" Niefortunna odpowied\u017a p.o. Prezesa IPN na list-skarg\u0119 maso\u0144skiej organizacji \"Otwarta Rzeczpospolita\u201d\" href=\"..\/..\/?p=29167\" rel=\"bookmark\">Niefortunna odpowied\u017a p.o. Prezesa IPN na list-skarg\u0119 maso\u0144skiej organizacji &#8222;Otwarta Rzeczpospolita\u201d<\/a><\/li>\r\n<li><a title=\" Muzeum \u017bydowskie w Baltimore otwiera wystaw\u0119 upami\u0119tniaj\u0105c\u0105 papie\u017ca Jana Paw\u0142a II\" href=\"..\/..\/?p=26277\" rel=\"bookmark\">Muzeum \u017bydowskie w Baltimore otwiera wystaw\u0119 upami\u0119tniaj\u0105c\u0105 papie\u017ca Jana Paw\u0142a II<\/a><\/li>\r\n<li><a title=\" Kardyna\u0142 Glemp: Radio Maryja to jest du\u017cy problem\" href=\"..\/..\/?p=22273\" rel=\"bookmark\">Kardyna\u0142 Glemp: Radio Maryja to jest du\u017cy problem<\/a><\/li>\r\n<li><a title=\" Kanada: B. dyrektor syjonistycznej organizacji <em>B\u2019nai B\u2019rith<\/em> przyzna\u0142 si\u0119 do zarzut\u00f3w posiadania dzieci\u0119cej pornografii&#8221; href=&#8221;..\/..\/?p=22163&#8243; rel=&#8221;bookmark&#8221;>Kanada: B. dyrektor syjonistycznej organizacji <em>B\u2019nai B\u2019rith<\/em> przyzna\u0142 si\u0119 do zarzut\u00f3w posiadania dzieci\u0119cej pornografii<\/a><\/li>\r\n<li><a title=\" \u017bydowska maso\u0144ska organizacja chce \"zbadania\u201d doktoratu obronionego przez o. Tadeusza Rydzyka\" href=\"..\/..\/?p=16082\" rel=\"bookmark\">\u017bydowska maso\u0144ska organizacja chce &#8222;zbadania\u201d doktoratu obronionego przez o. Tadeusza Rydzyka<\/a><\/li>\r\n<li><a title=\" Nowy Jork: Wsp\u00f3lna kolacja sederowa abp. Dolana i szefa ADL - Foxmana; \u017cydowskie b\u0142ogos\u0142awie\u0144stwa dla nowego biskupa\" href=\"..\/..\/?p=8925\" rel=\"bookmark\">Nowy Jork: Wsp\u00f3lna kolacja sederowa abp. Dolana i szefa ADL &#8211; Foxmana; \u017cydowskie b\u0142ogos\u0142awie\u0144stwa dla nowego biskupa<\/a><\/li>\r\n<li><a title=\" \u017bydowska \"Liga Przeciwko Znies\u0142awieniu\u201d domaga si\u0119 od Papie\u017ca nacisk\u00f3w na Bractwo \u015bw. Piusa X, aby zaakceptowa\u0142o \"pozytywne nauczanie\u201d Soboru Watyka\u0144skiego II\" href=\"..\/..\/?p=43724\" rel=\"bookmark\">\u017bydowska &#8222;Liga Przeciwko Znies\u0142awieniu\u201d domaga si\u0119 od Papie\u017ca nacisk\u00f3w na Bractwo \u015bw. Piusa X, aby zaakceptowa\u0142o &#8222;pozytywne nauczanie\u201d Soboru Watyka\u0144skiego II<\/a><\/li>\r\n<li><a title=\" Volkswagen przekaza\u0142 milion dolar\u00f3w \u017cydowskiej maso\u0144skiej organizacji \"Liga Przeciwko Znies\u0142awieniu\u201d\" href=\"..\/..\/?p=47089\" rel=\"bookmark\">Volkswagen przekaza\u0142 milion dolar\u00f3w \u017cydowskiej maso\u0144skiej organizacji &#8222;Liga Przeciwko Znies\u0142awieniu\u201d<\/a><\/li>\r\n<\/ul>\r\n<\/blockquote>","protected":false},"excerpt":{"rendered":"KRRiT odrzuci\u0142a wniosek o w\u0142\u0105czenie TV Trwam do naziemnej telewizji cyfrowej. Obecno\u015b\u0107 stacji w kabl\u00f3wkach jest powa\u017cnie zagro\u017cona. Krajowa Rada Radiofonii i Telewizji odrzuci\u0142a wniosek fundacji ojca Rydzyka o koncesj\u0119 na miejsce TV Trwam w multipleksach cyfrowej telewizji naziemnej. Koncesja uprawnia do nadawania program\u00f3w w technologii cyfrowej, kt\u00f3ra ca\u0142kowicie zast\u0105pi technologi\u0119 analogow\u0105 ju\u017c od 1 [&hellip;]","protected":false},"author":1,"featured_media":0,"comment_status":"closed","ping_status":"closed","sticky":false,"template":"","format":"standard","meta":{"_acf_changed":false,"_monsterinsights_skip_tracking":false,"_monsterinsights_sitenote_active":false,"_monsterinsights_sitenote_note":"","_monsterinsights_sitenote_category":0,"ngg_post_thumbnail":0,"footnotes":"","_wp_rev_ctl_limit":""},"categories":[8],"tags":[75,16,92,101,159,83],"acf":[],"_links":{"self":[{"href":"https:\/\/www.bibula.com\/index.php?rest_route=\/wp\/v2\/posts\/49511"}],"collection":[{"href":"https:\/\/www.bibula.com\/index.php?rest_route=\/wp\/v2\/posts"}],"about":[{"href":"https:\/\/www.bibula.com\/index.php?rest_route=\/wp\/v2\/types\/post"}],"author":[{"embeddable":true,"href":"https:\/\/www.bibula.com\/index.php?rest_route=\/wp\/v2\/users\/1"}],"replies":[{"embeddable":true,"href":"https:\/\/www.bibula.com\/index.php?rest_route=%2Fwp%2Fv2%2Fcomments&post=49511"}],"version-history":[{"count":0,"href":"https:\/\/www.bibula.com\/index.php?rest_route=\/wp\/v2\/posts\/49511\/revisions"}],"wp:attachment":[{"href":"https:\/\/www.bibula.com\/index.php?rest_route=%2Fwp%2Fv2%2Fmedia&parent=49511"}],"wp:term":[{"taxonomy":"category","embeddable":true,"href":"https:\/\/www.bibula.com\/index.php?rest_route=%2Fwp%2Fv2%2Fcategories&post=49511"},{"taxonomy":"post_tag","embeddable":true,"href":"https:\/\/www.bibula.com\/index.php?rest_route=%2Fwp%2Fv2%2Ftags&post=49511"}],"curies":[{"name":"wp","href":"https:\/\/api.w.org\/{rel}","templated":true}]}}