{"id":48911,"date":"2011-12-23T13:00:34","date_gmt":"2011-12-23T18:00:34","guid":{"rendered":"http:\/\/www.bibula.com\/?p=48911"},"modified":"2020-09-21T19:35:17","modified_gmt":"2020-09-21T23:35:17","slug":"pielegnowanie-korzeni-anna-komorowska-c-hany-rojer-wnuczka-wolfa-i-estery-rojer-zapalila-w-belwederze-swiece-chanukowe","status":"publish","type":"post","link":"https:\/\/www.bibula.com\/?p=48911","title":{"rendered":"Piel\u0119gnowanie korzeni: Anna Komorowska (c\u00f3rka Hany Rojer, wnuczka Wolfa i Estery Rojer), zapali\u0142a w Belwederze \u015bwiece chanukowe"},"content":{"rendered":"<p><strong>Strona prezydent.pl informuje:<\/strong><\/p>\r\n<p>W pi\u0105tek w Belwederze zapalono \u015bwiece z okazji \u017cydowskiego \u015bwi\u0119ta Chanuka. W uroczysto\u015bci udzia\u0142 wzi\u0119li Pierwsza Dama Anna Komorowska, Szef Kancelarii Prezydenta Jacek Micha\u0142owski oraz ministrowie KPRP, a tak\u017ce Naczelny Rabin Polski Michael Schudrich i przewodnicz\u0105cy Gminy Wyznaniowej \u017bydowskiej w Warszawie Piotr Kadlcik.<\/p>\r\n<p>\u015awiece chanukowe zapali\u0142a Anna Komorowska. Go\u015bci w imieniu prezydenta Bronis\u0142awa Komorowskiego powita\u0142 szef jego kancelarii.<\/p>\r\n<p>&#8211; Chanuka w Belwederze to znak, \u017ce w wolnej Polsce jest miejsce absolutnie dla nas wszystkich, \u017ce jest miejsce do wsp\u00f3lnego \u015bwi\u0119towania &#8211; powiedzia\u0142 minister Jacek Micha\u0142owski.<\/p>\r\n<p>Jak podkre\u015bli\u0142, Chanuka upami\u0119tania ludzki heroizm, ale jest te\u017c okazj\u0105 do wsp\u00f3lnego prze\u017cywania rado\u015bci. Zaznaczy\u0142, \u017ce w tym roku ta rado\u015b\u0107 jest tym wi\u0119ksza, \u017ce tegoroczne obchody Chanuki zbiegaj\u0105 si\u0119 z chrze\u015bcija\u0144skim Bo\u017cym Narodzeniem. Podkre\u015bli\u0142, \u017ce judaizm i chrze\u015bcija\u0144stwo podzielaj\u0105 wsp\u00f3lne warto\u015bci, korzenie i histori\u0119.<\/p>\r\n<p>&#8211; Polska si\u0119 zmienia. Zmieniaj\u0105 si\u0119 te\u017c relacje pomi\u0119dzy Polakami a \u017bydami, zmieniaj\u0105 si\u0119 na o wiele lepsze, zmienia si\u0119 to radykalnie &#8211; powiedzia\u0142 szef KPRP. Jak doda\u0142, \u017bydzi z ca\u0142ego \u015bwiata coraz ch\u0119tnie przyje\u017cd\u017caj\u0105 do naszego kraju.<\/p>\r\n<p>Wed\u0142ug niego dowodem na to by\u0142y dwa wydarzenia: \u015awiatowy Zjazd Ocalonych, kt\u00f3ry odby\u0142 si\u0119 latem w Warszawie oraz XXVII Zjazd Konferencji Rabin\u00f3w Europejskich. Zaznaczy\u0142, \u017ce w oba te wydarzenia zaanga\u017cowa\u0142a si\u0119 tak\u017ce Kancelaria Prezydenta Bronis\u0142awa Komorowskiego.<\/p>\r\n<div class=\"cut1\">[&#8230;] <span class=\"podpis_sz\">Ca\u0142y tekst dost\u0119pny w materiale \u017ar\u00f3d\u0142owym<\/span><\/div>","protected":false},"excerpt":{"rendered":"Strona prezydent.pl informuje: W pi\u0105tek w Belwederze zapalono \u015bwiece z okazji \u017cydowskiego \u015bwi\u0119ta Chanuka. W uroczysto\u015bci udzia\u0142 wzi\u0119li Pierwsza Dama Anna Komorowska, Szef Kancelarii Prezydenta Jacek Micha\u0142owski oraz ministrowie KPRP, a tak\u017ce Naczelny Rabin Polski Michael Schudrich i przewodnicz\u0105cy Gminy Wyznaniowej \u017bydowskiej w Warszawie Piotr Kadlcik. \u015awiece chanukowe zapali\u0142a Anna Komorowska. Go\u015bci w imieniu prezydenta [&hellip;]","protected":false},"author":1,"featured_media":0,"comment_status":"closed","ping_status":"closed","sticky":false,"template":"","format":"standard","meta":{"_acf_changed":false,"_monsterinsights_skip_tracking":false,"_monsterinsights_sitenote_active":false,"_monsterinsights_sitenote_note":"","_monsterinsights_sitenote_category":0,"ngg_post_thumbnail":0,"footnotes":"","_wp_rev_ctl_limit":""},"categories":[8],"tags":[64,448,92,101,144],"acf":[],"_links":{"self":[{"href":"https:\/\/www.bibula.com\/index.php?rest_route=\/wp\/v2\/posts\/48911"}],"collection":[{"href":"https:\/\/www.bibula.com\/index.php?rest_route=\/wp\/v2\/posts"}],"about":[{"href":"https:\/\/www.bibula.com\/index.php?rest_route=\/wp\/v2\/types\/post"}],"author":[{"embeddable":true,"href":"https:\/\/www.bibula.com\/index.php?rest_route=\/wp\/v2\/users\/1"}],"replies":[{"embeddable":true,"href":"https:\/\/www.bibula.com\/index.php?rest_route=%2Fwp%2Fv2%2Fcomments&post=48911"}],"version-history":[{"count":4,"href":"https:\/\/www.bibula.com\/index.php?rest_route=\/wp\/v2\/posts\/48911\/revisions"}],"predecessor-version":[{"id":118695,"href":"https:\/\/www.bibula.com\/index.php?rest_route=\/wp\/v2\/posts\/48911\/revisions\/118695"}],"wp:attachment":[{"href":"https:\/\/www.bibula.com\/index.php?rest_route=%2Fwp%2Fv2%2Fmedia&parent=48911"}],"wp:term":[{"taxonomy":"category","embeddable":true,"href":"https:\/\/www.bibula.com\/index.php?rest_route=%2Fwp%2Fv2%2Fcategories&post=48911"},{"taxonomy":"post_tag","embeddable":true,"href":"https:\/\/www.bibula.com\/index.php?rest_route=%2Fwp%2Fv2%2Ftags&post=48911"}],"curies":[{"name":"wp","href":"https:\/\/api.w.org\/{rel}","templated":true}]}}