{"id":4891,"date":"2008-12-29T21:32:17","date_gmt":"2008-12-30T02:32:17","guid":{"rendered":"http:\/\/www.bibula.com\/?p=4891"},"modified":"2008-12-29T21:32:17","modified_gmt":"2008-12-30T02:32:17","slug":"ukraincy-chca-zbudowac-w-polsce-pomnik","status":"publish","type":"post","link":"https:\/\/www.bibula.com\/?p=4891","title":{"rendered":"Ukrai\u0144cy chc\u0105 zbudowa\u0107 w Polsce pomnik"},"content":{"rendered":"<p>W dniu dzisiejszym, 29 grudnia, podczas zebrania Wo\u0142y\u0144skiej Obwodowej Administracji Pa\u0144stwowej og\u0142oszono, \u017ce na cmentarzu w polskiej wsi Sahry\u0144 (wojew\u00f3dztwo lubelskie) wo\u0142y\u0144skie w\u0142adze planuj\u0105 ods\u0142oni\u0107 pomnik po\u015bwi\u0119cony pami\u0119ci Ukrai\u0144c\u00f3w, kt\u00f3rzy zgin\u0119li podczas drugiej wojny \u015bwiatowej &#8211; informuje portal zik.com.ua.<br style=\"clear: left;\" \/><\/p>\r\n\r\n<p>Gubernator Obwodu Wo\u0142y\u0144skiego, Myko\u0142a Romaniuk, poinformowa\u0142, \u017ce prace zwi\u0105zane z budow\u0105 pomnika zosta\u0142y ju\u017c niemal zako\u0144czone, a jego ods\u0142oni\u0119cie jest zaplanowane na stycze\u0144 2009 roku.<\/p>\r\n\r\n<p>10 marca 1944 oddzia\u0142 AK pod dow\u00f3dztwem por. Zenona Jachymka &#8222;Wiktora&#8221; dokona\u0142 ataku odwetowego na wie\u015b Sahry\u0144, w kt\u00f3rej znajdowa\u0142 si\u0119 posterunek Ukrai\u0144skiej Policji Pomocniczej. W walkach zgin\u0119\u0142o 150-300 Ukrai\u0144c\u00f3w. Wed\u0142ug historyka Grzegorza Motyki dow\u00f3dca polskich oddzia\u0142\u00f3w wyda\u0142 rozkaz oszcz\u0119dzania ludno\u015bci cywilnej, kt\u00f3ry nie by\u0142 do ko\u0144ca respektowany.<\/p>\r\n\r\n<p>tr\/ZIK\/<a href=\"http:\/\/www.kresy.pl\/wydarzenia?zobacz\/ukraincy-chca-zbudowac-w-polsce-pomnik\" target=\"_blank\">Kresy.pl <\/a><\/p>","protected":false},"excerpt":{"rendered":"W dniu dzisiejszym, 29 grudnia, podczas zebrania Wo\u0142y\u0144skiej Obwodowej Administracji Pa\u0144stwowej og\u0142oszono, \u017ce na cmentarzu w polskiej wsi Sahry\u0144 (wojew\u00f3dztwo lubelskie) wo\u0142y\u0144skie w\u0142adze planuj\u0105 ods\u0142oni\u0107 pomnik po\u015bwi\u0119cony pami\u0119ci Ukrai\u0144c\u00f3w, kt\u00f3rzy zgin\u0119li podczas drugiej wojny \u015bwiatowej &#8211; informuje portal zik.com.ua. Gubernator Obwodu Wo\u0142y\u0144skiego, Myko\u0142a Romaniuk, poinformowa\u0142, \u017ce prace zwi\u0105zane z budow\u0105 pomnika zosta\u0142y ju\u017c niemal zako\u0144czone, [&hellip;]","protected":false},"author":1,"featured_media":0,"comment_status":"closed","ping_status":"closed","sticky":false,"template":"","format":"standard","meta":{"_acf_changed":false,"_monsterinsights_skip_tracking":false,"ngg_post_thumbnail":0,"footnotes":"","_wp_rev_ctl_limit":""},"categories":[6],"tags":[17],"acf":[],"_links":{"self":[{"href":"https:\/\/www.bibula.com\/index.php?rest_route=\/wp\/v2\/posts\/4891"}],"collection":[{"href":"https:\/\/www.bibula.com\/index.php?rest_route=\/wp\/v2\/posts"}],"about":[{"href":"https:\/\/www.bibula.com\/index.php?rest_route=\/wp\/v2\/types\/post"}],"author":[{"embeddable":true,"href":"https:\/\/www.bibula.com\/index.php?rest_route=\/wp\/v2\/users\/1"}],"replies":[{"embeddable":true,"href":"https:\/\/www.bibula.com\/index.php?rest_route=%2Fwp%2Fv2%2Fcomments&post=4891"}],"version-history":[{"count":0,"href":"https:\/\/www.bibula.com\/index.php?rest_route=\/wp\/v2\/posts\/4891\/revisions"}],"wp:attachment":[{"href":"https:\/\/www.bibula.com\/index.php?rest_route=%2Fwp%2Fv2%2Fmedia&parent=4891"}],"wp:term":[{"taxonomy":"category","embeddable":true,"href":"https:\/\/www.bibula.com\/index.php?rest_route=%2Fwp%2Fv2%2Fcategories&post=4891"},{"taxonomy":"post_tag","embeddable":true,"href":"https:\/\/www.bibula.com\/index.php?rest_route=%2Fwp%2Fv2%2Ftags&post=4891"}],"curies":[{"name":"wp","href":"https:\/\/api.w.org\/{rel}","templated":true}]}}