{"id":48901,"date":"2011-12-23T11:29:51","date_gmt":"2011-12-23T16:29:51","guid":{"rendered":"http:\/\/www.bibula.com\/?p=48901"},"modified":"2011-12-23T11:29:51","modified_gmt":"2011-12-23T16:29:51","slug":"w-kraju-mieszka-zaledwie-372-mln-osob-i-bedzie-coraz-mniej-wyemigrowalo-juz-ponad-11-milionow","status":"publish","type":"post","link":"https:\/\/www.bibula.com\/?p=48901","title":{"rendered":"W Kraju mieszka zaledwie 37,2 mln os\u00f3b &#8211; i b\u0119dzie coraz mniej. Wyemigrowa\u0142o ju\u017c ponad 1,1 milion\u00f3w"},"content":{"rendered":"<p><strong>W Polsce na sta\u0142e mieszka o 1,1 mln os\u00f3b mniej, ni\u017c podawano oficjalnie do tej pory, wynika ze wst\u0119pnych wynik\u00f3w Narodowego Spisu Powszechnego. Polak\u00f3w jest 38,3 mln, ale faktycznie w kraju mieszka 37,2 mln &#8211; informuje &#8222;Rzeczpospolita&#8221;.<\/strong><\/p>\r\n<p>&#8211; Po raz pierwszy wida\u0107 skal\u0119 emigracji &#8211; t\u0142umaczy prof. Janusz Witkowski, prezes GUS. &#8211; Jest gorzej, ni\u017c my\u015bla\u0142am &#8211; komentuje dla \u201eRz&#8221; nowe dane prof. Krystyna Iglicka, demograf z Centrum Stosunk\u00f3w Mi\u0119dzynarodowych. T\u0142umaczy, \u017ce spodziewa\u0142a si\u0119, i\u017c po 2004 roku, kiedy z naszego kraju ruszy\u0142a fala emigracji na Zach\u00f3d, Polak\u00f3w b\u0119dzie ubywa\u0107, zaskakuje j\u0105 jednak tempo, w jakim si\u0119 to dokonuje. To gigantyczne uchod\u017astwo, najwi\u0119kszy ubytek demograficzny po II wojnie \u015bwiatowej &#8211; podkre\u015bla Iglicka.<\/p>\r\n<p>Dane nie zaskoczy\u0142y tak bardzo prof. Ireny Kotowskiej z SGH. Niepokoi j\u0105 za to szybko zmieniaj\u0105ca si\u0119 struktura demograficzna spo\u0142ecze\u0144stwa. Zwraca na to tak\u017ce uwag\u0119 Janusz Witkowski. &#8211; Mamy coraz wi\u0119cej os\u00f3b, kt\u00f3re sko\u0144czy\u0142y<\/p>\r\n<p>45 lat, bo emigruj\u0105 g\u0142\u00f3wnie ludzie m\u0142odzi &#8211; t\u0142umaczy. Z danych GUS wyra\u017anie wida\u0107, \u017ce w kraju zwi\u0119ksza si\u0119 grupa ludzi po sze\u015b\u0107dziesi\u0105tce, coraz mniej jest dzieci i m\u0142odzie\u017cy. Statystycznie \u201enajstarsze&#8221; wojew\u00f3dztwa to \u0142\u00f3dzkie i \u015bwi\u0119tokrzyskie.<\/p>\r\n<p>Mimo pogarszaj\u0105cej si\u0119 sytuacji gospodarczej na Zachodzie Polacy nie wracaj\u0105. Dlaczego? &#8211; Bo maj\u0105 k\u0142opoty z odnalezieniem si\u0119 w kraju. Maj\u0105 wy\u017csze oczekiwania p\u0142acowe, a za granic\u0105 wi\u0119ksze poczucie <a id=\"anchorbbtBubble213\">bezpiecze\u0144stwa<\/a> &#8211; t\u0142umaczy Iglicka. Jest pesymistk\u0105. Uwa\u017ca, \u017ce za dwa &#8211; trzy lata GUS og\u0142osi, i\u017c w Polsce \u017cyje 36,5 mln os\u00f3b. Stanie si\u0119 tak, bo coraz wi\u0119cej os\u00f3b, kt\u00f3re wyjecha\u0142y, osi\u0105dzie za granic\u0105 na sta\u0142e.<\/p>\r\n<p>Zdaniem Paw\u0142a Kaczmarczyka z Centrum Bada\u0144 nad Migracjami Uniwersytetu Warszawskiego liczba os\u00f3b, kt\u00f3re wyemigrowa\u0142y, nie ma na razie du\u017cego znaczenia dla krajowego <a id=\"anchorbbtBubble272\">rynku<\/a> pracy &#8211; szczeg\u00f3lnie przy wysokim bezrobociu. Jednak brak fachowc\u00f3w czy m\u0142odych ludzi mo\u017ce by\u0107 problemem na lokalnych rynkach pracy. Ekonomista zwraca uwag\u0119, \u017ce wprowadzenie do prognoz demograficznych lub wska\u017anik\u00f3w makroekonomicznych rzeczywistej liczby mieszka\u0144c\u00f3w mo\u017ce poprawi\u0107 niekt\u00f3re z nich, na przyk\u0142ad dobrobyt liczony wska\u017anikiem PKB per capita czy wsp\u00f3\u0142czynniki zatrudnienia lub <a id=\"anchorbbtBubble323\">aktywno\u015bci<\/a> zawodowej.<\/p>\r\n<p>Emigracja, po\u0142\u0105czona z coraz mniejsz\u0105 liczb\u0105 rodz\u0105cych si\u0119 dzieci oraz brakiem polityki imigracyjnej, staje si\u0119 dla Polski powa\u017cnym wyzwaniem. Irena Kotowska uwa\u017ca, \u017ce polityka spo\u0142eczna powinna skutecznie zach\u0119ca\u0107 m\u0142odych ludzi do zak\u0142adania rodzin i wspomaga\u0107 ich. Rz\u0105d powinien te\u017c mie\u0107 program zach\u0119caj\u0105cy emigrant\u00f3w do powrotu. Jej zdaniem remedium na niekt\u00f3re problemy demograficzne jest rozbudowa <a id=\"anchorbbtBubble379\">us\u0142ug<\/a> publicznych. &#8211; To nie tylko zach\u0119ci\u0142oby cz\u0119\u015b\u0107 emigrant\u00f3w do powrotu, a innych do pozostania w kraju, ale poprawi\u0142o warunki \u017cycia os\u00f3b starszych &#8211; podkre\u015bla prof. Kotowska.<\/p>\r\n<p>rp.pl, jp<\/p>","protected":false},"excerpt":{"rendered":"W Polsce na sta\u0142e mieszka o 1,1 mln os\u00f3b mniej, ni\u017c podawano oficjalnie do tej pory, wynika ze wst\u0119pnych wynik\u00f3w Narodowego Spisu Powszechnego. Polak\u00f3w jest 38,3 mln, ale faktycznie w kraju mieszka 37,2 mln &#8211; informuje &#8222;Rzeczpospolita&#8221;. &#8211; Po raz pierwszy wida\u0107 skal\u0119 emigracji &#8211; t\u0142umaczy prof. Janusz Witkowski, prezes GUS. &#8211; Jest gorzej, ni\u017c [&hellip;]","protected":false},"author":1,"featured_media":0,"comment_status":"closed","ping_status":"closed","sticky":false,"template":"","format":"standard","meta":{"_acf_changed":false,"_monsterinsights_skip_tracking":false,"_monsterinsights_sitenote_active":false,"_monsterinsights_sitenote_note":"","_monsterinsights_sitenote_category":0,"ngg_post_thumbnail":0,"footnotes":"","_wp_rev_ctl_limit":""},"categories":[8],"tags":[152,92],"acf":[],"_links":{"self":[{"href":"https:\/\/www.bibula.com\/index.php?rest_route=\/wp\/v2\/posts\/48901"}],"collection":[{"href":"https:\/\/www.bibula.com\/index.php?rest_route=\/wp\/v2\/posts"}],"about":[{"href":"https:\/\/www.bibula.com\/index.php?rest_route=\/wp\/v2\/types\/post"}],"author":[{"embeddable":true,"href":"https:\/\/www.bibula.com\/index.php?rest_route=\/wp\/v2\/users\/1"}],"replies":[{"embeddable":true,"href":"https:\/\/www.bibula.com\/index.php?rest_route=%2Fwp%2Fv2%2Fcomments&post=48901"}],"version-history":[{"count":0,"href":"https:\/\/www.bibula.com\/index.php?rest_route=\/wp\/v2\/posts\/48901\/revisions"}],"wp:attachment":[{"href":"https:\/\/www.bibula.com\/index.php?rest_route=%2Fwp%2Fv2%2Fmedia&parent=48901"}],"wp:term":[{"taxonomy":"category","embeddable":true,"href":"https:\/\/www.bibula.com\/index.php?rest_route=%2Fwp%2Fv2%2Fcategories&post=48901"},{"taxonomy":"post_tag","embeddable":true,"href":"https:\/\/www.bibula.com\/index.php?rest_route=%2Fwp%2Fv2%2Ftags&post=48901"}],"curies":[{"name":"wp","href":"https:\/\/api.w.org\/{rel}","templated":true}]}}