{"id":48808,"date":"2011-12-22T07:47:10","date_gmt":"2011-12-22T12:47:10","guid":{"rendered":"http:\/\/www.bibula.com\/?p=48808"},"modified":"2011-12-22T09:49:00","modified_gmt":"2011-12-22T14:49:00","slug":"sowieckie-wzorce-na-kartkach-bozonarodzeniowych-poslow-eu-nie-ma-chrzescijanskich-motywow","status":"publish","type":"post","link":"https:\/\/www.bibula.com\/?p=48808","title":{"rendered":"Na kartkach bo\u017conarodzeniowych pos\u0142\u00f3w EU nie ma chrze\u015bcija\u0144skich motyw\u00f3w"},"content":{"rendered":"<p><strong>Na \u017cadnej z sze\u015bciu \u015bwi\u0105tecznych kartek, przygotowanych dla pos\u0142\u00f3w parlamentu europejskiego, nie ma chrze\u015bcija\u0144skich motyw\u00f3w<\/strong><\/p>\r\n<p><a title=\"Powi\u0119ksz\" href=\"http:\/\/info.wiara.pl\/doc\/1037964.Sowieckie-wzorce#\">\u00a0<\/a>Po raz kolejny parlament europejski w Brukseli wykaza\u0142 si\u0119 g\u0142\u0119bok\u0105 niech\u0119ci\u0105 do tradycji chrze\u015bcija\u0144skiej. Deputowanym przedstawiono sze\u015b\u0107 oficjalnych kartek \u015bwi\u0105tecznych, ale \u017cadna z nich nie zawiera jakichkolwiek odwo\u0142a\u0144 do \u015awi\u0105t Bo\u017cego Narodzenia, cho\u0107 jest to\u00a0 jedyna okoliczno\u015b\u0107 dla kt\u00f3rej zosta\u0142y wydane. Kartki wywo\u0142a\u0142y protesty r\u00f3\u017cnych eurodeputowanych, kt\u00f3rzy uznali, \u017ce pomini\u0119cie chrze\u015bcija\u0144skich motyw\u00f3w jest oczywistym przejawem dyskryminacji. Jak powiedzia\u0142\u00a0 europose\u0142 Ewald Stadler z Austrii, proponowane im kartki przypominaj\u0105 sowieckie kartki \u015bwi\u0105teczne, kiedy zabronione by\u0142y jakiekolwiek odniesienia do tradycji chrze\u015bcija\u0144skiej. Cz\u0119\u015b\u0107 pos\u0142\u00f3w domaga si\u0119, aby w przysz\u0142ym roku, w\u015br\u00f3d sze\u015bciu kartek trzy odnosi\u0142y si\u0119 do tradycji katolickiej, protestanckiej oraz prawos\u0142awnej. Przy okazji przypomniano skandal z ubieg\u0142ego roku, kiedy w unijnym kalendarzy, wydanym w Brukseli i rozdanym w\u015br\u00f3d 3 mln. uczni\u00f3w w ca\u0142ej Unii, zaznaczone by\u0142y dni \u015bwi\u0105teczne wszystkich wielkich \u015bwiatowych religii, poza \u015bwi\u0119tami chrze\u015bcija\u0144skimi. Sprawa wywo\u0142a\u0142a g\u0142o\u015bne protesty i kalendarz wydrukowany na 2012 r. ma zaznaczone tak\u017ce \u015bwi\u0119ta katolickie.<\/p>\r\n<p><strong><em>Andrzej Grajewski<\/em><\/strong><\/p>","protected":false},"excerpt":{"rendered":"Na \u017cadnej z sze\u015bciu \u015bwi\u0105tecznych kartek, przygotowanych dla pos\u0142\u00f3w parlamentu europejskiego, nie ma chrze\u015bcija\u0144skich motyw\u00f3w \u00a0Po raz kolejny parlament europejski w Brukseli wykaza\u0142 si\u0119 g\u0142\u0119bok\u0105 niech\u0119ci\u0105 do tradycji chrze\u015bcija\u0144skiej. Deputowanym przedstawiono sze\u015b\u0107 oficjalnych kartek \u015bwi\u0105tecznych, ale \u017cadna z nich nie zawiera jakichkolwiek odwo\u0142a\u0144 do \u015awi\u0105t Bo\u017cego Narodzenia, cho\u0107 jest to\u00a0 jedyna okoliczno\u015b\u0107 dla kt\u00f3rej zosta\u0142y [&hellip;]","protected":false},"author":3,"featured_media":0,"comment_status":"closed","ping_status":"closed","sticky":false,"template":"","format":"standard","meta":{"_acf_changed":false,"_monsterinsights_skip_tracking":false,"_monsterinsights_sitenote_active":false,"_monsterinsights_sitenote_note":"","_monsterinsights_sitenote_category":0,"ngg_post_thumbnail":0,"footnotes":"","_wp_rev_ctl_limit":""},"categories":[6],"tags":[100,15,23],"acf":[],"_links":{"self":[{"href":"https:\/\/www.bibula.com\/index.php?rest_route=\/wp\/v2\/posts\/48808"}],"collection":[{"href":"https:\/\/www.bibula.com\/index.php?rest_route=\/wp\/v2\/posts"}],"about":[{"href":"https:\/\/www.bibula.com\/index.php?rest_route=\/wp\/v2\/types\/post"}],"author":[{"embeddable":true,"href":"https:\/\/www.bibula.com\/index.php?rest_route=\/wp\/v2\/users\/3"}],"replies":[{"embeddable":true,"href":"https:\/\/www.bibula.com\/index.php?rest_route=%2Fwp%2Fv2%2Fcomments&post=48808"}],"version-history":[{"count":0,"href":"https:\/\/www.bibula.com\/index.php?rest_route=\/wp\/v2\/posts\/48808\/revisions"}],"wp:attachment":[{"href":"https:\/\/www.bibula.com\/index.php?rest_route=%2Fwp%2Fv2%2Fmedia&parent=48808"}],"wp:term":[{"taxonomy":"category","embeddable":true,"href":"https:\/\/www.bibula.com\/index.php?rest_route=%2Fwp%2Fv2%2Fcategories&post=48808"},{"taxonomy":"post_tag","embeddable":true,"href":"https:\/\/www.bibula.com\/index.php?rest_route=%2Fwp%2Fv2%2Ftags&post=48808"}],"curies":[{"name":"wp","href":"https:\/\/api.w.org\/{rel}","templated":true}]}}