{"id":48105,"date":"2018-02-04T08:57:08","date_gmt":"2018-02-04T13:57:08","guid":{"rendered":"http:\/\/www.bibula.com\/?p=48105"},"modified":"2018-02-04T12:45:07","modified_gmt":"2018-02-04T17:45:07","slug":"zydowscy-klamcy-holokaustu","status":"publish","type":"post","link":"https:\/\/www.bibula.com\/?p=48105","title":{"rendered":"\u017bydowscy k\u0142amcy holokaustu"},"content":{"rendered":"<p><small>Dodano: 2011-12-28 1:57 pm<\/small><\/p>\r\n<p><strong>Od kilku dziesi\u0119cioleci cz\u0119\u015b\u0107 \u015brodowisk \u017cydowskich zamiast upowszechniania rzetelnej wiedzy o holocau\u015bcie wykorzystuje go do kreowania fa\u0142szywego wizerunku Polski i Polak\u00f3w.<\/strong><\/p>\r\n<p>W izraelskich mediach ukazuje si\u0119 coraz wi\u0119cej publikacji, kt\u00f3re przypisuj\u0105 Polakom wsp\u00f3\u0142udzia\u0142 w hitlerowskiej zag\u0142adzie \u017byd\u00f3w. Co chwila powraca k\u0142amliwy termin \u201epolskie&nbsp;obozy zag\u0142ady\u201d. Tylko w ostatnim tygodniu pojawi\u0142 si\u0119, bez \u017cadnej krytycznej reakcji na stronie <a href=\"http:\/\/www.ourjeruselem.com\/\">www.ourjeruselem.com<\/a>. Ironi\u0105 losu jest, \u017ce termin ten wymy\u015blili byli nazi\u015bci, pracuj\u0105cy dla s\u0142u\u017cb specjalnych zachodnich Niemiec w po\u0142owie lat 50. Pos\u0142ugiwanie si\u0119 tego typu terminami ma kreowa\u0107 okre\u015blon\u0105 \u015bwiadomo\u015b\u0107 holocaustu, zw\u0142aszcza &nbsp;w\u015br\u00f3d m\u0142odego pokolenia Izraelczyk\u00f3w. Obecno\u015b\u0107 w zbiorowej \u015bwiadomo\u015bci wsp\u00f3\u0142winy Polak\u00f3w za holocaust,&nbsp;u\u0142atwia cz\u0119\u015bci \u015brodowiskom \u017cydowskim zg\u0142aszanie materialnych roszcze\u0144 wobec Polski.<\/p>\r\n<p>Jakie ta polityka przynosi skutki widzieli\u015bmy dwa miesi\u0105ce temu. Izraelczyk graj\u0105cy w Wi\u015ble Krak\u00f3w publicznie przyzna\u0142, \u017ce chcia\u0142by gra\u0107 w narodowej dru\u017cynie Polski. \u201eChce reprezentowa\u0107 kraj, w kt\u00f3rym przed siedemdziesi\u0119ciu laty wi\u0119kszo\u015b\u0107 jego obywateli dokona\u0142a mordu na jego dziadku i babci i w og\u00f3le na spo\u0142eczno\u015bci, kraj kt\u00f3ry b\u0119dzie nam przypomina\u0142 ha\u0144b\u0119 \u015bwiatow\u0105\u201d &#8211; pisa\u0142 jeden z publicyst\u00f3w. \u201eOdrzuci\u0107 patriotyzm? Reprezentowa\u0107 kraj, na kt\u00f3rego ziemi zgin\u0119\u0142y miliony \u017byd\u00f3w i kt\u00f3ry do dzi\u015b zmaga si\u0119 z antysemityzmem? Powinien to przemy\u015ble\u0107 dwa razy\u201d &#8211; doda\u0142 znany izraelski trener. Polskie w\u0142adze w \u017caden spos\u00f3b oficjalnie nie zaprotestowa\u0142y.<\/p>\r\n<p>Gdy w lutym 2011r. szef polskiego MSZ Rados\u0142aw Sikorski udzieli\u0142 wywiadu opiniotw\u00f3rczej izraelskiej gazecie \u201eHaaretz\u201d nic nie wskazywa\u0142o, ze wywiad ten przyci\u0105gnie &nbsp;jakiekolwiek zainteresowanie. Sikorski unika\u0142 jak m\u00f3g\u0142 dra\u017cliwych kwestii, podkre\u015blaj\u0105c jedynie pozytywne&nbsp;aspekty polsko-\u017cydowskiej przesz\u0142o\u015bci. Prowadz\u0105cemu wywiad Adarowi Primorowi nie uda\u0142o si\u0119 tak\u017ce wci\u0105gn\u0105\u0107 polskiego ministra do dyskusji wok\u00f3\u0142 &nbsp;niedawnej ksi\u0105\u017cki Tomasza&nbsp;Grossa \u201eZ\u0142ote \u017cniwa\u201d i sformu\u0142owanych w niej&nbsp;oskar\u017ce\u0144 pod adresem polskiego spo\u0142ecze\u0144stwa. Jednak wywiad z Sikorskim od razu spotka\u0142 si\u0119&nbsp;z ogromna ilo\u015bci\u0105 komentarzy izraelskich internaut\u00f3w. Wszystkie z nich&nbsp;mia\u0142y jeden wsp\u00f3lny mianownik: przypisywa\u0142y Polsce &nbsp;i Polakom udzia\u0142 w mordowaniu zamieszka\u0142ych w Polsce \u017byd\u00f3w, a nawet mianowa\u0142y Polak\u00f3w najwi\u0119kszymi pomocnikami nazist\u00f3w w zag\u0142adzie. Komentarze izraelskich internaut\u00f3w by\u0142y pr\u00f3bk\u0105 \u015bwiadomo\u015bci historycznej m\u0142odego pokolenia Izraelczyk\u00f3w. \u015awiadomo\u015b\u0107 ta nie wyros\u0142a w pr\u00f3\u017cni i musia\u0142a zosta\u0107 &nbsp;przez kogo\u015b \u015bwiadomie tak ukszta\u0142towana.<\/p>\r\n<p>M\u0142odzi Izraelczycy ju\u017c w szkole \u015bredniej aktywnie uczestnicz\u0105 w programach edukacyjnych po\u015bwi\u0119conych holocaustowi, jakie s\u0105 realizowane w izraelskich szko\u0142ach. W ramach tych program\u00f3w odbywaj\u0105 si\u0119 wycieczki do Polski, w czasie kt\u00f3rych izraelska m\u0142odzie\u017c poznaje miejsca zag\u0142ady \u017byd\u00f3w. Ich sta\u0142ym elementem jest udzia\u0142 w Marszu \u0179ywych w trakcie kt\u00f3rego demonstruj\u0105 sw\u00f3j patriotyzm. M\u0142odzi Izraelczycy w czasie uczestniczenia w tych programach otrzymuj\u0105 wyselekcjonowan\u0105 wiedz\u0119, kt\u00f3ra ma doprowadzi\u0107 ich do samodzielnej, ale z g\u00f3ry za\u0142o\u017conej, interpretacji wydarze\u0144 przed&nbsp;siedemdziesi\u0119ciu lat. Programy te wyposa\u017cone s\u0105 bowiem w odpowiednio dobran\u0105 literatur\u0119, kt\u00f3ra ma miedzy innymi&nbsp;pom\u00f3c zrozumie\u0107 polski udzia\u0142 w holocau\u015bcie. Nauczyciele izraelskich szk\u00f3\u0142 dbaj\u0105 o jej w\u0142a\u015bciwy dob\u00f3r. \u201eMalowany ptak\u201d Jerzego Kosi\u0144skiego, czy&nbsp;\u201eUrywki. Z dzieci\u0144stwa 1939 &#8211; 1948\u201d Binjamina Wilkomirskiego nale\u017c\u0105 doklasyki literatury Holocaustu, a obaj autorzy wymieniani s\u0105 w jednym rz\u0119dzie z dzie\u0142ami Primo Leviego, Eli Wiesela, czy Imre Kertesema. \u201eMalowany ptak\u201d Kosi\u0144skiego sta\u0142 si\u0119 w og\u00f3le jedn\u0105 z najwa\u017cniejszych pozycji na zaj\u0119ciach po\u015bwi\u0119conych tematyce holocaustu. Jest traktowany niemal jak dokument historyczny na temat zag\u0142ady. Dla m\u0142odych Izraelczyk\u00f3w ksi\u0105\u017cka&nbsp;Kosi\u0144skiego stanowi te\u017c wa\u017cne \u017ar\u00f3d\u0142o wiedzy o \u201ePolsce pod okupacj\u0105 niemieck\u0105\u201d. Obraz Polaka jaki zosta\u0142 w niej naszkicowany to obraz psychopaty, wyra\u017caj\u0105cego rado\u015b\u0107 z powodu gazowania i palenia \u017byd\u00f3w. &nbsp;Wed\u0142ug autora dla polskiego ch\u0142opa holocaust jest jedynie kar\u0105 Boga za zabicie przez \u017byd\u00f3w Jezusa oraz za mordowanie chrze\u015bcija\u0144skich niemowl\u0105t i picie ich krwi. Skrytym marzeniem ka\u017cdego Polaka jest przy\u0142\u0105czenie si\u0119 do Niemc\u00f3w i wsp\u00f3lne z nimi wymordowanie wszystkich \u017byd\u00f3w. Ale nie s\u0105 to tylko marzenia. Kosi\u0144ski opisuje wiele historii, kt\u00f3re pokazuj\u0105 jak polski ch\u0142op morduje \u017byd\u00f3w i wy\u0142adowuje na nich swoj\u0105 nienawi\u015b\u0107. Na pewno u m\u0142odych Izraelczyk\u00f3w &nbsp;opisy&nbsp;zachowa\u0144 Polak\u00f3w wywo\u0142uj\u0105 szok. Nie inaczej wygl\u0105daj\u0105 Polacy naszkicowani w \u201eUrywkach\u201d Wilkomirskiego. Tutaj r\u00f3wnie\u017c &nbsp;Polacy nienawidz\u0105 \u017byd\u00f3w i nie mog\u0105 wybaczy\u0107 tym nielicznym, \u017ce prze\u017cyli zag\u0142ad\u0119. Opis okrucie\u0144stw jest tak drastyczny, \u017ce czytaj\u0105cemu \u201eUrywki\u201d przewraca si\u0119 w \u017co\u0142\u0105dku. To na pewno dodatkowo pot\u0119guje odbi\u00f3r Polak\u00f3w, jako wsp\u00f3\u0142odpowiedzialnych za niebywa\u0142e w historii okrucie\u0144stwa na \u017bydach.<\/p>\r\n<p>Ksi\u0105\u017cki Kosi\u0144skiego i Wilkomirskiego &nbsp;pokazuj\u0105 podobn\u0105 histori\u0119, z tym, \u017ce obie z nich s\u0105 literack\u0105 fikcj\u0105. Konfabulacje Wilomirskiego zosta\u0142y o\u015bmieszone, bo okaza\u0142o si\u0119, \u017ce autor nie tylko nie prze\u017cy\u0142 holokaustu, ale nawet nie by\u0142 \u017bydem. I nie by\u0142oby nic w tym z\u0142ego, gdyby nie to, \u017ce ksi\u0105\u017cki te nadal uchodz\u0105 za najlepsz\u0105 literatur\u0119 faktu na temat holocaustu. I w\u0142a\u015bnie to sprawia, \u017ce&nbsp;skutecznie serwuj\u0105 m\u0142odym Izraelczykom &nbsp;oszustwo na temat Polski i Polak\u00f3w, generuj\u0105c u nich&nbsp;przekonanie o polskiej odpowiedzialno\u015bci za holocaust. Ale &nbsp;wed\u0142ug tw\u00f3rc\u00f3w program\u00f3w edukacyjnych na temat holocaustu najwa\u017cniejsze jest to, \u017ce \u201eMalowany ptak\u201d i \u201eOkruchy\u201d napisane zosta\u0142y \u201ez wielk\u0105 szczero\u015bci\u0105 i wra\u017cliwo\u015bci\u0105&#8221; i w\u0142a\u015bnie dlatego najlepiej nadaj\u0105 si\u0119 do edukacji m\u0142odego pokolenia.<\/p>\r\n<p>M\u0142ode pokolenie Izraelczyk\u00f3w czerpie wiedz\u0119 o holocau\u015bcie tak\u017ce z izraelskiej prasy i internetu. A te bardzo cz\u0119sto m\u00f3wi\u0105c o holocau\u015bcie zawieraj\u0105&nbsp;nieod\u0142\u0105czny element polskiej odpowiedzialno\u015bci. M\u00f3wi ona, \u017ce Polacy byli najlepszymi pomocnikami Hitlera, chcieli rozwi\u0105zania kwestii \u017cydowskiej zanim Niemcy napad\u0142y na Polsk\u0119. Kr\u00f3tko m\u00f3wi\u0105c Polska jawi si\u0119 jako kraj wsp\u00f3\u0142odpowiedzialny za holocaust. Wszystko to powoduje, \u017ce w naturalny spos\u00f3b pojawia si\u0119 przekonanie, \u017ce Polska to naprawd\u0119 nieprzyjazny \u017bydom kraj i to prawie od zawsze. I dlatego zawsze wobec Polski trzeba zachowa\u0107 ostro\u017cno\u015b\u0107. Bo Polacy zawsze byli antysemitami i dzisiaj s\u0105 nimi nadal. Przecie\u017c wszyscy na \u015bwiecie o tym wiedz\u0105.<\/p>\r\n<p>Praktycznie nie ma tygodnia, \u017ceby na \u0142amach izraelskiej i \u015bwiatowej prasy nie opublikowano wi\u0119kszego artyku\u0142u zwi\u0105zanego z holokaustem. Kto\u015b kiedy\u015b zauwa\u017cy\u0142, \u017ce&nbsp;ilo\u015b\u0107 artyku\u0142\u00f3w prasowych na temat holocaustu ust\u0119puje pod wzgl\u0119dem ilo\u015bci, tylko codziennym prognozom pogody. Nie inaczej jest z literatur\u0105 naukow\u0105 po\u015bwi\u0119con\u0105 zag\u0142adzie \u017byd\u00f3w. Jej liczb\u0119 szacuje si\u0119 bardzo skromnie na co najmniej 10 tysi\u0119cy publikacji. Zar\u00f3wno artyku\u0142y prasowe jak i literatura naukowa na temat holocaustu ju\u017c dawno przesta\u0142y si\u0119 koncentrowa\u0107 wy\u0142\u0105cznie na pokazywaniu prawdy o zbrodniach Niemc\u00f3w na \u017bydach. Od wielu lat w serwowanym przez nie obrazie holocaustu coraz mocniej obecny jest w\u0105tek polski. Ma on na celu ukazanie wizerunku Polski i Polak\u00f3w jako wsp\u00f3\u0142odpowiedzialnych za zag\u0142ad\u0119 \u017byd\u00f3w. Szczeg\u00f3lnie g\u0142o\u015bnym rezonansem odbi\u0142y si\u0119 publikacje Daniela Jonaha Goldhagena, profesora Harvard University, kt\u00f3ry swoje tezy o udziale Polak\u00f3w w Holocauscie zawar\u0142 w ksi\u0105\u017cce \u201eGorliwi kaci Hitlera\u201d. Wed\u0142ug Goldhagena &nbsp;Hitler jedynie \u201ewyzwoli\u0142 d\u0142awione antysemickie nastroje&#8221;, a te by\u0142y prawie od zawsze obecne w\u015br\u00f3d Polak\u00f3w. Jeden z fragment\u00f3w jego ksi\u0105\u017cki m\u00f3wi wprost: \u201eNazi\u015bci, wsp\u00f3lnie z wielk\u0105 liczb\u0105 zwyczajnych Niemc\u00f3w, przy pomocy kolaboruj\u0105cych Polak\u00f3w, Francuz\u00f3w i innych &#8211; prze\u015bladowali, tropili i oszukiwali europejskich \u017byd\u00f3w, oraz zamordowali 6 milion\u00f3w z nich, oko\u0142o miliona zagazowali i spalili w Auschwitz\u201d. Goldhagen swoja wersj\u0119 holocaustu skonstruowa\u0142 w taki spos\u00f3b, \u017ce bardzo trudno jest podj\u0105\u0107 z nim skuteczn\u0105 polemik\u0119. Jego tezy sta\u0142y si\u0119 szczeg\u00f3lnie g\u0142o\u015bne dekad\u0119 temu, gdy \u015bwiatowe media z okazji 60. rocznicy rozpocz\u0119cia holocaustu zacz\u0119\u0142y szeroko m\u00f3wi\u0107 na ten temat.<\/p>\r\n<p>W Polsce znacznie g\u0142o\u015bniejsza od Goldhagena sta\u0142a si\u0119 ksi\u0105\u017cka&nbsp;Jana Tomasza Grossa &nbsp;&#8222;S\u0105siedzi: Historia zag\u0142ady \u017cydowskiego miasteczka&#8221;, opisuj\u0105ca histori\u0119 pogromu w miasteczku Jedwabne w dniu 10 lipca 1941r. jakiego dopu\u015bcili si\u0119 &nbsp;na \u017cydowskich mieszka\u0144cach miasta tamtejsi Polacy. Gross podobnie jak Goldhagen pokazuje d\u0142awiony od zawsze polski antysemityzm i w\u0142a\u015bnie w taki z g\u00f3ry za\u0142o\u017cony spos\u00f3b opisuje Jedwabne. Podkre\u015bla, \u017ce \u017bydzi w Jedwabnem, musieli \u201ezawsze uwa\u017ca\u0107 na ukryt\u0105 wrogo\u015b\u0107 otaczaj\u0105cej ich ludno\u015bci&#8221;. W lipcu 1941 r. jego zdaniem ta ukryta wrogo\u015b\u0107 Polak\u00f3w z Jedwabnego nagle sta\u0142a si\u0119 \u015bmierciono\u015bna i &nbsp;jak sam okre\u015bla&nbsp;\u201epolska po\u0142owa ludno\u015bci miasta zamordowa\u0142a \u017cydowsk\u0105 po\u0142ow\u0119&#8221; z \u201eB\u00f3g wie jakich&#8221; powod\u00f3w, podczas gdy rola Niemc\u00f3w \u201eogranicza\u0142a si\u0119, w zasadzie, do robienia zdj\u0119\u0107&#8221;. Ksi\u0105\u017cka&nbsp;Grossa to nic innego jak wersja \u201eGoldhagena dla pocz\u0105tkuj\u0105cych\u201d. &nbsp;&nbsp;&nbsp;&nbsp;&nbsp;&nbsp;&nbsp;&nbsp;&nbsp;&nbsp;&nbsp;&nbsp;&nbsp;&nbsp;&nbsp;&nbsp;&nbsp;&nbsp;&nbsp;&nbsp;&nbsp;&nbsp;&nbsp;&nbsp;&nbsp;&nbsp;&nbsp;&nbsp;&nbsp;&nbsp;&nbsp;&nbsp;&nbsp;&nbsp;&nbsp;&nbsp;&nbsp;&nbsp;&nbsp;&nbsp;&nbsp;&nbsp;&nbsp;&nbsp;&nbsp;&nbsp;Mo\u017cna postawi\u0107 pytanie dlaczego tak si\u0119 dzieje, dlaczego tyle publikacji na temat holocaustu przypisuje Polakom t\u0119 zbrodni\u0119, skoro sami Polacy przez sze\u015b\u0107 lat wojny &nbsp;byli r\u00f3wnie\u017c ofiarami Hitlera i ca\u0142ego jego zbrodniczego systemu? Czemu&nbsp;ma s\u0142u\u017cy\u0107 mianowanie Polak\u00f3w katami \u017byd\u00f3w, skora sami Polacy byli r\u00f3wnie\u017c ofiarami nazistowskiego holocaustu. W jakim celu ustawicznie przywo\u0142ywany jest termin \u201epolskie obozy koncentracyjne\u201d, skoro sami przywo\u0142uj\u0105cy dobrze wiedz\u0105, \u017ce jest on semantycznym k\u0142amstwem. Czy \u017cydowski holocaust mo\u017ce negowa\u0107 cierpienie innych, w tym cierpienie samych Polak\u00f3w pod okupacj\u0105 niemieck\u0105.<\/p>\r\n<p>Odpowied\u017a jest prosta. Nie dzia\u0142o by si\u0119 tak, gdyby nie istnia\u0142o \u015bwiatowe \u201eprzedsi\u0119biorstwo holocaust\u201d. O nim sta\u0142o si\u0119 g\u0142o\u015bno, gdy Norman Finkelstein ameryka\u0144ski historyk \u017cydowskiego pochodzenia i syn ofiar holocaustu opublikowa\u0142 w 2003 r. ksi\u0105\u017ck\u0119 pod takim w\u0142a\u015bnie tytu\u0142em. Autor pokaza\u0142 w niej, \u017ce interpretowanie holocaustu,&nbsp;w taki spos\u00f3b, &nbsp;aby kolejne narody by\u0142y jego sprawcami s\u0142u\u017cy cz\u0119\u015bci \u015brodowiskom \u017cydowskim do wy\u0142udzania od tych kraj\u00f3w odszkodowa\u0144 za utracony maj\u0105tek przez ofiary holocaustu. &nbsp;W ten spos\u00f3b&nbsp;holokaust przekszta\u0142ci\u0142 si\u0119 w dochodowy biznes, z kt\u00f3rego zyski czerpi\u0105 przede wszystkim \u017bydzi, kt\u00f3rzy nie byli jego ofiar\u0105. Takie metodyczne podej\u015bcie, profesjonalnie zorganizowane wsparte przez media, nauk\u0119 i bazuj\u0105ce na odpowiednio ukszta\u0142towanym sposobie my\u015blenia o zag\u0142adzie sta\u0142o si\u0119 wed\u0142ug Finkelsteina prawdziwym \u201eprzedsi\u0119biorstwem\u201d.<\/p>\r\n<p>Pocz\u0105tki przedsi\u0119biorstwa holocaust zacz\u0119\u0142y si\u0119 w po\u0142owie lat osiemdziesi\u0105tych ubieg\u0142ego wieku. Niemiecki&nbsp;rz\u0105d wyp\u0142aci\u0142 w\u00f3wczas odszkodowania \u017cyj\u0105cym ofiarom holocaustu. W grupie tej byli wi\u0119\u017aniowie oboz\u00f3w koncentracyjnych, mieszka\u0144cy gett oraz wszyscy ci, kt\u00f3rzy zmuszeni byli do ukrywania si\u0119 w czasie wojny. By\u0142y to ponad cztery miliony os\u00f3b, z kt\u00f3rych blisko po\u0142owa mieszka\u0142a w Izraelu. Na prze\u0142omie lat osiemdziesi\u0105tych i dziewi\u0119\u0107dziesi\u0105tych cz\u0119\u015b\u0107 \u015brodowisk \u017cydowskich zainspirowa\u0142a kampani\u0119 nacisku na Szwajcari\u0119 od kt\u00f3rej domagano si\u0119 zwrotu oszcz\u0119dno\u015bci ofiar holocaustu. Przed wybuchem wojny wielu \u017byd\u00f3w, maj\u0105c poczucie zagro\u017cenia przenios\u0142o swoje&nbsp;oszcz\u0119dno\u015bci do bank\u00f3w w neutralnej Szwajcarii. Po wojnie tysi\u0105ce kont bankowych nie mia\u0142o w\u0142a\u015bcicieli ani spadkobierc\u00f3w. W\u0142a\u015bnie te konta p\u00f3\u0142 wieku p\u00f3\u017aniej sta\u0142y si\u0119 celem \u201eprzedsi\u0119biorstwa holocaust\u201d. Prowadzona pod koniec lat 90 XX wieku kampania przynios\u0142a sukces. Szwajcarskie banki utworzy\u0142y specjalny fundusz odszkodowawczy. Do 2001 r. kwota 240&nbsp;mln USD zosta\u0142a rozdzielona pomi\u0119dzy 255&nbsp;tys. \u017byd\u00f3w ocala\u0142ych z zag\u0142ady, w tym 124&nbsp;tys. mieszka\u0144c\u00f3w Izraela oraz 62&nbsp;tys. obywateli USA. W ka\u017cdym razie proces ten jeszcze trwa. Najwa\u017cniejsze by\u0142o jego uruchomienie. Nast\u0119pnym krajem na celowniku sta\u0142a si\u0119 Polska. Mienie polskich \u017byd\u00f3w najpierw by\u0142o przejmowane przez Niemc\u00f3w, a potem jako mienie poniemieckie zosta\u0142o przej\u0119te przez rz\u0105d PRL. Po 1989 r. w Polsce status w\u0142asno\u015bci pa\u0144stwowej wcze\u015bnie znacjonalizowanej bez podstaw prawnych, nie zosta\u0142 uregulowany \u017cadn\u0105 ustaw\u0105. To sprawi\u0142o, ze sprawa zwrotu \u017cydowskiego mienia by\u0142a i jest otwarta.<\/p>\r\n<p>I w tym wypadku zorganizowana zosta\u0142a&nbsp;kampania propagandowa , maj\u0105ca wywrze\u0107 nacisk na polskie w\u0142adze. Najpierw zacz\u0119\u0142y wyrasta\u0107 jak grzyby po deszczu publikacje historyczne i prasowe maj\u0105ce wskazywa\u0107, \u017ce Polacy, jako nar\u00f3d tradycyjnie antysemicki byli aktywnymi uczestnikami holocaustu i grabili \u017cydowskie mienie, nawet po wojnie. W efekcie na pocz\u0105tku 2001r. &nbsp;\u015awiatowy Kongres \u017bydowski (WJC) skierowa\u0142 w pocz\u0105tkach grudnia do s\u0105du w Nowym Jorku pozew przeciwko pa\u0144stwu polskiemu o odszkodowanie za maj\u0105tek utracony przez \u017byd\u00f3w, ofiary holokaustu w Polsce? Podniesione roszczenia dotycz\u0105<strong>&nbsp;<\/strong>setek tysi\u0119cy parceli w Polsce, kt\u00f3rych warto\u015b\u0107 szacuje si\u0119 na dziesi\u0105tki miliard\u00f3w dolar\u00f3w. \u015awiatowy Kongres \u017byd\u00f3w<strong>,<\/strong>\u015awiatowa Organizacja Restytucji Mienia \u017bydowskiego i inne organizacje \u017cydowskie&nbsp;wiele wzywa\u0142y polskie w\u0142adze, aby te prawnie rozwi\u0105za\u0142y problem \u017cydowskiego mienia. W maju 2011r. z zwr\u00f3ci\u0142a si\u0119 do prezydenta USA Baracka Obamy, aby podczas swojej wizyty w Polsce podni\u00f3s\u0142 kwesti\u0119 zwrotu \u201eskradzionego\u201d prze Polak\u00f3w \u017cydowskiego mienia. W dzia\u0142aniach przedsi\u0119biorstwa&nbsp;holocaust najwa\u017cniejsze jest to, aby proces zwrotu mienia&nbsp;zosta\u0142 uruchomiony. Wtedy jest ju\u017c pro\u015bciej, bo mo\u017cna nim odpowiednio propagandowo sterowa\u0107.<\/p>\r\n<p>\u017bydowskie organizacje \u201eprzedsi\u0119biorstwa holokaust\u201d zwyczajnie chc\u0105 usankcjonowa\u0107 \u201edziedziczenie rasowe\u201d. Zak\u0142adaj\u0105, \u017ce maj\u0105tek zamordowanych Polak\u00f3w \u017cydowskiego pochodzenia nie stanowi w\u0142asno\u015bci pa\u0144stwa, ale nale\u017cy do innych \u017byd\u00f3w. &nbsp;<\/p>\r\n<p>Ten absurdalny postulat ma szans\u0119 tylko wtedy, gdy presja medialna na Polsk\u0119 zacznie przynosi\u0107 ekonomiczne i polityczne straty. Dlatego przedsi\u0119biorstwo holocaust b\u0119dzie gra\u0142o na skrzypcach \u201epolskiego antysemityzmu\u201d &nbsp;tak d\u0142ugo, jak d\u0142ugo b\u0119dzie to konieczne! Dlatego szef Komisji ds. Restytucji Mienia Ofiar Holokaustu &nbsp;Jehuda Evron zaapelowa\u0142 do spo\u0142eczno\u015bci \u017cydowskiej s\u0142owami: \u201e<strong>Musimy kontynuowa\u0107 walk\u0119, nawet gdy sytuacja jest trudna\u201d. Tej walki nie mo\u017cna wygra\u0107 bez &#8222;polskiego antysemityzmu&#8221;, &#8222;bez polskiego udzia\u0142u w holocau\u015bcie \u017byd\u00f3w&#8221; i &#8222;polskich oboz\u00f3w zag\u0142ady&#8221;.<\/strong><\/p>\r\n<p><strong><em>&nbsp;Leszek Pietrzak<\/em><\/strong><\/p>\r\n<p style=\"padding-left: 30px;\">&nbsp;Leszek Pietrzak &#8211; Doktor historii. By\u0142y pracownik Urz\u0119du Ochrony Pa\u0144stwa (1990-2000). By\u0142y Pracownik Biura Bezpiecze\u0144stwa Narodowego. Wyk\u0142adowca akademicki<\/p>\r\n<p style=\"padding-left: 30px;\">&nbsp;<\/p>\r\n<blockquote>\r\n<p><strong>FAKTY <em>BIBU\u0141Y<\/em>:<\/strong> G\u0142\u00f3wnym filarem narracji zwanej Holokaustem, czyli tego co okre\u015bla si\u0119 mianem zaplanowanej i przeprowadzonej niemal do ko\u0144ca (bowiem oficjalnie zosta\u0142a tylko garstka tzw. ocala\u0142ych) eksterminacji \u017byd\u00f3w europejskich, jest ludob\u00f3jcze wykorzystanie kom\u00f3r gazowych w niemieckich obozach koncentracyjnych.<\/p>\r\n<p>Zagadnieniem ludob\u00f3jczego wykorzystania obiekt\u00f3w okre\u015blanych jako komory gazowe zajmowali\u015bmy si\u0119 wcze\u015bniej, wskazuj\u0105c na zupe\u0142ny brak podstaw naukowych mog\u0105cych wesprze\u0107 oficjalnie promowan\u0105 <em>Haggad\u0119<\/em> o sposobie u\u015bmiercania wi\u0119\u017ani\u00f3w w niemieckich obozach koncentracyjnych<em> (<\/em>a chodzi g\u0142\u00f3wnie o wi\u0119\u017ani\u00f3w \u017cydowskich, bowiem o innych tzw. \u015bwiat ju\u017c dawno by zapomnia\u0142)<em>.<\/em><\/p>\r\n<p>Ot\u00f3\u017c, oficjalnie g\u0142oszona i nakazana do wierzenia (<em>sic!<\/em>) &#8211; pod kar\u0105 wieloletniego wi\u0119zienia &#8211; wersja tzw. zag\u0142ady \u017byd\u00f3w, m\u00f3wi o u\u015bmierceniu &#8222;milion\u00f3w\u201d \u017byd\u00f3w w obozach po\u0142o\u017conych na terenie wschodniej Polski, w tym takich oboz\u00f3w jak Majdanek, Sobibor, Belzec, Treblinka. Okazuje si\u0119 jednak, \u017ce wersja holokaustycznej narracji posiada swoj\u0105 &#8222;pi\u0119t\u0119 achillesow\u0105\u201d, a jest ni\u0105 w\u0142a\u015bnie <strong><em>spos\u00f3b<\/em><\/strong> ludob\u00f3jczego wykorzystania kom\u00f3r gazowych w tych niemieckich obozach koncentracyjnych.<\/p>\r\n<p>Ma\u0142o kto zdaje sobie spraw\u0119 &#8211; nawet utytu\u0142owni historycy najcz\u0119\u015bciej nie maj\u0105 o tym zielonego poj\u0119cia, bo po prostu nie chc\u0105 si\u0119gn\u0105\u0107 po ksi\u0105\u017cki i opracowania spoza g\u0142\u00f3wnego nurtu, nie tylko te zatwierdzone przez tzw. autorytety&nbsp; &#8211; \u017ce wed\u0142ug oficjalnej historiografii wi\u0119kszo\u015b\u0107 ofiar oboz\u00f3w nie zgin\u0119\u0142a w wyniku zastosowania s\u0142ynnego \u015brodka owadob\u00f3jczego, znanego jako Cyklon-B, lecz w zupe\u0142nie inny spos\u00f3b. Oficjalna wersja g\u0142osi bowiem, \u017ce a\u017c <strong>2\/3 ofiar \u017cydowskich<\/strong> zamordowanych w komorach gazowych podczas II Wojny \u015awiatowej, mia\u0142oby zgin\u0105\u0107 w wyniku u\u015bmiercenia <strong>przy pomocy tlenku w\u0119gla<\/strong> pochodz\u0105cego ze spalin silnik\u00f3w\u2026 dieslowskich. Nie, to nie pomy\u0142ka. Tlenku w\u0119gla jako produktu spalania silnik\u00f3w wysokopr\u0119\u017cnych. Jak jednak zdaje sobie spraw\u0119 ka\u017cdy student politechniki, a tym bardziej powinien bra\u0107 pod uwag\u0119 ka\u017cdy historyk, poziom CO w spalinach silnik\u00f3w wysokopr\u0119\u017cnych jest niezdolny do masowego u\u015bmiercania. (<em>Rozwini\u0119cie tematu &#8211; zob. opracowanie: <\/em><strong><a title=\" Holokaust czy \"99-procentowy\u201d mit?\" href=\"..\/..\/?p=17994\" rel=\"bookmark\">Holokaust czy &#8222;99-procentowy\u201d mit?<\/a><\/strong><em>, szczeg\u00f3lnie przypisy do tekstu<\/em>) Niestety, problemem tym nie zajmuj\u0105 si\u0119 ani naukowcy ani historycy, przyczyniaj\u0105c si\u0119 tym samym do rozpowszechniania niezweryfikowanej wersji tych kluczowych wydarze\u0144 II Wojny \u015awiatowej.<\/p>\r\n<p>Co ciekawe, na naszych oczach nast\u0119puje pewien zwrot w oficjalnie promowanej wersji, kt\u00f3rej propagatorzy zdaj\u0105 sobie doskonale spraw\u0119 z <strong>braku jakichkolwiek podstaw<\/strong> &#8211; historycznych i naukowych &#8211; oferowanej wersji.&nbsp; Wiedz\u0105c, \u017ce dalsze brni\u0119cie w ten <strong>\u015blepy zau\u0142ek<\/strong> zmierza wprost do kompromitacji i podwa\u017cenia religijnie podtrzymywanego dogmatu holokaustycznej liczby ofiar, pr\u00f3buje si\u0119 zmienia\u0107, rozmazywa\u0107 niekt\u00f3re kwestie, w tym i fa\u0142szowa\u0107 nawet t\u0119 ju\u017c dostatecznie zideologizowan\u0105 histori\u0119.<\/p>\r\n<p>We\u017amy wpis w polskoj\u0119zycznej Wikipedii, m\u00f3wi\u0105cy o u\u015bmiercaniu w obozie Sobibor. Oto urywek dotycz\u0105cy tego zagadnienia:<\/p>\r\n<p style=\"padding-left: 30px;\"><strong>Sobibor<\/strong><\/p>\r\n<p style=\"padding-left: 30px;\">[&#8230;]Lager III: miejsce zag\u0142ady, na kt\u00f3re sk\u0142ada\u0142y si\u0119 komory gazowe, ruszty paleniskowe i masowe groby. Budynek z komorami by\u0142 murowany i zawiera\u0142 trzy komory po ka\u017cdej stronie korytarza, w kt\u00f3rych zaczadzano ofiary spalinami z <strong>silnik\u00f3w dieslowskich<\/strong>. [&#8230;]<\/p>\r\n<p style=\"padding-left: 30px;\">Ca\u0142o\u015b\u0107: http:\/\/pl.wikipedia.org\/wiki\/Sobibor<\/p>\r\n<p>A teraz przyjrzyjmy si\u0119 wpisowi angielskoj\u0119zycznemu:<\/p>\r\n<p style=\"padding-left: 30px;\"><strong>Sobibor extermination camp<\/strong><\/p>\r\n<p style=\"padding-left: 30px;\">Sobibor was a Nazi Germanextermination camp [where]&nbsp;Jews [&#8230;] were [&#8230;] suffocated in gas chambers that were fed with the exhaust of a <strong>petrol engine<\/strong>.<\/p>\r\n<p style=\"padding-left: 30px;\">Ca\u0142o\u015b\u0107: http:\/\/en.wikipedia.org\/wiki\/Sobibor_extermination_camp<\/p>\r\n<p>Jak wida\u0107, wpis polskoj\u0119zyczny <em>jeszcze<\/em> przywo\u0142uje &#8222;spaliny z silnik\u00f3w dieslowskich\u201d, jako element sprawczy ludob\u00f3jstwa, podczas gdy \u015bwiat powoli jest manipulowany zastosowaniem szerszej formu\u0142y &#8211; &#8222;petrol engine\u201d, a definicja ta obejmuje zar\u00f3wno silniki benzynowe jak i silniki wysokopr\u0119\u017cne. Nast\u0119puje wi\u0119c rozmydlanie tego kluczowego poj\u0119cia, pomimo tego, \u017ce zeznania tzw. \u015bwiadk\u00f3w &#8211; a niemal wszystko opiera si\u0119 na <em>zaledwie kilku, cz\u0119sto nielogicznych i sprzecznych ze sob\u0105 zeznaniach<\/em>, w tym na Raporcie Gersteina &#8211; <strong>m\u00f3wi\u0105 wyra\u017anie o silnikach dieslowskich<\/strong>.<\/p>\r\n<p>Widzimy wi\u0119c, \u017ce powoli nast\u0119puje przesuni\u0119cie akcentu, z funkcjonuj\u0105cego absurdalnego pom\u00f3wienia o zab\u00f3jstwo &#8222;milion\u00f3w ofiar\u201d za pomoc\u0105 spalin silnik\u00f3w dieslowskich, do bardziej oczywistego &#8211; lecz ju\u017c <strong>zupe\u0142nie nie popartego niczym<\/strong>, nawet nielogicznymi zeznaniami tzw. \u015bwiadk\u00f3w &#8211; wykorzystaniu spalin silnik\u00f3w benzynowych.<\/p>\r\n<p>W sumie, uwiarygodnienie <em>sposobu<\/em>, czy nawet samej mo\u017cliwo\u015bci technicznej, u\u015bmiercenia tak wielkiej liczby ofiar jak\u0105 podaje si\u0119 oficjalnie w ramach <em>haggady<\/em> okre\u015blanej mianem &#8222;Holokaustu&#8221;, stanowi najczulszy punkt manipulator\u00f3w historii. Z tego w\u0142a\u015bnie wzgl\u0119du mamy do czynienia z niemal zupe\u0142nym pomijaniem tego zagadnienia w najwi\u0119kszych opracowaniach historycznych <em>mainstream<\/em>&#8217; owych historyk\u00f3w. Np. Raul Hilberg &#8211; uwa\u017cany za najwi\u0119kszego historyka epoki tzw. zag\u0142ady \u017byd\u00f3w &#8211;&nbsp; w swoim najwi\u0119kszym 1300-stronicowym opracowaniu o Holokau\u015bcie, wspomina o u\u015bmiercaniu przy pomocy gaz\u00f3w silnik\u00f3w wysokopr\u0119\u017cnych, zaledwie w jedym paragrafie. Inni &#8222;badacze&#8221;, jak np. Lipstadt, Shermer czy Stern, w swoich ksi\u0105\u017ckach <em>zupe\u0142nie <\/em>nawet nie wspominaj\u0105 o tym sposobie zabijania. A przecie\u017c, oficjalnie, dotyczy to 2\/3 ofiar \u017cydowskich! Sk\u0105d taka cisza? Sk\u0105d takie unikanie rozwijania tematu? Odpowied\u017a jest prosta: poniewa\u017c brni\u0119cie w niego wskaza\u0142oby jasno, \u017ce mamy do czynienia z absurdem technicznym, kt\u00f3ry swoj\u0105 si\u0142\u0105 poddaje w w\u0105tpliwo\u015b\u0107 oficjaln\u0105 narracj\u0119 tzw. Holokaustu!<\/p>\r\n<p>Przy braku tego i innych dowod\u00f3w, historycy pos\u0142uguj\u0105 si\u0119 tak wielkimi przybli\u017ceniami, \u017ce <strong>nie mo\u017cna m\u00f3wi\u0107 w przypadku narracji holokaustycznej o \u017cadnych badaniach naukowych<\/strong>, lecz o literackiej swobodnej fikcji. Oto bowiem np. Tregenza twierdzi\u0142 w roku 2000, \u017ce w Be\u0142\u017ccu zgin\u0119\u0142o milion \u017byd\u00f3w, lecz w tym samym roku Jean-Claude Pressac pisa\u0142, \u017ce zgin\u0119\u0142o tam &#8222;poni\u017cej 150 tysi\u0119cy\u201d. W Sobiborze podobnie:&nbsp; Zimmerman m\u00f3wi o &#8222;350 tysi\u0105cach\u201d, Pressac &#8211; &#8222;poni\u017cej 35 tysi\u0119cy\u201d, czyli dziesi\u0119ciokrotnie mniej. W przypadku Treblinki, propaganda sowiecka i powojenna &#8222;oficjalna historiografia\u201d m\u00f3wi\u0105 nawet o &#8222;7 milionach ofiar\u201d, \u017cydowski &#8222;\u015bwiadek\u201d&nbsp; Rajzman wylicza &#8222;3 miliony ofiar\u201d, van Pelt m\u00f3wi o 750 tysi\u0105cach, a Pressac ju\u017c o &#8222;poni\u017cej 250 tysi\u0105cach\u201d. Gdzie zatem le\u017cy prawda przy tak wielkich rozrzutach? A przy tym warto podkre\u015bli\u0107, \u017ce s\u0105 to badania historyk\u00f3w nurtu wspieraj\u0105cego oficjaln\u0105 wersj\u0119 Holokaustu, bez dopuszczenia do g\u0142osu ich kontestator\u00f3w, bez przeprowadzenia np. szerokich bada\u0144 fizyko-chemicznych, niezb\u0119dnych nawet przy pojedynczym morderstwie, a c\u00f3\u017c dopiero przy milionach ofiar.<\/p>\r\n<p>Tak wypaczone informacje wype\u0142niaj\u0105 szczelnie \u015bwiadomo\u015b\u0107 wsp\u00f3\u0142czesnych spo\u0142ecze\u0144stw, kt\u00f3re albo boj\u0105 si\u0119 zastanawia\u0107 nad prawdziwymi faktami, albo zupe\u0142nie nie interesuj\u0105 si\u0119 przesz\u0142o\u015bci\u0105. W epoce ideologicznej dominacji syjonizmu rozrasta si\u0119 literatura holokaustyczna, kt\u00f3rej rozmiary wygl\u0105daj\u0105 przera\u017caj\u0105co. Oto gdy np. w latach 1960. wydawano oko\u0142o 30 angielskoj\u0119zycznych, znacz\u0105cych pozycji o Holokau\u015bcie, to w dekad\u0119 p\u00f3\u017aniej &#8211; 140 pozycji, w latach 1980. &#8211; 346 pozycji, by w latach 2000-2007 (a jest to nieca\u0142a dekada) doj\u015b\u0107 do liczby ponad 900 pozycji rocznie. Je\u015bli uwzgl\u0119dni\u0107 inne media &#8211; filmy, CDs, itp. &#8211; to liczba ta urasta do grubo ponad 5000 pozycji rocznie, czyli <strong>ka\u017cdego dnia, ka\u017cdego roku, tylko w \u015bwiecie angielskoj\u0119zycznym, powstaje 15 kolejnych produkt\u00f3w propagandy Holokaustu<\/strong>. Razem z atmosfer\u0105 &#8222;Dni Holokaustu\u201d, oddzia\u0142ywaniem setek muze\u00f3w i pomnik\u00f3w Holokaustu, spotka\u0144, sympozj\u00f3w, studi\u00f3w, program\u00f3w szkolnych, monstrualn\u0105 ilo\u015bci\u0105 artyku\u0142\u00f3w prasowych, program\u00f3w telewizyjnych, internetowych stron, a tak\u017ce zgubnego dla Ko\u015bcio\u0142a i Jego wiernych &#8222;dialogu katolicko-\u017cydowskiego\u201d &#8211; otrzymujemy obraz zasi\u0119gu tego socjotechnicznego dzia\u0142ania.<\/p>\r\n<p>Wszystkim tym zjawiskom nale\u017cy dawa\u0107 op\u00f3r, gdy\u017c tylko swobodne badania naukowe i brak nacisk\u00f3w ideologicznych na tw\u00f3rc\u00f3w i dystrybutor\u00f3w medialnych, mo\u017ce przyczyni\u0107 si\u0119 do wyja\u015bnienia najbardziej skrywanych zagadek II Wojny \u015bwiatowej i XX wieku. Wyja\u015bnienie to oczy\u015bci\u0142oby medialny przekaz i \u015bwiadomo\u015b\u0107 spo\u0142eczn\u0105, a w \u015blad za tym przyczyni\u0142oby si\u0119 do poprawy stosunk\u00f3w mi\u0119dzynarodowych, kt\u00f3re w nowej atmosferze znalaz\u0142oby swe oparcie nie na medialnych k\u0142amstwach, in\u017cynierii spo\u0142eczenej i szanta\u017cu, lecz na Prawdzie, w tym prawdzie historycznej.<\/p>\r\n<\/blockquote>","protected":false},"excerpt":{"rendered":"Dodano: 2011-12-28 1:57 pm Od kilku dziesi\u0119cioleci cz\u0119\u015b\u0107 \u015brodowisk \u017cydowskich zamiast upowszechniania rzetelnej wiedzy o holocau\u015bcie wykorzystuje go do kreowania fa\u0142szywego wizerunku Polski i Polak\u00f3w. W izraelskich mediach ukazuje si\u0119 coraz wi\u0119cej publikacji, kt\u00f3re przypisuj\u0105 Polakom wsp\u00f3\u0142udzia\u0142 w hitlerowskiej zag\u0142adzie \u017byd\u00f3w. Co chwila powraca k\u0142amliwy termin \u201epolskie&nbsp;obozy zag\u0142ady\u201d. Tylko w ostatnim tygodniu pojawi\u0142 si\u0119, bez [&hellip;]","protected":false},"author":3,"featured_media":0,"comment_status":"closed","ping_status":"closed","sticky":false,"template":"","format":"standard","meta":{"_acf_changed":false,"_monsterinsights_skip_tracking":false,"_monsterinsights_sitenote_active":false,"_monsterinsights_sitenote_note":"","_monsterinsights_sitenote_category":0,"ngg_post_thumbnail":0,"footnotes":"","_wp_rev_ctl_limit":""},"categories":[9],"tags":[65,22,18],"acf":[],"_links":{"self":[{"href":"https:\/\/www.bibula.com\/index.php?rest_route=\/wp\/v2\/posts\/48105"}],"collection":[{"href":"https:\/\/www.bibula.com\/index.php?rest_route=\/wp\/v2\/posts"}],"about":[{"href":"https:\/\/www.bibula.com\/index.php?rest_route=\/wp\/v2\/types\/post"}],"author":[{"embeddable":true,"href":"https:\/\/www.bibula.com\/index.php?rest_route=\/wp\/v2\/users\/3"}],"replies":[{"embeddable":true,"href":"https:\/\/www.bibula.com\/index.php?rest_route=%2Fwp%2Fv2%2Fcomments&post=48105"}],"version-history":[{"count":0,"href":"https:\/\/www.bibula.com\/index.php?rest_route=\/wp\/v2\/posts\/48105\/revisions"}],"wp:attachment":[{"href":"https:\/\/www.bibula.com\/index.php?rest_route=%2Fwp%2Fv2%2Fmedia&parent=48105"}],"wp:term":[{"taxonomy":"category","embeddable":true,"href":"https:\/\/www.bibula.com\/index.php?rest_route=%2Fwp%2Fv2%2Fcategories&post=48105"},{"taxonomy":"post_tag","embeddable":true,"href":"https:\/\/www.bibula.com\/index.php?rest_route=%2Fwp%2Fv2%2Ftags&post=48105"}],"curies":[{"name":"wp","href":"https:\/\/api.w.org\/{rel}","templated":true}]}}