{"id":481,"date":"2006-07-20T00:00:00","date_gmt":"2006-07-20T00:00:00","guid":{"rendered":""},"modified":"2009-07-09T12:18:32","modified_gmt":"2009-07-09T17:18:32","slug":"dziennikarze-izraelscy-zrzekaj-si-czonkostwa-w-midzynarodowej-federacji-dziennikarzy","status":"publish","type":"post","link":"https:\/\/www.bibula.com\/?p=481","title":{"rendered":"Dziennikarze izraelscy zrzekaj\u0105 si\u0119 cz\u0142onkostwa w Mi\u0119dzynarodowej Federacji Dziennikarzy"},"content":{"rendered":"<p>Izraelscy dziennikarze zrezygnowali z cz\u0142onkostwa w Mi\u0119dzynarodowej Federacji Dziennikarzy <em>International Federation of Journalists &#8211; IFJ<\/em> po tym jak Sekretarz Generalny IFJ, Aiden White odm\u00f3wi\u0142 wycofania pot\u0119piaj\u0105cego o\u015bwiadczenia wydanego przez IFJ po zbombardowaniu przez izraelskie wojsko liba\u0144skiej stacji telewizyjnej Al-Manar w Bejrucie.<\/p>\r\n\r\n<p>Sekretarz Generalny IFJ Aiden White zaproponowa\u0142 stronie izraelskiej rozmowy, na kt\u00f3re chcia\u0142 przylecie\u0107 do Izraela, lecz izraelski dziennikarz i cz\u0142onek IFJ Yaron Anosh &#8211; jeden z sze\u015bciu izraelskich dziennikarzy, kt\u00f3rzy zrezygnowali z cz\u0142onkostwa w Federacji &#8211; powiedzia\u0142, \u017ce tak d\u0142ugo jak o\u015bwiadczenie IFJ b\u0119dzie utrzymane w mocy, Aiden White b\u0119dzie traktowany w Izraelu jako <em>persona non grata<\/em>.<\/p>\r\n\r\n<p>O\u015bwiadczenie Mi\u0119dzynarodowej Federacji Dziennikarzy okre\u015bla atak si\u0142 izraelskich jako &#8222;jawny przyk\u0142ad stosowanej  przez  Izrael przemocy celem zlikwidowania  medi\u00f3w, kt\u00f3re nie zgadzaj\u0105 si\u0119 z polityk\u0105 Izraela.&#8221;<\/p>\r\n\r\n<p><br class=\"spacer_\" \/><\/p>\r\n\r\n<p>KOMENTARZ <em>BIBU\u0141Y<\/em>: W\u0142adzom polskim polecamy rozwa\u017cy\u0107 <strong>natychmiastowe cofni\u0119cie akredytacji w Polsce wszystkim dziennikarzom izraelskim<\/strong> zrzeszonym w <em>International Federation of Journalists<\/em>. Dziennikarze ci, jawnie niezgadzaj\u0105cy si\u0119 z zasad\u0105 obiektywizmu przekazywanych informacji jako naczeln\u0105 zasad\u0105 dziennikarstwa, staj\u0105 si\u0119 osobami mog\u0105cymi szkodzi\u0107 sprawie polskiej przesy\u0142aj\u0105c w \u015bwiat informacje niezgodne z prawd\u0105.<\/p>\r\n\r\n<p><br class=\"spacer_\" \/><\/p>","protected":false},"excerpt":{"rendered":"Izraelscy dziennikarze zrezygnowali z cz\u0142onkostwa w Mi\u0119dzynarodowej Federacji Dziennikarzy International Federation of Journalists &#8211; IFJ po tym jak Sekretarz Generalny IFJ, Aiden White odm\u00f3wi\u0142 wycofania pot\u0119piaj\u0105cego o\u015bwiadczenia wydanego przez IFJ po zbombardowaniu przez izraelskie wojsko liba\u0144skiej stacji telewizyjnej Al-Manar w Bejrucie. Sekretarz Generalny IFJ Aiden White zaproponowa\u0142 stronie izraelskiej rozmowy, na kt\u00f3re chcia\u0142 przylecie\u0107 do [&hellip;]","protected":false},"author":1,"featured_media":0,"comment_status":"closed","ping_status":"open","sticky":false,"template":"","format":"standard","meta":{"_acf_changed":false,"_monsterinsights_skip_tracking":false,"_monsterinsights_sitenote_active":false,"_monsterinsights_sitenote_note":"","_monsterinsights_sitenote_category":0,"ngg_post_thumbnail":0,"footnotes":"","_wp_rev_ctl_limit":""},"categories":[6],"tags":[72],"acf":[],"_links":{"self":[{"href":"https:\/\/www.bibula.com\/index.php?rest_route=\/wp\/v2\/posts\/481"}],"collection":[{"href":"https:\/\/www.bibula.com\/index.php?rest_route=\/wp\/v2\/posts"}],"about":[{"href":"https:\/\/www.bibula.com\/index.php?rest_route=\/wp\/v2\/types\/post"}],"author":[{"embeddable":true,"href":"https:\/\/www.bibula.com\/index.php?rest_route=\/wp\/v2\/users\/1"}],"replies":[{"embeddable":true,"href":"https:\/\/www.bibula.com\/index.php?rest_route=%2Fwp%2Fv2%2Fcomments&post=481"}],"version-history":[{"count":0,"href":"https:\/\/www.bibula.com\/index.php?rest_route=\/wp\/v2\/posts\/481\/revisions"}],"wp:attachment":[{"href":"https:\/\/www.bibula.com\/index.php?rest_route=%2Fwp%2Fv2%2Fmedia&parent=481"}],"wp:term":[{"taxonomy":"category","embeddable":true,"href":"https:\/\/www.bibula.com\/index.php?rest_route=%2Fwp%2Fv2%2Fcategories&post=481"},{"taxonomy":"post_tag","embeddable":true,"href":"https:\/\/www.bibula.com\/index.php?rest_route=%2Fwp%2Fv2%2Ftags&post=481"}],"curies":[{"name":"wp","href":"https:\/\/api.w.org\/{rel}","templated":true}]}}