{"id":47926,"date":"2011-12-04T14:26:32","date_gmt":"2011-12-04T19:26:32","guid":{"rendered":"http:\/\/www.bibula.com\/?p=47926"},"modified":"2011-12-04T14:26:32","modified_gmt":"2011-12-04T19:26:32","slug":"ucz-sie-mlodziezy-rafal-a-ziemkiewicz","status":"publish","type":"post","link":"https:\/\/www.bibula.com\/?p=47926","title":{"rendered":"Ucz si\u0119, m\u0142odzie\u017cy &#8211; <em>Rafa\u0142 A. Ziemkiewicz<\/em>"},"content":{"rendered":"<p><strong>Pan Janusz Lewandowski, dzia\u0142acz PO i z ramienia naszego kraju unijny komisarz od finans\u00f3w, spotka\u0142 si\u0119 by\u0142 z m\u0142odzie\u017c\u0105 lubelskiego liceum, do kt\u00f3rego sam kiedy\u015b ucz\u0119szcza\u0142.<\/strong><\/p>\r\n<p>M\u0142odzie\u017c za\u015b zapyta\u0142a go o te 300 miliard\u00f3w z\u0142otych z Unii Europejskiej, kt\u00f3re obiecywa\u0142 nam za\u0142atwi\u0107 w wyborczej reklam\u00f3wce swej partii. Trzeba tu zauwa\u017cy\u0107, \u017ce zadaj\u0105c takie pytanie, m\u0142odzi ludzie wykazali si\u0119 dobr\u0105 pami\u0119ci\u0105 (\u017ce to w III RP rzecz naganna, to osobna sprawa), bo wspomniana reklam\u00f3wka nie tylko dawno ju\u017c znikn\u0119\u0142a z oficjalnych stron Partii, ale i usuwana jest na jej \u017c\u0105danie z mocy praw autorskich \u00a0z serwis\u00f3w internetowych typu YouTube; takie orwellowskie \u00a0zacieranie \u015blad\u00f3w po w\u0142asnych obietnicach uprawia zreszt\u0105 Partia ju\u017c od dawna.<\/p>\r\n<p>W ka\u017cdym razie pan Janusz Lewandowski, najwyra\u017aniej nie\u015bwiadom obecno\u015bci na spotkaniu dziennikarzy, wyja\u015bni\u0142 dziatwie dobrotliwie, \u017ce wprawdzie, owszem, wyst\u0119powa\u0142 \u201ew tych nieco durnych klipach\u201d, ale przecie\u017c \u201eto by\u0142a kampania\u201d. Co nie znaczy, zastrzeg\u0142 jednak, \u017ce jakich\u015b tam pieni\u0119dzy z Unii nie dostaniemy. No, chyba \u017ceby posz\u0142o naprawd\u0119 \u017ale i \u017ceby\u015bmy nie dostali.<\/p>\r\n<p>W tej atmosferze szczero\u015bci i wzajemnego zrozumienia nikt ju\u017c nie spyta\u0142 o \u201ezmniejszenie bezrobocia w\u015br\u00f3d m\u0142odzie\u017cy nawet o po\u0142ow\u0119\u201d, zmodernizowanie gospodarki i s\u0142u\u017cby zdrowia oraz inne obiecywane przed wyborami cuda, bo przecie\u017c Partia m\u00f3wi\u0142a wyra\u017anie, \u017ce zrobi to, \u201emaj\u0105c 300 miliard\u00f3w\u201d. M\u00f3wi\u0142a te\u017c co prawda w oficjalnym programie, \u017ce \u201edla modernizacji wynegocjujemy co najmniej 300 mld z\u0142otych\u201d, ale, wiadomo, \u201eto by\u0142a kampania\u201d. Najwyra\u017aniej nad sal\u0105 zawis\u0142a niewypowiedziana konkluzja, \u017ce \u201enieco durny\u201d by\u0142 nie tyle wyborczy spot, ile ten, kto uwierzy\u0142.<\/p>\r\n<p>I bardzo dobrze. Niech si\u0119 m\u0142odzie\u017c uczy, a mo\u017ce i spo\u015br\u00f3d obecnych licealist\u00f3w kt\u00f3ry\u015b wespnie si\u0119 kiedy\u015b na r\u00f3wnie wysoki sto\u0142ek.<\/p>\r\n<p><strong><em>Rafa\u0142 A. Ziemkiewicz<\/em><\/strong><\/p>\r\n<p style=\"padding-left: 30px;\">Autor jest publicyst\u0105 tygodnika \u201eUwa\u017cam Rze\u201d<\/p>","protected":false},"excerpt":{"rendered":"Pan Janusz Lewandowski, dzia\u0142acz PO i z ramienia naszego kraju unijny komisarz od finans\u00f3w, spotka\u0142 si\u0119 by\u0142 z m\u0142odzie\u017c\u0105 lubelskiego liceum, do kt\u00f3rego sam kiedy\u015b ucz\u0119szcza\u0142. M\u0142odzie\u017c za\u015b zapyta\u0142a go o te 300 miliard\u00f3w z\u0142otych z Unii Europejskiej, kt\u00f3re obiecywa\u0142 nam za\u0142atwi\u0107 w wyborczej reklam\u00f3wce swej partii. Trzeba tu zauwa\u017cy\u0107, \u017ce zadaj\u0105c takie pytanie, m\u0142odzi [&hellip;]","protected":false},"author":1,"featured_media":0,"comment_status":"closed","ping_status":"closed","sticky":false,"template":"","format":"standard","meta":{"_acf_changed":false,"_monsterinsights_skip_tracking":false,"_monsterinsights_sitenote_active":false,"_monsterinsights_sitenote_note":"","_monsterinsights_sitenote_category":0,"ngg_post_thumbnail":0,"footnotes":"","_wp_rev_ctl_limit":""},"categories":[9],"tags":[16,23,92,20],"acf":[],"_links":{"self":[{"href":"https:\/\/www.bibula.com\/index.php?rest_route=\/wp\/v2\/posts\/47926"}],"collection":[{"href":"https:\/\/www.bibula.com\/index.php?rest_route=\/wp\/v2\/posts"}],"about":[{"href":"https:\/\/www.bibula.com\/index.php?rest_route=\/wp\/v2\/types\/post"}],"author":[{"embeddable":true,"href":"https:\/\/www.bibula.com\/index.php?rest_route=\/wp\/v2\/users\/1"}],"replies":[{"embeddable":true,"href":"https:\/\/www.bibula.com\/index.php?rest_route=%2Fwp%2Fv2%2Fcomments&post=47926"}],"version-history":[{"count":0,"href":"https:\/\/www.bibula.com\/index.php?rest_route=\/wp\/v2\/posts\/47926\/revisions"}],"wp:attachment":[{"href":"https:\/\/www.bibula.com\/index.php?rest_route=%2Fwp%2Fv2%2Fmedia&parent=47926"}],"wp:term":[{"taxonomy":"category","embeddable":true,"href":"https:\/\/www.bibula.com\/index.php?rest_route=%2Fwp%2Fv2%2Fcategories&post=47926"},{"taxonomy":"post_tag","embeddable":true,"href":"https:\/\/www.bibula.com\/index.php?rest_route=%2Fwp%2Fv2%2Ftags&post=47926"}],"curies":[{"name":"wp","href":"https:\/\/api.w.org\/{rel}","templated":true}]}}