{"id":47629,"date":"2011-11-29T13:59:06","date_gmt":"2011-11-29T18:59:06","guid":{"rendered":"http:\/\/www.bibula.com\/?p=47629"},"modified":"2011-11-29T13:59:06","modified_gmt":"2011-11-29T18:59:06","slug":"zdrada-juz-oficjalnie-doradca-komorowskiego-oraz-szef-dyplomacji-przeciwko-niepodleglosci-polski","status":"publish","type":"post","link":"https:\/\/www.bibula.com\/?p=47629","title":{"rendered":"Zdrada ju\u017c oficjalnie: Doradca Komorowskiego oraz szef dyplomacji przeciwko niepodleg\u0142o\u015bci Polski!"},"content":{"rendered":"<p>Zupe\u0142nie nies\u0142ychanych wypowiedzi udzieli\u0142 dzi\u015b w porannym programie TVP Info doradca prezydenta <strong>Bronis\u0142awa Komorowskiego<\/strong> ds. zagranicznych, <strong>Roman Ku\u017aniar<\/strong>. Stwierdzi\u0142 on <strong>dos\u0142ownie<\/strong>, \u017ce Polska powinna zrezygnowa\u0107 z suwerenno\u015bci na rzecz Niemiec. Natomiast przyw\u00f3dztwa Niemiec w Europie nie tyle nie nale\u017cy si\u0119 obawia\u0107 co nale\u017cy o nie prosi\u0107 i zach\u0119ca\u0107 Niemcy by podj\u0119\u0142y si\u0119 roli przyw\u00f3dczej.<\/p>\r\n<p>To niejedyne skandaliczne s\u0142owa przedstawiciela urz\u0119du, kt\u00f3ry wg konstytucji stoi na stra\u017cy suwerenno\u015bci. Kilka minut wcze\u015bniej w tym samym, programie przyzna\u0142, \u017ce Polska zrzek\u0142a si\u0119 ju\u017c suwerenno\u015bci w wiele sferach i, jak zaznaczy\u0142 \u201eto bardzo dobrze\u201d. Przekonywa\u0142, \u017ce sama idea suwerenno\u015bci (nale\u017cy si\u0119 domy\u015bla\u0107, \u017ce Polski) jest przestarza\u0142a.<\/p>\r\n<p>To kolejny g\u0142os ze sfer rz\u0105dowych, po wczorajszym wyst\u0105pieniu <strong>Rados\u0142awa Sikorskiego<\/strong>, przeciwko niepodleg\u0142o\u015bci Polski. Przypomnijmy, \u017ce w wywiadzie, kt\u00f3rego szef polskiej dyplomacji udzieli\u0142 publicystom &#8222;Rzeczpospolitej\u201d pad\u0142a jednoznaczna deklaracja gotowo\u015bci budowania Unii jako &#8222;super pa\u0144stwa\u201d opartego na federacji! Zdaniem Sikorskiego &#8222;korzy\u015bci\u0105 dla Polski b\u0119dzie przetrwanie i rozw\u00f3j federacji, przez cz\u0142onkostwo w kt\u00f3rej zrealizujemy nasze potrzeby bezpiecze\u0144stwa i dobrobytu\u201d. Polska nie zamierza &#8222;wyszarpywa\u0107 jakich\u015b prerogatyw po to, \u017ceby z nimi uciec na peryferie\u201d. Tym samym Sikorski odci\u0105\u0142 si\u0119 od plan\u00f3w Wielkiej Brytanii, kt\u00f3ra w razie pr\u00f3by przeforsowania przez Bruksel\u0119 kolejnego traktatu b\u0119dzie domaga\u0107 si\u0119 gwarancji dla swojej suwerenno\u015bci. Nasz minister spraw zagranicznych widzi rol\u0119 Polski inaczej ni\u017c Wyspiarze bo &#8222;w Unii czujemy si\u0119 komfortowo\u201d. Poniewa\u017c jest ona &#8222;projektem politycznym\u201d to &#8222;powinna by\u0107 raczej bardziej sp\u00f3jna ni\u017c mniej\u201d.<\/p>\r\n<p><strong><em>autor NCZ<\/em><\/strong><\/p>\r\n<blockquote>\r\n<h2>Polski minister pragnie likwidacji pa\u0144stwa polskiego?<\/h2>\r\n<p>Minister spraw zagranicznych Rados\u0142aw Sikorski wyg\u0142osi\u0142 w Berlinie przem\u00f3wienie, w kt\u00f3rym opowiada si\u0119 za mocniejsz\u0105 integracj\u0105 Unii Europejskiej. Wed\u0142ug niego jest to jedyny spos\u00f3b, by unikn\u0105\u0107 rozpadu tej struktury. Forsuje przy tym model federacyjny i otwarcie stwierdza, \u017ce pa\u0144stwa narodowe powinny mie\u0107 poziom autonomii podobny do tej, jak\u0105 posiadaj\u0105 stany w USA. Czy polski MSZ s\u0142owami swego zwierzchnika otwarcie opowiada si\u0119 za likwidacj\u0105 naszego pa\u0144stwa?<\/p>\r\n<p>Minister wezwa\u0142 Niemcy do ratowania strefy euro, kt\u00f3rej upadek jest najwi\u0119kszym zagro\u017ceniem dla Polski. Proponuje, by Komisja Europejska liczy\u0142a mniej cz\u0142onk\u00f3w, ale otrzyma\u0142a dodatkowe uprawnienia. Wszystko po to, by mog\u0142a nadzorowa\u0107 gospodarki europejskie. Kolejn\u0105 \u201eciekaw\u0105\u201d propozycj\u0105 jest stworzenie og\u00f3lnoeuropejskiej listy kandydat\u00f3w do Parlamentu Europejskiego. Sikorski opowiada\u0142 o Polsce b\u0119d\u0105cej dla Europy nie \u017ar\u00f3d\u0142em problem\u00f3w, a rozwi\u0105za\u0144, kt\u00f3re teraz mog\u0105 okaza\u0107 si\u0119 przydatne. Zdefiniowa\u0142 tak\u017ce zagro\u017cenie dla naszego kraju: <em>z pewno\u015bci\u0105 nie niemieckie czo\u0142gi, (\u2026) nawet nie rosyjskie pociski, kt\u00f3rych rozmieszczeniem w pobli\u017cu granic UE grozi\u0142 prezydent Miedwiediew. Najwi\u0119kszym zagro\u017ceniem dla bezpiecze\u0144stwa i dobrobytu Polski by\u0142by upadek strefy euro.<\/em><br \/> Skoro tak, to mo\u017cna po\u015bwi\u0119ci\u0107 suwerenno\u015b\u0107 dla rozwoju federacji, <em>przez cz\u0142onkostwo w kt\u00f3rej realizujemy nasze potrzeby bezpiecze\u0144stwa i dobrobytu<\/em>\u2026<\/p>\r\n<p>Jeszcze dzi\u015b Sikorski zd\u0105\u017cy\u0142 odpowiedzie\u0107 na o\u015bwiadczenie lidera PiSu. Jaros\u0142aw Kaczy\u0144ski stwierdzi\u0142, \u017ce wyg\u0142oszone dzi\u015b tezy ograniczaj\u0105 suwerenno\u015b\u0107 Polski. Minister \u017cartowa\u0142 sobie, i\u017c na Kaczy\u0144skiego mo\u017cna zawsze liczy\u0107, a UE b\u0119dzie broni\u0142, bo jej przetrwanie jest w \u017cywotnym interesie Polski. Ciekawym uzupe\u0142nieniem s\u0105 s\u0142owa rzecznika MSZ Marcina Bosackiego. Podkre\u015bli\u0142, \u017ce polskie propozycje dla UE wyg\u0142oszone zosta\u0142y w Berlinie, czyli <em>w sercu Europy<\/em>.<\/p>\r\n<p><strong><em>Mateusz Zbr\u00f3g<\/em><\/strong><\/p>\r\n<p class=\"zrodlo\">Za: <a href=\"http:\/\/narodowcy.net\/polski-minister-pragnie-likwidacji-panstwa-polskiego\/2011\/11\/28\/\">narodowcy.net<\/a><\/p>\r\n<\/blockquote>\r\n<p><code><br \/><\/code><\/p>\r\n<blockquote>\r\n<h2>PiS: Sikorski z\u0142ama\u0142 konstytucj\u0119<\/h2>\r\n<p><strong>&#8211; To jest sprawa zas\u0142uguj\u0105ca na Trybuna\u0142 Stanu &#8211; tak berli\u0144skie wyst\u0105pienie Rados\u0142awa Sikorskiego ocenia Jaros\u0142aw Kaczy\u0144ski. Prezes PiS poinformowa\u0142, \u017ce do laski marsza\u0142kowskiej wp\u0142yn\u0105\u0142 ju\u017c wniosek o nadzwyczajne posiedzenie Sejmu w tej sprawie.<\/strong><br \/><br \/>W poniedzia\u0142ek Rados\u0142aw Sikorski wyst\u0105pi\u0142 na forum Niemieckiego Towarzystwa Polityki Zagranicznej. M\u00f3wi\u0142 du\u017co o kryzysie, a tak\u017ce zadeklarowa\u0142, \u017ce na koniec kadencji obecnego rz\u0105du Polska b\u0119dzie gotowa do przyst\u0105pienia do strefy euro. Zale\u017cy nam bowiem na przetrwaniu i rozkwicie strefy euro, do kt\u00f3rej planujemy przyst\u0105pi\u0107. \u201ePopieraj\u0105c Traktat Akcesyjny, Polacy upowa\u017cnili nas do wprowadzenia Polski do strefy euro &#8211; gdy tylko ona i my b\u0119dziemy na to gotowi. Polska wnosi r\u00f3wnie\u017c do Europy gotowo\u015b\u0107 do kompromisu &#8211; nawet w zakresie wsp\u00f3lnego<br \/>podej\u015bcia do suwerenno\u015bci &#8211; w zamian za uczciw\u0105 pozycj\u0119 w silniejszej Europie\u201d &#8211; powiedzia\u0142 Sikorski. Szef MSZ stwierdzi\u0142 r\u00f3wnie\u017c, \u017ce nale\u017cy pog\u0142\u0119bi\u0107 integracj\u0119 w UE. Komisja Europejska mog\u0142aby m.in. za zgod\u0105 Parlamentu Europejskiego ingerowa\u0107 w bud\u017cety kraj\u00f3w cz\u0142onkowskich.<\/p>\r\n<p>Podczas briefingu Prezes PiS odczyta\u0142 kilka artyku\u0142\u00f3w Konstytucji RP m\u00f3wi\u0105cych m.in. w\u0142a\u015bnie o suwerenno\u015bci Polski. &#8211; One zosta\u0142y w drastyczny spos\u00f3b naruszone. To jest sprawa zas\u0142uguj\u0105ca na Trybuna\u0142 Stanu &#8211; zaznaczy\u0142 Jaros\u0142aw Kaczy\u0144ski. &#8211; Minister Sikorski nie pofatygowa\u0142 si\u0119, by przedstawi\u0107 swoje tezy w Sejmie a uczyni\u0142 to w Berlinie &#8211; doda\u0142.<br \/><br \/>Rados\u0142aw Sikorski m\u00f3wi\u0142 tak\u017ce sporo o roli Niemiec w UE. \u201eI domagam si\u0119 od Niemiec tego, aby\u015bcie &#8211; dla dobra Waszego i naszego &#8211; pomogli tej strefie euro przetrwa\u0107 i prosperowa\u0107. Dobrze wiecie, \u017ce nikt inny nie jest w stanie tego zrobi\u0107. Zapewne jestem pierwszym w historii ministrem spraw zagranicznych Polski, kt\u00f3ry to powie: Mniej zaczynam si\u0119 obawia\u0107 si\u0119 niemieckiej pot\u0119gi ni\u017c niemieckiej bezczynno\u015bci\u201d &#8211; m\u00f3wi\u0142 szef MSZ. \u201eNiemcy sta\u0142y si\u0119 niezb\u0119dnym narodem Europy. Nie mo\u017cecie sobie pozwoli\u0107 na pora\u017ck\u0119 przyw\u00f3dztwa\u201d &#8211; przekonywa\u0142 Sikorski.<br \/><br \/>Jaros\u0142aw Kaczy\u0144ski podkre\u015bli\u0142, \u017ce Sikorski \u201enie mia\u0142 prawa oferowa\u0107 Niemcom przyw\u00f3dztwa w UE\u201d. &#8211; Nie na tym polegaj\u0105 cele polityki zagranicznej, by wraca\u0107 do do\u015bwiadcze\u0144 sprzed 1989 roku\u201d &#8211; powiedzia\u0142 Kaczy\u0144ski.<br \/><br \/>Adam Hofman poinformowa\u0142, \u017ce przewodnicz\u0105cy KP PiS Mariusz B\u0142aszczak skierowa\u0142 ju\u017c wniosek o nadzwyczajne posiedzenie Sejmu do Ewy Kopacz w sprawie wypowiedzi szefa MSZ. Politycy PiS zamierzaj\u0105 poprze\u0107 r\u00f3wnie\u017c wniosek Solidarnej Polski o wotum nieufno\u015bci wobec Rados\u0142awa Sikorskiego.<\/p>\r\n<p class=\"zrodlo\">Za: <a href=\"http:\/\/mypis.pl\/aktualnosci\/2465-pis-sikorski-zlamal-konstytucje\">myPiS.org<\/a><\/p>\r\n<\/blockquote>","protected":false},"excerpt":{"rendered":"Zupe\u0142nie nies\u0142ychanych wypowiedzi udzieli\u0142 dzi\u015b w porannym programie TVP Info doradca prezydenta Bronis\u0142awa Komorowskiego ds. zagranicznych, Roman Ku\u017aniar. Stwierdzi\u0142 on dos\u0142ownie, \u017ce Polska powinna zrezygnowa\u0107 z suwerenno\u015bci na rzecz Niemiec. Natomiast przyw\u00f3dztwa Niemiec w Europie nie tyle nie nale\u017cy si\u0119 obawia\u0107 co nale\u017cy o nie prosi\u0107 i zach\u0119ca\u0107 Niemcy by podj\u0119\u0142y si\u0119 roli przyw\u00f3dczej. To [&hellip;]","protected":false},"author":1,"featured_media":0,"comment_status":"closed","ping_status":"closed","sticky":false,"template":"","format":"standard","meta":{"_acf_changed":false,"_monsterinsights_skip_tracking":false,"_monsterinsights_sitenote_active":false,"_monsterinsights_sitenote_note":"","_monsterinsights_sitenote_category":0,"ngg_post_thumbnail":0,"footnotes":"","_wp_rev_ctl_limit":""},"categories":[8],"tags":[65,92,144],"acf":[],"_links":{"self":[{"href":"https:\/\/www.bibula.com\/index.php?rest_route=\/wp\/v2\/posts\/47629"}],"collection":[{"href":"https:\/\/www.bibula.com\/index.php?rest_route=\/wp\/v2\/posts"}],"about":[{"href":"https:\/\/www.bibula.com\/index.php?rest_route=\/wp\/v2\/types\/post"}],"author":[{"embeddable":true,"href":"https:\/\/www.bibula.com\/index.php?rest_route=\/wp\/v2\/users\/1"}],"replies":[{"embeddable":true,"href":"https:\/\/www.bibula.com\/index.php?rest_route=%2Fwp%2Fv2%2Fcomments&post=47629"}],"version-history":[{"count":0,"href":"https:\/\/www.bibula.com\/index.php?rest_route=\/wp\/v2\/posts\/47629\/revisions"}],"wp:attachment":[{"href":"https:\/\/www.bibula.com\/index.php?rest_route=%2Fwp%2Fv2%2Fmedia&parent=47629"}],"wp:term":[{"taxonomy":"category","embeddable":true,"href":"https:\/\/www.bibula.com\/index.php?rest_route=%2Fwp%2Fv2%2Fcategories&post=47629"},{"taxonomy":"post_tag","embeddable":true,"href":"https:\/\/www.bibula.com\/index.php?rest_route=%2Fwp%2Fv2%2Ftags&post=47629"}],"curies":[{"name":"wp","href":"https:\/\/api.w.org\/{rel}","templated":true}]}}