{"id":4714,"date":"2008-12-22T22:47:33","date_gmt":"2008-12-23T03:47:33","guid":{"rendered":"http:\/\/www.bibula.com\/?p=4714"},"modified":"2008-12-22T22:53:24","modified_gmt":"2008-12-23T03:53:24","slug":"budapeszt-sad-zdelegalizowal-patriotyczna-organizacje-straz-wegierska","status":"publish","type":"post","link":"https:\/\/www.bibula.com\/?p=4714","title":{"rendered":"Budapeszt: S\u0105d zdelegalizowa\u0142 patriotyczn\u0105 organizacj\u0119 &#8222;Stra\u017c W\u0119gierska&#8221;"},"content":{"rendered":"<p class=\"MsoPlainText\">S\u0105d w\u0119gierski wyda\u0142 16 grudnia br. wyrok delegalizuj\u0105cy patriotyczn\u0105 organizacj\u0119 &#8222;Stra\u017c W\u0119gierska&#8221; (<em>Magyar G\u00e1rda<\/em>), kt\u00f3ra oskar\u017cana by\u0142a m.in. o antysemityzm i rasizm, szczeg\u00f3lnie wobec mniejszo\u015bci romskiej.<\/p>\r\n\r\n<p class=\"MsoPlainText\">&#8222;Stra\u017c W\u0119gierska&#8221; jest organizacj\u0105 narodow\u0105 powsta\u0142\u0105 zaledwie roku temu i skupiaj\u0105c\u0105 wiele tysi\u0119cy cz\u0142onk\u00f3w. Jako znak u\u017cywaj\u0105 oni bia\u0142o-czerwonych emblemat\u00f3w i chusteczek. Gabor Vona, jeden z za\u0142o\u017cycieli &#8222;Stra\u017cy W\u0119gierskiej&#8221; m\u00f3wi, \u017ce celem organizacji jest &#8222;zabezpieczenie w\u0119gierskiej kultury i tradycji&#8221;.<\/p>\r\n\r\n<p class=\"MsoPlainText\">Zaledwie w kilka miesi\u0119cy po powstaniu organizacji, przyw\u00f3dcy \u017cydowscy mieszkaj\u0105cy na W\u0119grzech publicznie <a href=\"http:\/\/www.bibula.com\/?p=1431\" target=\"_blank\">wypowiedzieli si\u0119<\/a> przeciwko istnieniu tej organizacji, odmawiaj\u0105c przyj\u0119cia zaproszenia wys\u0142anego przez prezydenta W\u0119gier na ko\u0144cz\u0105c\u0105 rok uroczysto\u015b\u0107 z udzia\u0142em przedstawicieli r\u00f3\u017cnych religii. W wystosowanym o\u015bwiadczeniu Zrzeszenie W\u0119gierskich Spo\u0142eczno\u015bci \u017bydowskich &#8211; <em>Mazsihisz<\/em> stwierdza, \u017ce jest to protest przeciwko zawetowaniu przez prezydenta L\u00e1szl\u00f3 S\u00f3lyom ustawy maj\u0105cej wprowadzi\u0107 kary przeciwko &#8222;przest\u0119pstwom nienawi\u015bci&#8221; (<em>anti-hate law<\/em>) oraz nie zdystansowaniu si\u0119 prezydenta W\u0119gier od &#8211; jak stwierdzaj\u0105 &#8211; &#8222;antysemickiej i anty-gejowskiej&#8221; organizacji <em>Hungarian Guard<\/em>, kt\u00f3ra manifestowa\u0142a przed pa\u0142acem prezydenckim.<\/p>\r\n\r\n<p class=\"MsoPlainText\">S\u0105d miejski w Budapeszcie umotywowa\u0142 sw\u0105 decyzj\u0119 pisz\u0105c, \u017ce &#8222;Stowarzyszenie Kultury i Tradycji &#8211; Stra\u017c W\u0119gierska tworzy klimat zastraszania, a jej dzia\u0142ania, jak przemasz swoich cz\u0142onk\u00f3w w miejscach osiedlenia Rom\u00f3w i wyg\u0142aszane przem\u00f3wienia, oznaczaj\u0105 pogwa\u0142cenie praw innych obywateli.&#8221;<\/p>\r\n\r\n<p class=\"MsoPlainText\">Gabor Bona, prezydent &#8222;Stra\u017cy W\u0119gierskiej&#8221; odni\u00f3s\u0142 si\u0119 do decyzji s\u0105du m\u00f3wi\u0105c, ze &#8222;Stra\u017c W\u0119gierska nie mo\u017ce by\u0107 rozwi\u0105zana. Stra\u017c W\u0119gierska b\u0119dzie kontynuowa\u0142a swoj\u0105 dzia\u0142alno\u015b\u0107 celem ocalenia narodu i spo\u0142ecze\u0144stwa. B\u0119dziemy odwo\u0142ywali si\u0119 od decyzji s\u0105du.&#8221;<\/p>\r\n\r\n<p>Na podstawie: <a href=\"http:\/\/www.ejpress.org\/article\/33018\" target=\"_blank\">EJP<\/a><br class=\"spacer_\" \/><\/p>","protected":false},"excerpt":{"rendered":"S\u0105d w\u0119gierski wyda\u0142 16 grudnia br. wyrok delegalizuj\u0105cy patriotyczn\u0105 organizacj\u0119 &#8222;Stra\u017c W\u0119gierska&#8221; (Magyar G\u00e1rda), kt\u00f3ra oskar\u017cana by\u0142a m.in. o antysemityzm i rasizm, szczeg\u00f3lnie wobec mniejszo\u015bci romskiej. &#8222;Stra\u017c W\u0119gierska&#8221; jest organizacj\u0105 narodow\u0105 powsta\u0142\u0105 zaledwie roku temu i skupiaj\u0105c\u0105 wiele tysi\u0119cy cz\u0142onk\u00f3w. Jako znak u\u017cywaj\u0105 oni bia\u0142o-czerwonych emblemat\u00f3w i chusteczek. Gabor Vona, jeden z za\u0142o\u017cycieli &#8222;Stra\u017cy W\u0119gierskiej&#8221; [&hellip;]","protected":false},"author":1,"featured_media":0,"comment_status":"closed","ping_status":"closed","sticky":false,"template":"","format":"standard","meta":{"_acf_changed":false,"_monsterinsights_skip_tracking":false,"_monsterinsights_sitenote_active":false,"_monsterinsights_sitenote_note":"","_monsterinsights_sitenote_category":0,"ngg_post_thumbnail":0,"footnotes":"","_wp_rev_ctl_limit":""},"categories":[6],"tags":[53,25],"acf":[],"_links":{"self":[{"href":"https:\/\/www.bibula.com\/index.php?rest_route=\/wp\/v2\/posts\/4714"}],"collection":[{"href":"https:\/\/www.bibula.com\/index.php?rest_route=\/wp\/v2\/posts"}],"about":[{"href":"https:\/\/www.bibula.com\/index.php?rest_route=\/wp\/v2\/types\/post"}],"author":[{"embeddable":true,"href":"https:\/\/www.bibula.com\/index.php?rest_route=\/wp\/v2\/users\/1"}],"replies":[{"embeddable":true,"href":"https:\/\/www.bibula.com\/index.php?rest_route=%2Fwp%2Fv2%2Fcomments&post=4714"}],"version-history":[{"count":0,"href":"https:\/\/www.bibula.com\/index.php?rest_route=\/wp\/v2\/posts\/4714\/revisions"}],"wp:attachment":[{"href":"https:\/\/www.bibula.com\/index.php?rest_route=%2Fwp%2Fv2%2Fmedia&parent=4714"}],"wp:term":[{"taxonomy":"category","embeddable":true,"href":"https:\/\/www.bibula.com\/index.php?rest_route=%2Fwp%2Fv2%2Fcategories&post=4714"},{"taxonomy":"post_tag","embeddable":true,"href":"https:\/\/www.bibula.com\/index.php?rest_route=%2Fwp%2Fv2%2Ftags&post=4714"}],"curies":[{"name":"wp","href":"https:\/\/api.w.org\/{rel}","templated":true}]}}