{"id":47089,"date":"2011-11-14T17:33:06","date_gmt":"2011-11-14T22:33:06","guid":{"rendered":"http:\/\/www.bibula.com\/?p=47089"},"modified":"2011-11-14T17:39:41","modified_gmt":"2011-11-14T22:39:41","slug":"volkswagen-przekazal-milion-dolarow-zydowskiej-masonskiej-organizacji-liga-przeciwko-znieslawieniu","status":"publish","type":"post","link":"https:\/\/www.bibula.com\/?p=47089","title":{"rendered":"Volkswagen przekaza\u0142 milion dolar\u00f3w \u017cydowskiej maso\u0144skiej organizacji &#8222;Liga Przeciwko Znies\u0142awieniu&#8221;"},"content":{"rendered":"<p>Niemiecki koncern Volkswagen AG oznajmi\u0142 o przekazaniu miliona dolar\u00f3w \u017cydowskiej organizacji &#8222;Liga Przeciwko Znies\u0142awieniu&#8221; &#8211; (<em>Anti Defamation League<\/em> &#8211; ADL), operuj\u0105cej z g\u0142\u00f3wnej siedziby w Nowym Jorku. Celem darowizny jest wsparcie program\u00f3w &#8222;r\u00f3\u017cnorodno\u015bci&#8221; [ang. <em>diversity<\/em>] w szko\u0142ach i zak\u0142adach pracy oraz walki z &#8222;cybernetowym zastraszaniem i fanatyzmem&#8221;.<\/p>\r\n<p>&#8222;Inicjatywy ADL i jej programy s\u0105 wsp\u00f3\u0142bie\u017cne z oddaniem si\u0119 sprawie wielokulturowo\u015bci przez firm\u0119 Volkswagen AG, wcielan\u0105 w \u017cycie w w\u015br\u00f3d naszych pracownik\u00f3w w zak\u0142adach na ca\u0142ym \u015bwiecie&#8221; &#8211; powiedzia\u0142 cz\u0142onek zarz\u0105du Volkswagena, Christian Klingler.<\/p>\r\n<p>Dyrektor ADL, Abraham Foxman w o\u015bwiadczeniu stwierdzi\u0142: &#8222;Jeste\u015bmy niezwykle zadowoleni z tak hojnego wsparcia przez [firm\u0119] Volkswagen, kt\u00f3ra jest partnerem w walce przeciw antysemityzmowi, rasizmowi i bogoterii.&#8221;<\/p>\r\n<p><strong>Koncern Volkswagen Akiengesselschaft<\/strong> z siedzib\u0105 w Wolfsburgu, znany jest g\u0142\u00f3wnie z produkcji samochod\u00f3w marki Volkswagen lecz jest r\u00f3wnie\u017c w\u0142a\u015bcicielem i wsp\u00f3\u0142w\u0142a\u015bcielem podmiot\u00f3w wytwarzaj\u0105cych samochody nast\u0119puj\u0105cych marek:\u00a0Audi, Bentley, Bugatti, Lamborghini, Porsche, SEAT, \u00c5\u00a0koda oraz Scania i MAN.<br \/> Ambitne plany koncernu pragn\u0105 globalnej dominacji i wysuni\u0119cia si\u0119 ju\u017c w 2018 roku na pierwsze miejsce w produkcji samochod\u00f3w na \u015bwiecie.<\/p>\r\n<blockquote>\r\n<p><strong>FAKTY <em>BIBU\u0141Y<\/em>:<\/strong><\/p>\r\n<p><strong>Organizacja<em> B\u2019nai B\u2019rith<\/em><\/strong> jest \u017cydowsk\u0105, nacjonalistyczn\u0105, syjonistyczn\u0105 i maso\u0144sk\u0105, a ze swej natury i cel\u00f3w ca\u0142kowicie antychrze\u015bcija\u0144sk\u0105 organizacj\u0105, kt\u00f3rej \u017ar\u00f3d\u0142o stanowi mieszanina maso\u0144skiego rytu York i Odd Fellows. Za\u0142o\u017cona zosta\u0142a w 1848 roku w Nowym Jorku i przyj\u0119\u0142a wz\u00f3r wolnomularski, symbole maso\u0144skie, rytua\u0142y, stopnie oraz spos\u00f3b prowadzenia dzia\u0142alno\u015bci. Jak wskazuje na to wiele autor\u00f3w, w tym ks. prof. Micha\u0142 Poradowski, celem organizacji jest jednoczenie \u015brodowiska \u017cydowskiego i tworzenie warunk\u00f3w do politycznej, gospodarczej i religijnej dominacji nad \u015bwiatem w ramach budowania tzw. Nowego \u015awiatowego Porz\u0105dku (<em>New World Order<\/em>). Tak jak wiele oficjalnie dzia\u0142aj\u0105cych organizacji maso\u0144skich, tak i <em>B\u2019nai B\u2019rith<\/em> uczestniczy w spektakularnych akcjach charytatywnych maj\u0105cych stanowi\u0107 rodzaj medialnej zas\u0142ony dymnej.<\/p>\r\n<p>Lo\u017ca <em>B\u2019nai B\u2019rith<\/em> w niepodleg\u0142ej Polsce uregulowa\u0142a swoj\u0105 oficjaln\u0105 dzia\u0142alno\u015b\u0107 w 1923 roku, lecz wszystkie 11 l\u00f3\u017c maso\u0144skich zosta\u0142o zdelegalizowanych przez Prezydenta Rzeczyposplitej, Ignacego Mo\u015bcickiego, dekretem z dnia 22 listopada 1938 roku.<\/p>\r\n<p>W Polsce organizacja o nazwie &#8222;Niezale\u017cny Zakon Syn\u00f3w Przymierza\u201d &#8211; <em>Independent Order of B\u2019nai B\u2019rith<\/em> reaktywowa\u0142a swoj\u0105 dzia\u0142alno\u015b\u0107 9 wrze\u015bnia 2007 po prawie 70 latach oficjalnej nieobecno\u015bci. W uroczysto\u015bci reaktywacyjnej w Warszawie wzi\u0105\u0142 udzia\u0142 m.in. prezydent <em>B\u2019nai B\u2019rith International<\/em> Moishe Smith. Po uroczysto\u015bci nast\u0105pi\u0142o spotkanie ambasadora USA w Warszawie, Victora Ashe z szefami organizacji. W kr\u00f3tkim komunikacie Ambasady Stan\u00f3w Zjednoczonych w Warszawie, zamieszczonym na stronie internetowej Ambasady, stwierdzono, i\u017c: &#8222;9 wrze\u015bnia przy okazji otwarcia nowej lo\u017cy <em>B\u2019nai B\u2019rith<\/em> w Warszawie ambasador Victor Ashe spotka\u0142 si\u0119 z dzia\u0142aczami tej organizacji &#8211; prezesem Moishem Smithem i wiceprezesem Danem Mariaschinem. <strong>Om\u00f3wiono m.in. spraw\u0119 ustawodawstwa dotycz\u0105cego zwrotu mienia oraz kwestie zwi\u0105zane z Radiem Maryja i Telewizj\u0105 Trwam.<\/strong> Otwarcie warszawskiej lo\u017cy <em>B\u2019nai B\u2019rith<\/em> oznacza odrodzenie si\u0119 tej organizacji \u017cydowskiej w Polsce po niemal 70 latach nieobecno\u015bci.\u201d<\/p>\r\n<p>Specjalny list wyra\u017caj\u0105cy rado\u015b\u0107 z reaktywacji organizacji i z gor\u0105cymi \u017cyczeniami przes\u0142a\u0142a kancelaria Prezydenta RP Lecha Kaczy\u0144skiego, kt\u00f3rej sekretarzem by\u0142a pani Ewa Ju\u0144czyk-Ziomecka, obecny konsul w Nowym Jorku, znana z wielu filosemickich poczyna\u0144. Jest ona cz\u0142onkiem walcz\u0105cej z patriotyzmem polskim i ideami narodowymi pa\u0144stwa polskiego organizacji &#8222;Otwarta Rzeczpospolita\u201d oraz cz\u0142onkiem stowarzyszenia &#8222;\u017bydowski Instytut Historyczny\u201d. Przez wielu obserwator\u00f3w okre\u015blana by\u0142a jako &#8222;z\u0142y duch kancelarii Prezydenta Kaczy\u0144skiego\u201d.<\/p>\r\n<p>Propagandowym i medialnym ramieniem organizacji<em> B\u2019nai B\u2019rith<\/em> jest <strong>&#8222;Liga Przeciwko Znies\u0142awieniu\u201d (<em>Anti Defamation League <\/em>&#8211; ADL) <\/strong>&#8211; skrajnie antykatolicka organizacja \u017cydowska, kt\u00f3rej celem jest judaizacja spo\u0142ecze\u0144stw chrze\u015bcija\u0144skich, os\u0142abianie wiary katolickiej i wp\u0142yw\u00f3w Ko\u015bcio\u0142a oraz tropienie tzw. antysemityzmu, a nawet podgrzewanie nastroj\u00f3w do jego pobudzania. Organizacja ta zosta\u0142a za\u0142o\u017cona w Nowym Jorku w 1913 roku jako\u00a0 &#8222;<em>The <em>Anti<\/em>&#8211;<em>Defamation League<\/em> of <em>B\u2019nai<\/em> of B\u2019nai B\u2019rith<\/em>&#8222;, co wskazywa\u0142o wyra\u017anie na za\u0142o\u017cyciela &#8211; w\u0142a\u015bnie maso\u0144sk\u0105 organizacj\u0119 &#8222;<em>The Independent Order ofof B\u2019nai B\u2019rith<\/em>&#8222;. Po pewnym czasie dla cel\u00f3w propagandowych zrezygnowano z drugiego cz\u0142onu nazwy.<\/p>\r\n<p>Dnia 26 maja 2010 r. metropolita krakowski kardyna\u0142 Stanis\u0142aw Dziwisz odebra\u0142 Mi\u0119dzyreligijn\u0105 Nagrod\u0119 im. Kardyna\u0142a Augustyna Bea, ustanowion\u0105 przez ADL.<\/p>\r\n<p>Kardyna\u0142 Augustyn Bea by\u0142 niemieckim jezuit\u0105, kt\u00f3ry w zasadniczy spos\u00f3b przyczyni\u0142 si\u0119 do rewolucyjnych zmian dokonanych podczas Soboru Watyka\u0144skiego II. Razem z \u017cydowskim historykiem, Jules Isaac, by\u0142 autorem deklaracji <em>Nostra Aetate<\/em>, przekre\u015blaj\u0105cej ca\u0142\u0105 2000-letni\u0105 tradycj\u0119 Ko\u015bcio\u0142a.\u00a0 &#8222;Deklarcja o stosunku Ko\u015bcio\u0142a do religii niechrze\u015bcija\u0144skich <em>Nostra aetate<\/em>\u201d sta\u0142a si\u0119 narz\u0119dziem judaizacji Ko\u015bcio\u0142a katolickiego, co czynione by\u0142o w okresie posoborowym w ramach &#8222;dialogu\u201d ekumenicznego i mi\u0119dzyreligijnego, a szczeg\u00f3lnie dialogu katolicko-\u017cydowskiego.<\/p>\r\n<p>Rola kardyna\u0142a Bea okre\u015blona zosta\u0142a przez arcybiskupa Marcela Lefebvre\u2019a jako &#8222;narz\u0119dzie zdrady\u201d. Kardyna\u0142 Bea kontaktowa\u0142 si\u0119 bezpo\u015brednio z maso\u0144skim lo\u017cami w Nowym Jorku i Waszyngtonie, szczeg\u00f3lnie z \u017cydowsk\u0105 masoneri\u0105 <em>B\u2019nai-Brith<\/em>.<\/p>\r\n<p>Kardyna\u0142 Stanis\u0142aw Dziwisz by\u0142 sekretarzem najbardziej rewolucyjnego w historii Ko\u015bcio\u0142a papie\u017ca &#8211; Jana Paw\u0142a II, kt\u00f3ry w ci\u0105gu swojego d\u0142ugiego pontyfikatu znacznie os\u0142abi\u0142 Ko\u015bci\u00f3\u0142, szczeg\u00f3lnie w zakresie propagowania fa\u0142szywej tezy &#8222;wolno\u015bci religijnej\u201d. Tak jak papie\u017c Jan Pawe\u0142 II cieszy\u0142 si\u0119 medialnym przychylnym rozg\u0142osem, nadawanym przez liberalne, \u017cydowskie b\u0105d\u017a filosemickie media \u015bwiatowe, tak i kard. Dziwisz otrzymuje nagrody i wyr\u00f3\u017cnienia od wrog\u00f3w Ko\u015bcio\u0142a. W swojej diecezji oraz poprzez wp\u0142ywy w ca\u0142ym Ko\u015bciele w Polsce, kard. Dziwisz chroni r\u00f3wnie\u017c b. tajnych wsp\u00f3\u0142pracownik\u00f3w komunistycznego re\u017cimu, dzia\u0142aj\u0105cych w Ko\u015bciele. Wspiera te\u017c liberalnych polityk\u00f3w.<\/p>\r\n<p>Ks. bp. Stanis\u0142aw Dziwisz, nie maj\u0105cy \u017cadnego do\u015bwiadczenia w zakresie kierowania diecezj\u0105, zosta\u0142 arcybiskupem jednej z najwa\u017cniejszych archidiecezji, a nast\u0119pnie otrzyma\u0142 nominacj\u0119 kardynalsk\u0105 od papie\u017ca Benedykta XVI, kt\u00f3ry tym sposobem zastosowa\u0142 stary watyka\u0144ski zwyczaj \u201edegradacji poprzez promocj\u0119\u201d (<em>promoveatur ut amoveatur<\/em>), celem pozbycia si\u0119 z Watykanu os\u00f3b mog\u0105cych stanowi\u0107 utrudnienie w procesie rewitalizacji Ko\u015bcio\u0142a.<\/p>\r\n<p>Ko\u015bci\u00f3\u0142 katolicki od wiek\u00f3w przestrzega\u0142 wiernych przed jakimikolkwiek kontaktami z lo\u017cami maso\u0144skimi, a ka\u017cdy kto je wspomaga\u0142 lub zostawa\u0142 ich cz\u0142onkiem, by\u0142 automatycznie ekskomunikowany. Ju\u017c w 1738 roku roku papie\u017c Klemens XII wyda\u0142 Konstytucj\u0119 Apostolsk\u0105, w kt\u00f3rej uznaje masoneri\u0119 za herezj\u0119 i zobowi\u0105zuje biskup\u00f3w do traktowania jej cz\u0142onk\u00f3w jako podejrzanych o herezj\u0119. Z uwagi na niezwyk\u0142\u0105 wa\u017cno\u015b\u0107 zagadnienia, rozbudow\u0119 masonerii oraz nap\u0142ywaj\u0105cych i ujawnianych fakt\u00f3w desktrukcyjnej jej dzia\u0142alno\u015bci, wielu kolejnych papie\u017cy zajmowa\u0142o si\u0119 zagadnieniami masonerii przestrzegaj\u0105c i nak\u0142adaj\u0105c kar\u0119 ekskomuniki na wiernych wchodz\u0105cych w jej struktury.<\/p>\r\n<p>Pomimo wielu pr\u00f3b zniesienia b\u0105d\u017a \u0142agodzenia obowi\u0105zuj\u0105cych kar, podejmowanych przez zara\u017conych modernizmem posoborowych hierarch\u00f3w, do dnia dzisiejszego obowi\u0105zuje w Ko\u015bciele kara ekskomuniki. Wyra\u017cone zosta\u0142o to i potwierdzone przez Prefekta Kongregacji Nauki Wiary kard. J\u00f3zefa Ratzingera, kt\u00f3ry dnia 26 listopada 1983 roku og\u0142osi\u0142 deklaracj\u0119 o stowarzyszeniach maso\u0144skich <em><a href=\"http:\/\/www.opoka.org.pl\/biblioteka\/W\/WR\/kongregacje\/kdwiary\/zbior\/t_2_9.html\">Quaesitum est: de associationibus massonicis.<\/a><\/em><\/p>\r\n<p>Tym samym ka\u017cdy kto przyczynia si\u0119 do publicznego uwiarygadniania i promowania maso\u0144skich organizacji, r\u00f3wnie\u017c poprzez przyjmowanie ich odznacze\u0144 i zaszczyt\u00f3w, stawia si\u0119 poza Ko\u015bcio\u0142em podpadaj\u0105c pod ekskomunik\u0119 <em>excommunicatio latae sententiae<\/em>.<\/p>\r\n<\/blockquote>","protected":false},"excerpt":{"rendered":"Niemiecki koncern Volkswagen AG oznajmi\u0142 o przekazaniu miliona dolar\u00f3w \u017cydowskiej organizacji &#8222;Liga Przeciwko Znies\u0142awieniu&#8221; &#8211; (Anti Defamation League &#8211; ADL), operuj\u0105cej z g\u0142\u00f3wnej siedziby w Nowym Jorku. Celem darowizny jest wsparcie program\u00f3w &#8222;r\u00f3\u017cnorodno\u015bci&#8221; [ang. diversity] w szko\u0142ach i zak\u0142adach pracy oraz walki z &#8222;cybernetowym zastraszaniem i fanatyzmem&#8221;. &#8222;Inicjatywy ADL i jej programy s\u0105 wsp\u00f3\u0142bie\u017cne z [&hellip;]","protected":false},"author":1,"featured_media":0,"comment_status":"closed","ping_status":"closed","sticky":false,"template":"","format":"standard","meta":{"_acf_changed":false,"_monsterinsights_skip_tracking":false,"_monsterinsights_sitenote_active":false,"_monsterinsights_sitenote_note":"","_monsterinsights_sitenote_category":0,"ngg_post_thumbnail":0,"footnotes":"","_wp_rev_ctl_limit":""},"categories":[7],"tags":[53,104],"acf":[],"_links":{"self":[{"href":"https:\/\/www.bibula.com\/index.php?rest_route=\/wp\/v2\/posts\/47089"}],"collection":[{"href":"https:\/\/www.bibula.com\/index.php?rest_route=\/wp\/v2\/posts"}],"about":[{"href":"https:\/\/www.bibula.com\/index.php?rest_route=\/wp\/v2\/types\/post"}],"author":[{"embeddable":true,"href":"https:\/\/www.bibula.com\/index.php?rest_route=\/wp\/v2\/users\/1"}],"replies":[{"embeddable":true,"href":"https:\/\/www.bibula.com\/index.php?rest_route=%2Fwp%2Fv2%2Fcomments&post=47089"}],"version-history":[{"count":0,"href":"https:\/\/www.bibula.com\/index.php?rest_route=\/wp\/v2\/posts\/47089\/revisions"}],"wp:attachment":[{"href":"https:\/\/www.bibula.com\/index.php?rest_route=%2Fwp%2Fv2%2Fmedia&parent=47089"}],"wp:term":[{"taxonomy":"category","embeddable":true,"href":"https:\/\/www.bibula.com\/index.php?rest_route=%2Fwp%2Fv2%2Fcategories&post=47089"},{"taxonomy":"post_tag","embeddable":true,"href":"https:\/\/www.bibula.com\/index.php?rest_route=%2Fwp%2Fv2%2Ftags&post=47089"}],"curies":[{"name":"wp","href":"https:\/\/api.w.org\/{rel}","templated":true}]}}