{"id":47030,"date":"2011-11-12T23:11:18","date_gmt":"2011-11-13T04:11:18","guid":{"rendered":"http:\/\/www.bibula.com\/?p=47030"},"modified":"2011-11-12T23:11:18","modified_gmt":"2011-11-13T04:11:18","slug":"czy-w-czwartek-sp-obnizylo-rating-francji-cezary-mech","status":"publish","type":"post","link":"https:\/\/www.bibula.com\/?p=47030","title":{"rendered":"Czy w czwartek S&#038;P obni\u017cy\u0142o rating Francji? &#8211; <em>Cezary Mech<\/em>"},"content":{"rendered":"<p><strong>Minister Finans\u00f3w Francji Francois Baroin nakaza\u0142 \u015bledztwo w sprawie obni\u017cenia w czwartek ratingu S&amp;P, a S&amp;P poda\u0142o w komunikacie, \u017ce nast\u0105pi\u0142o to przez pomy\u0142k\u0119.<\/strong><\/p>\r\n<p>Jak podaje S&amp;P w komunikacie nast\u0105pi\u0142o to: &#8222;W nast\u0119pstwie b\u0142\u0119du technicznego do niekt\u00f3rych abonent\u00f3w portalu S&amp;P Global Credit automatycznie wys\u0142ana zosta\u0142a wiadomo\u015b\u0107, w kt\u00f3rej informowano o zmianie ratingu Francji\u201d. Pami\u0119tajmy r\u00f3wnie\u017c \u017ce po obni\u017ceniu ratingu dla USA S&amp;P og\u0142osi\u0142, \u017ce Hindus kt\u00f3ry to sprawi\u0142 &#8211; Deven Sharma odchodzi z pracy w agencji pod koniec roku. Gdy patrzymy na obiektywizm agencji ratingowych to wydaje si\u0119 \u017ce tych \u201epomy\u0142ek\u201d jest stanowczo za du\u017co i nie wiadomo czy ostatnio maj\u0105 one swobod\u0119 do niezale\u017cnego oceniania kredytobiorc\u00f3w, a ostatnia dziwnie pokrywa si\u0119 z \u201erozjechaniem si\u0119\u201d rentowno\u015bci obligacji niemieckich i francuskich. Jak podaje <em>Financial Times<\/em> w podsumowaniu tygodnia jest to historycznie rekordowa r\u00f3\u017cnica w strefie euro i wielko\u015b\u0107 166 punkt\u00f3w bazowych niespotykana jak dwa pa\u0144stwa ciesz\u0105ce si\u0119 t\u0105 sam\u0105 najwy\u017csz\u0105 ocen\u0105 wiarygodno\u015bci AAA. Ten <em>spread<\/em> wzr\u00f3s\u0142 a\u017c pi\u0119ciokrotnie od czerwca i o 36 pb w mijaj\u0105cym tygodniu. W zwi\u0105zku z powy\u017cszym tematem rekomenduj\u0119 czytelnikom artyku\u0142 redaktor Ma\u0142gorzaty Goss:<\/p>\r\n<blockquote>\r\n<p>\u201e<strong>Europa wstrzyma\u0142a oddech. W\u0142ochy, kraj za\u0142o\u017cycielski eurostrefy i trzecia co do wielko\u015bci gospodarka euro, od wczoraj s\u0105 niewyp\u0142acalne<\/strong><\/p>\r\n<p>Ma\u0142gorzata Goss<\/p>\r\n<h2>W\u0142ochy bankrutem<\/h2>\r\n<p><strong>Upadek kolosa grozi rozpadem europejskiego obszaru walutowego. Czy mi\u0119dzynarodowa pomoc finansowa zdo\u0142a temu zapobiec?<\/strong><\/p>\r\n<p>W\u0142ochy, kolejny kraj eurostrefy na skraju przepa\u015bci, zrobi\u0142y wielki krok naprz\u00f3d. Wczoraj rentowno\u015b\u0107 w\u0142oskich obligacji dziesi\u0119cioletnich przekroczy\u0142a psychologiczn\u0105 barier\u0119 7 proc., uwa\u017can\u0105 za wska\u017anik niewyp\u0142acalno\u015bci. Po czym ostro ruszy\u0142a w g\u00f3r\u0119, osi\u0105gaj\u0105c 7,44 procent. Izba Rozrachunkowa w Londynie poprosi\u0142a inwestor\u00f3w prowadz\u0105cych operacje na w\u0142oskich obligacjach o dodatkowe zabezpieczenie, co wp\u0142ywa na zmniejszenie p\u0142ynno\u015bci i ko\u0144czy si\u0119 skokowym wzrostem rentowno\u015bci. Europejski Bank Centralny od miesi\u0119cy skupuje w\u0142oskie obligacje, aby podtrzyma\u0107 zdolno\u015bci p\u0142atnicze. Od sierpnia wyda\u0142 na nie ponad 70 mld euro, nape\u0142niaj\u0105c tym samym wsp\u00f3lny portfel eurostrefy stert\u0105 bezwarto\u015bciowych papier\u00f3w. Ale i to nie zapobieg\u0142o wzrostowi <a id=\"anchorbbtBubble313\">koszt\u00f3w<\/a> w\u0142oskiego d\u0142ugu.<\/p>\r\n<p>\u00a0W\u0142ochy, zad\u0142u\u017cone na 1,9 bln euro, tj. 120 proc. PKB, z gospodark\u0105 pogr\u0105\u017con\u0105 w stagnacji, przy braku determinacji co do wdro\u017cenia ci\u0119\u0107 oszcz\u0119dno\u015bciowych, nie b\u0119d\u0105 w stanie unie\u015b\u0107 ci\u0119\u017caru sp\u0142aty tak wysoko oprocentowanego d\u0142ugu i zmuszone b\u0119d\u0105 poprosi\u0107 o pomoc eurostref\u0119 i instytucje mi\u0119dzynarodowe. &#8211; W\u0142ochy na zrolowanie swojego ogromnego d\u0142ugu b\u0119d\u0105 potrzebowa\u0107 do ko\u0144ca roku 37 mld euro, a w przysz\u0142ym roku &#8211; 307 mld euro &#8211; wylicza dr Cezary Mech, finansista, by\u0142y wiceminister finans\u00f3w.<\/p>\r\n<p><strong>Po pomoc do Chin<\/strong><\/p>\r\n<p>\u00a0Mi\u0119dzynarodowy Fundusz Walutowy i Europejski Fundusz Stabilizacji Finansowej, \u017ceby ud\u017awign\u0105\u0107 koszty ratowania w\u0142oskiego bankruta, b\u0119d\u0105 zmuszone b\u0142yskawicznie uzyska\u0107 pomoc takich kraj\u00f3w, jak: Chiny, Rosja, Japonia, Brazylia. Nie ob\u0119dzie si\u0119 bez politycznych i gospodarczych ust\u0119pstw. Przebywaj\u0105ca w Chinach szefowa MFW Christine Lagarde ostrzeg\u0142a, \u017ce sytuacja w strefie euro zagra\u017ca <a id=\"anchorbbtBubble442\">stabilno\u015bci<\/a> \u015bwiatowych finans\u00f3w. Podczas jej wizyty w Pekinie omawiano warunki, na jakich Chiny, dysponuj\u0105ce 3,2 bln dolar\u00f3w rezerw, zgodz\u0105 si\u0119 kupowa\u0107 d\u0142ugi Europy. Podniesienie udzia\u0142u Chin w MFW z 3,65 do 6,07 proc. spowoduje, \u017ce stan\u0105 si\u0119 trzecim krajem MFW pod wzgl\u0119dem si\u0142y g\u0142osu, po Unii (30 proc.) i Stanach Zjednoczonych (17 proc.).<\/p>\r\n<p>\u00a0Wczoraj do W\u0142och uda\u0142a si\u0119 misja Komisji Europejskiej, Europejskiego Banku Centralnego i Mi\u0119dzynarodowego Funduszu Walutowego, aby przyjrze\u0107 si\u0119 na miejscu sytuacji finansowej kraju i rz\u0105dowym planom oszcz\u0119dno\u015bciowym. W\u0142ochy kilka dni temu obj\u0119te zosta\u0142y na pro\u015bb\u0119 premiera Berlusconiego monitoringiem MFW. Wraz z popadaniem kraju w spiral\u0119 zad\u0142u\u017cenia we W\u0142oszech, podobnie jak wcze\u015bniej w Grecji, wybuch\u0142 kryzys rz\u0105dowy. We wtorek wieczorem premier Silvio Berlusconi zapowiedzia\u0142, \u017ce poda si\u0119 do dymisji. Wbrew wezwaniom opozycji, by ust\u0105pi\u0142 natychmiast, og\u0142osi\u0142, \u017ce zrobi to dopiero po uchwaleniu przez parlament <a id=\"anchorbbtBubble581\">pakietu<\/a> stabilizuj\u0105cego w\u0142oskie finanse. W tej sytuacji prezydent W\u0142och Giorgio Napolitano zaapelowa\u0142 do parlamentu, aby przeprowadzi\u0142 g\u0142osowanie nad pakietem jak najszybciej. Dymisja Berlusconiego, jak podkre\u015blaj\u0105 w\u0142oskie media, nie oznacza automatycznie rozpisania wybor\u00f3w, chocia\u017c sam premier wyra\u017anie do nich d\u0105\u017cy. Scenariusz b\u0119dzie raczej podobny do greckiego &#8211; tj. podj\u0119ta zostanie pr\u00f3ba powo\u0142ania rz\u0105du w oparciu o si\u0142y polityczne reprezentowane w obecnym parlamencie. Berlusconi utraci\u0142 poparcie izby wskutek opuszczenia koalicji rz\u0105dowej przez cz\u0142onk\u00f3w jego w\u0142asnego ugrupowania &#8211; Ludu Wolno\u015bci.<\/p>\r\n<p>\u00a0&#8211; Rozlanie kryzysu na Grecj\u0119 to wynik z\u0142ej polityki przyw\u00f3dc\u00f3w eurostrefy, kt\u00f3rzy usi\u0142uj\u0105 zatrzyma\u0107 Grecj\u0119 w strefie euro wbrew zasadom ekonomii. Post\u0119powanie wbrew naturze rynku uruchomi\u0142o efekt domina &#8211; ocenia Jerzy Bielewicz, prezes Stowarzyszenia &#8222;Przejrzysty <a id=\"anchorbbtBubble689\">Rynek<\/a>&#8222;. Wyj\u015bcie z eurostrefy dw\u00f3ch peryferyjnych kraj\u00f3w naraz &#8211; W\u0142och i Grecji &#8211; jest jego zdaniem o wiele bardziej prawdopodobne ni\u017c wyj\u015bcie samej Grecji.<\/p>\r\n<p>\u00a0&#8211; Eurostrefa nie b\u0119dzie w stanie zatrzyma\u0107 tych kraj\u00f3w, a przetrwanie samej strefy euro b\u0119dzie zale\u017ce\u0107 od tego, czy uniesie finansowe konsekwencje wyj\u015bcia W\u0142och i Grecji &#8211; przewiduje finansista. Opuszczenie strefy euro przez te kraje wi\u0105za\u0142oby si\u0119 z przeliczeniem ich aktyw\u00f3w oraz zobowi\u0105za\u0144 d\u0142u\u017cnych na rodzim\u0105 walut\u0119, silnie zdewaluowan\u0105 wobec euro. Pozosta\u0142e kraje eurostrefy ponios\u0142yby w takim wypadku gigantyczne straty &#8211; zar\u00f3wno ich finanse publiczne, jak i Europejski Bank Centralny b\u0119d\u0105cy podstaw\u0105 wsp\u00f3lnej waluty, banki komercyjne, fundusze emerytalne i inwestycyjne oraz zwykli obywatele, zmuszeni do ponoszenia koszt\u00f3w finansowej katastrofy.\u201d<\/p>\r\n<p>Za: <a href=\"http:\/\/www.naszdziennik.pl\/index.php?dat=20111110&amp;typ=sw&amp;id=sw03.txt\">Nasz Dziennik [Czwartek-Pi\u0105tek, 10-11 listopada 2011, Nr 262 (4193)]<\/a> <\/p>\r\n<\/blockquote>\r\n<p><strong><em>Cezary Mech<\/em><\/strong><\/p>\r\n<p>&nbsp;<\/p>","protected":false},"excerpt":{"rendered":"Minister Finans\u00f3w Francji Francois Baroin nakaza\u0142 \u015bledztwo w sprawie obni\u017cenia w czwartek ratingu S&amp;P, a S&amp;P poda\u0142o w komunikacie, \u017ce nast\u0105pi\u0142o to przez pomy\u0142k\u0119. Jak podaje S&amp;P w komunikacie nast\u0105pi\u0142o to: &#8222;W nast\u0119pstwie b\u0142\u0119du technicznego do niekt\u00f3rych abonent\u00f3w portalu S&amp;P Global Credit automatycznie wys\u0142ana zosta\u0142a wiadomo\u015b\u0107, w kt\u00f3rej informowano o zmianie ratingu Francji\u201d. Pami\u0119tajmy r\u00f3wnie\u017c [&hellip;]","protected":false},"author":1,"featured_media":0,"comment_status":"closed","ping_status":"closed","sticky":false,"template":"","format":"standard","meta":{"_acf_changed":false,"_monsterinsights_skip_tracking":false,"_monsterinsights_sitenote_active":false,"_monsterinsights_sitenote_note":"","_monsterinsights_sitenote_category":0,"ngg_post_thumbnail":0,"footnotes":"","_wp_rev_ctl_limit":""},"categories":[9],"tags":[191,52],"acf":[],"_links":{"self":[{"href":"https:\/\/www.bibula.com\/index.php?rest_route=\/wp\/v2\/posts\/47030"}],"collection":[{"href":"https:\/\/www.bibula.com\/index.php?rest_route=\/wp\/v2\/posts"}],"about":[{"href":"https:\/\/www.bibula.com\/index.php?rest_route=\/wp\/v2\/types\/post"}],"author":[{"embeddable":true,"href":"https:\/\/www.bibula.com\/index.php?rest_route=\/wp\/v2\/users\/1"}],"replies":[{"embeddable":true,"href":"https:\/\/www.bibula.com\/index.php?rest_route=%2Fwp%2Fv2%2Fcomments&post=47030"}],"version-history":[{"count":0,"href":"https:\/\/www.bibula.com\/index.php?rest_route=\/wp\/v2\/posts\/47030\/revisions"}],"wp:attachment":[{"href":"https:\/\/www.bibula.com\/index.php?rest_route=%2Fwp%2Fv2%2Fmedia&parent=47030"}],"wp:term":[{"taxonomy":"category","embeddable":true,"href":"https:\/\/www.bibula.com\/index.php?rest_route=%2Fwp%2Fv2%2Fcategories&post=47030"},{"taxonomy":"post_tag","embeddable":true,"href":"https:\/\/www.bibula.com\/index.php?rest_route=%2Fwp%2Fv2%2Ftags&post=47030"}],"curies":[{"name":"wp","href":"https:\/\/api.w.org\/{rel}","templated":true}]}}