{"id":46872,"date":"2011-11-08T14:10:46","date_gmt":"2011-11-08T19:10:46","guid":{"rendered":"http:\/\/www.bibula.com\/?p=46872"},"modified":"2011-11-08T14:10:46","modified_gmt":"2011-11-08T19:10:46","slug":"financial-times-polakom-zapomniano-powiedziec-o-kryzysie","status":"publish","type":"post","link":"https:\/\/www.bibula.com\/?p=46872","title":{"rendered":"Financial Times: Polakom zapomniano powiedzie\u0107 o kryzysie"},"content":{"rendered":"<p><strong>Europejska gospodarka ju\u017c si\u0119 wypali\u0142a i \u201ejedzie na pustym baku\u201d, ale chyba nikt nie powiedzia\u0142 o tym polskim konsumentom, kt\u00f3rzy zakupami nap\u0119dzaj\u0105 gospodark\u0119 kraju &#8211; pisze \u201eFinancial Times\u201d. \u201eW Polsce pojawi\u0142a si\u0119 od\u0142o\u017cona w czasie szeroka konsumpcja\u201d &#8211; m\u00f3wi dr Marek Dietl. <\/strong><\/p>\r\n<p>\u201eFinancial Times\u201d<strong> <\/strong>przypomina, \u017ce<strong> <\/strong>we wrze\u015bniu sprzeda\u017c detaliczna wzros\u0142a o 11,4 proc. w uj\u0119ciu rocznym. Pr\u0119\u017cny sektor detaliczny by\u0142 jednym z g\u0142\u00f3wnych czynnik\u00f3w, kt\u00f3re pozwoli\u0142y Polsce unikn\u0105\u0107 recesji w 2009 roku, a Polacy wygl\u0105daj\u0105 na gotowych do powt\u00f3rzenia tego wyniku w przysz\u0142ym roku. <\/p>\r\n<p>R\u00f3wnie\u017c nasz przemys\u0142 ma si\u0119 nie\u017ale i jeszcze nie poczu\u0142 och\u0142odzenia z Zachodu &#8211; produkcja przemys\u0142owa posz\u0142a w g\u00f3r\u0119 o 7,7 proc. we wrze\u015bniu i wiele wskazuje na to, \u017ce jeszcze przyspiesza &#8211; wskazuje gazeta. <\/p>\r\n<p>Portugalska grupa <strong>Jeronimo Martins, <\/strong>kt\u00f3ra posiada w Polsce sie\u0107 dyskont\u00f3w spo\u017cywczych Biedronka, zanotowa\u0142a 25-proc. wzrost sprzeda\u017cy w tym roku. Jej plany, aby zainwestowa\u0107 nad Wis\u0142\u0105 1,5 mld euro w ci\u0105gu nast\u0119pnych 3 lat i niemal podwoi\u0107 swoj\u0105 sie\u0107 do 2015 roku kontrastuj\u0105 z ponurymi perspektywami Portugalii &#8211; kraju pochodzenia firmy. <\/p>\r\n<p>Solidny wzrost polskiej gospodarki to r\u00f3wnie\u017c efekt dzia\u0142alno\u015bci takich firm jak<strong> <\/strong><strong>Kler<\/strong>, producent mebli. Eksport tej sp\u00f3\u0142ki podwoi\u0142 si\u0119 w ci\u0105gu ostatnich 2 lat do 20 proc. ca\u0142ej produkcji. Sprzeda\u017c krajowa wzros\u0142a o 10 proc. w 2011 roku. <\/p>\r\n<p>Prognoza wzrostu gospodarki na przysz\u0142y rok wynosi 3,2 proc. wed\u0142ug Narodowego Banku Polskiego &#8211; to wynik lepszy ni\u017c niemal gdziekolwiek indziej w Unii. <\/p>\r\n<p>Jednak s\u0105 te\u017c powody do zmartwie\u0144. Liczba rejestrowanych nowych samochod\u00f3w spad\u0142a w pa\u017adzierniku o 16 proc. w por\u00f3wnaniu do tego samego okresu w roku poprzednim &#8211; podaje Instytut Samar. Z kolei na rynku pracy zwi\u0119ksza si\u0119, cho\u0107 nie gwa\u0142townie, bezrobocie. <\/p>\r\n<p>Czy zatem Polacy, zwi\u0119kszaj\u0105c, mimo wszystko, konsumpcj\u0119 daj\u0105 w ten spos\u00f3b odp\u00f3r tym wszystkim, kt\u00f3rzy strasz\u0105 ich kryzysem? Dla Stefczyk.info sytuacj\u0119 stara si\u0119 opisa\u0107 dr Marek Dietl, ekspert Instytutu Sobieskiego w obszarze gospodarki. <\/p>\r\n<p><em>W po\u0142owie 2008 roku przeprowadzi\u0142em niedu\u017c\u0105 ankiet\u0119 w\u015br\u00f3d swoich znajomych. Zapyta\u0142em ich, jakie b\u0119dzie PKB w Polsce w 2009 roku<\/em> &#8211; m\u00f3wi ekspert. &#8211; <em>Znajomi z Londynu przepowiedzieli straszny kryzys i ujemne wyniki. Znajomi z Niemiec, \u017ce PKB b\u0119dzie zerowe. Natomiast znajomi w Polsce oznajmili, \u017ce PKB b\u0119dzie dodatnie i w og\u00f3le \u017ce wszystko b\u0119dzie w porz\u0105dku<\/em> &#8211; opowiada. <\/p>\r\n<p><em>Jeden z tych znajomych da\u0142 wszak\u017ce najlepsz\u0105 moim zdaniem odpowied\u017a. Powiedzia\u0142 mianowicie, \u017ce PKB b\u0119dzie dodatnie, gdy\u017c w Polsce pojawi\u0142a si\u0119 od\u0142o\u017cona w czasie konsumpcja. Przez lata 90. ros\u0142y ceny, a nie ros\u0142y p\u0142ace, niedu\u017ca te\u017c cz\u0119\u015b\u0107 Polak\u00f3w korzysta\u0142a z dobrodziejstw kapitalizmu i na nim si\u0119 bogaci\u0142a. Od 2005 r. zacz\u0119\u0142y rosn\u0105\u0107 p\u0142ace i du\u017ca cz\u0119\u015b\u0107 rodak\u00f3w do tej pory stoj\u0105ca na uboczu r\u00f3wnie\u017c zacz\u0119\u0142a konsumowa\u0107. Gospodarka wobec tego zacz\u0119\u0142a korzysta\u0107 na popycie<\/em> &#8211; wyja\u015bnia dr Dietl. <\/p>\r\n<p>Jak podkre\u015bla, w Polsce pojawi\u0142a si\u0119 zatem od\u0142o\u017cona w czasie szeroka konsumpcja, b\u0119d\u0105ca odreagowaniem po niedostatkach komunizmu i rozczarowaniach lat transformacji. &#8211; Polacy <em>s\u0142ysz\u0105 o kryzysie na Zachodzie, ale je\u015bli maj\u0105 teraz mo\u017cliwo\u015b\u0107, to chc\u0105 nadrabia\u0107 wcze\u015bniejsze niemo\u017cno\u015bci konsumpcj\u0105. I to, paradoksalnie, mo\u017ce nas uratowa\u0107 przed takimi skutkami kryzysu, jakie s\u0105 teraz na Zachodzie<\/em> &#8211; t\u0142umaczy rozm\u00f3wca Stefczyk.info. <\/p>\r\n<p><em>Czy zatem istnieje niebezpiecze\u0144stwo, \u017ce to si\u0119 wkr\u00f3tce sko\u0144czy? Widz\u0119 tu dwie mo\u017cliwo\u015bci &#8211; i od razu dodaj\u0119, \u017ce trudno mi jest przewidzie\u0107, kt\u00f3ra z nich przewa\u017cy. Przy pierwszej mo\u017cliwo\u015bci, bior\u0105c pod uwag\u0119, \u017ce nasz eksport za granic\u0119 wynosi 40 proc. produktu krajowego brutto, o wiele mniej ni\u017c np. Czech czy W\u0119gier, i podtrzymuj\u0105c trend konsumpcyjny, mo\u017cemy si\u0119 jako\u015b przez ten kryzys przemkn\u0105\u0107 bez drastycznych strat. Drugi scenariusz zak\u0142ada os\u0142abienie popytu i ch\u0119ci konsumpcyjnych, pojawiaj\u0105ce si\u0119 bankructwa i rosn\u0105ce bezrobocie, a wi\u0119c sytuacj\u0119 du\u017co gorsz\u0105, ni\u017c przy pierwszej mo\u017cliwo\u015bci<\/em> &#8211; m\u00f3wi dr Dietl. <\/p>\r\n<p>RoJ<\/p>","protected":false},"excerpt":{"rendered":"Europejska gospodarka ju\u017c si\u0119 wypali\u0142a i \u201ejedzie na pustym baku\u201d, ale chyba nikt nie powiedzia\u0142 o tym polskim konsumentom, kt\u00f3rzy zakupami nap\u0119dzaj\u0105 gospodark\u0119 kraju &#8211; pisze \u201eFinancial Times\u201d. \u201eW Polsce pojawi\u0142a si\u0119 od\u0142o\u017cona w czasie szeroka konsumpcja\u201d &#8211; m\u00f3wi dr Marek Dietl. \u201eFinancial Times\u201d przypomina, \u017ce we wrze\u015bniu sprzeda\u017c detaliczna wzros\u0142a o 11,4 proc. w [&hellip;]","protected":false},"author":1,"featured_media":0,"comment_status":"closed","ping_status":"closed","sticky":false,"template":"","format":"standard","meta":{"_acf_changed":false,"_monsterinsights_skip_tracking":false,"_monsterinsights_sitenote_active":false,"_monsterinsights_sitenote_note":"","_monsterinsights_sitenote_category":0,"ngg_post_thumbnail":0,"footnotes":"","_wp_rev_ctl_limit":""},"categories":[6],"tags":[23,92,52,20],"acf":[],"_links":{"self":[{"href":"https:\/\/www.bibula.com\/index.php?rest_route=\/wp\/v2\/posts\/46872"}],"collection":[{"href":"https:\/\/www.bibula.com\/index.php?rest_route=\/wp\/v2\/posts"}],"about":[{"href":"https:\/\/www.bibula.com\/index.php?rest_route=\/wp\/v2\/types\/post"}],"author":[{"embeddable":true,"href":"https:\/\/www.bibula.com\/index.php?rest_route=\/wp\/v2\/users\/1"}],"replies":[{"embeddable":true,"href":"https:\/\/www.bibula.com\/index.php?rest_route=%2Fwp%2Fv2%2Fcomments&post=46872"}],"version-history":[{"count":0,"href":"https:\/\/www.bibula.com\/index.php?rest_route=\/wp\/v2\/posts\/46872\/revisions"}],"wp:attachment":[{"href":"https:\/\/www.bibula.com\/index.php?rest_route=%2Fwp%2Fv2%2Fmedia&parent=46872"}],"wp:term":[{"taxonomy":"category","embeddable":true,"href":"https:\/\/www.bibula.com\/index.php?rest_route=%2Fwp%2Fv2%2Fcategories&post=46872"},{"taxonomy":"post_tag","embeddable":true,"href":"https:\/\/www.bibula.com\/index.php?rest_route=%2Fwp%2Fv2%2Ftags&post=46872"}],"curies":[{"name":"wp","href":"https:\/\/api.w.org\/{rel}","templated":true}]}}