{"id":46835,"date":"2011-11-07T22:15:23","date_gmt":"2011-11-08T03:15:23","guid":{"rendered":"http:\/\/www.bibula.com\/?p=46835"},"modified":"2012-01-25T17:22:49","modified_gmt":"2012-01-25T22:22:49","slug":"meczennicy-kresow","status":"publish","type":"post","link":"https:\/\/www.bibula.com\/?p=46835","title":{"rendered":"M\u0119czennicy Kres\u00f3w"},"content":{"rendered":"<p><strong>Cho\u0107 gin\u0119li w straszliwych m\u0119czarniach, nieraz przed o\u0142tarzem w czasie Eucharystii, p\u0142ac\u0105c cen\u0119 \u017cycia za to, \u017ce nie opu\u015bcili swoich parafian w obliczu \u015bmiertelnego zagro\u017cenia, \u017caden z kresowych ksi\u0119\u017cy m\u0119czennik\u00f3w nie doczeka\u0142 si\u0119 jeszcze beatyfikacji.<\/strong><\/p>\r\n<p>Znawcy prawa kanonizacyjnego wskazuj\u0105, \u017ce do wszcz\u0119cia rokuj\u0105cego nadzieje na pozytywny wynik procesu beatyfikacyjnego opr\u00f3cz \u015bwiadectwa m\u0119cze\u0144stwa za wiar\u0119 potrzebne s\u0105 te\u017c dowody na istnienie po\u015bmiertnego kultu.<\/p>\r\n<p>&#8211; Szanse na wszcz\u0119cie proces\u00f3w beatyfikacyjnych mamy bardzo powa\u017cne, gdy\u017c mamy spe\u0142nienie kryteri\u00f3w, kt\u00f3re o tym decyduj\u0105, a wi\u0119c nienawi\u015b\u0107 nie tylko do nacji jako takiej, ale te\u017c do Ko\u015bcio\u0142a &#8211; powiedzia\u0142 &#8222;Naszemu Dziennikowi&#8221; ks. bp Marcjan Trofimiak, ordynariusz diecezji \u0142uckiej na Ukrainie. &#8211; Mamy tu spe\u0142nione wszystkie znamiona m\u0119cze\u0144stwa &#8211; doda\u0142, podkre\u015blaj\u0105c jednocze\u015bnie, \u017ce procedura zwi\u0105zana z procesem beatyfikacyjnym nie jest \u0142atwa, ale wszystko idzie w dobrym kierunku.<\/p>\r\n<p>Podczas wczorajszego otwarcia wystawy pt. &#8222;Niedoko\u0144czone Msze wo\u0142y\u0144skie. Martyrologium duchowie\u0144stwa wo\u0142y\u0144skiego &#8211; ofiar zbrodni nacjonalist\u00f3w ukrai\u0144skich w czasie II wojny \u015bwiatowej&#8221; na Katolickim Uniwersytecie Lubelskim Jana Paw\u0142a II ks. bp Marcjan Trofimiak zwr\u00f3ci\u0142 uwag\u0119, \u017ce prze\u015bladowcy mordowali z ogromn\u0105 nienawi\u015bci\u0105, o czym \u015bwiadczy spos\u00f3b, w jaki dokonywali zbrodni.<br \/>Najbardziej zaawansowany jest proces beatyfikacyjny ks. Ludwika Wrodarczyka, oblata, kt\u00f3ry poni\u00f3s\u0142 m\u0119cze\u0144sk\u0105 \u015bmier\u0107 z r\u0105k ukrai\u0144skich nacjonalist\u00f3w w 1943 roku.<\/p>\r\n<p>Ojcowie Oblaci zbieraj\u0105cy od 20 lat dokumentacj\u0119 zako\u0144czyli ju\u017c proces na poziomie diecezji i przes\u0142ali materia\u0142y do O\u015brodka Dokumentacji Kanonizacyjnej w Drohiczynie. Decyzja o w\u0142\u0105czeniu sprawy do procesu beatyfikacyjnego M\u0119czennik\u00f3w Wschodu jeszcze nie zapad\u0142a. &#8211; Przedstawi\u0119 to zg\u0142oszenie biskupowi Dydyczowi, i to biskup b\u0119dzie podejmowa\u0142 decyzj\u0119. Kiedy to nast\u0105pi, w tym momencie nie jestem w stanie powiedzie\u0107 &#8211; przekaza\u0142 &#8222;Naszemu Dziennikowi&#8221; ks. dr Zdzis\u0142aw Jancewicz, postulator z O\u015brodka w Drohiczynie. Zdaniem ks. dr. Jancewicza, m\u00f3wi\u0105c o M\u0119czennikach Wschodu, mo\u017cna wskazywa\u0107 tych, kt\u00f3rzy zostali zamordowani przez komunist\u00f3w, i tych, kt\u00f3rzy zostali zamordowani przez banderowc\u00f3w. &#8211; Jednak problem polega na tym, \u017ce mamy tu do czynienia z dwoma typami prze\u015bladowc\u00f3w. Jedni wywodz\u0105 si\u0119 z komunizmu, a drudzy z nacjonalizmu ukrai\u0144skiego &#8211; wskazuje.<\/p>\r\n<p><strong>Okrutne morderstwa<\/strong><\/p>\r\n<p>Ksi\u0105dz Stanis\u0142aw Szczepankiewicz, proboszcz tarnopolskiej parafii Ihrowica na Podolu, zosta\u0142 zamordowany ciosami siekiery w Wigili\u0119 1944 roku. Gdy banderowcy wyr\u0105bywali drzwi na plebani\u0119, do ko\u0144ca dzwoni\u0142 sygnaturk\u0105, co uratowa\u0142o \u017cycie wielu jego parafianom. Ostrzegany wcze\u015bniej przed niebezpiecze\u0144stwem odrzuci\u0142 propozycj\u0119 wyjazdu, m\u00f3wi\u0105c: &#8222;Zostan\u0119 ze swymi parafianami&#8221;. &#8211; Wszyscy pozostali przy \u017cyciu ihrowiczanie zaliczaj\u0105 ks. Szczepankiewicza w poczet \u015bwi\u0119tych kap\u0142an\u00f3w &#8211; zapewnia Jan Bia\u0142ow\u0105s, kt\u00f3ry od lat zbiera relacje na temat \u017cycia i \u015bwi\u0119to\u015bci swojego zamordowanego proboszcza. &#8211; To by\u0142 \u015bwi\u0119ty kap\u0142an, leczy\u0142 chorych bez wzgl\u0119du na narodowo\u015b\u0107, nie \u017c\u0105da\u0142 \u017cadnej zap\u0142aty. Pomocy nie odmawia\u0142 nawet cz\u0142onkom UPA, kt\u00f3rzy go p\u00f3\u017aniej zamordowali &#8211; wylicza.<\/p>\r\n<p>Doktor Leon Popek, historyk IPN, prezes Stowarzyszenia Mi\u0142o\u015bnik\u00f3w Krzemie\u0144ca i Ziemi Wo\u0142y\u0144sko-Podolskiej, jest przekonany o \u015bwi\u0119to\u015bci ks. Stanis\u0142awa Dobrza\u0144skiego, proboszcza parafii w Ostr\u00f3wkach zamordowanego w czasie masakry 30 sierpnia 1943 roku. Namawiany listownie przez ks. dziekana Stefana Jastrz\u0119bskiego do wyjazdu z zagro\u017conej parafii ks. Dobrza\u0144ski odpisa\u0142, \u017ce &#8222;b\u0119dzie trwa\u0142 na posterunku do ostatniej chwili&#8221;. Ksi\u0119dzu najprawdopodobniej odci\u0119to g\u0142ow\u0119 siekier\u0105.<\/p>\r\n<p>W latach 1939-1945 na terenach diecezji \u0142uckiej, lwowskiej i przemyskiej w sumie straci\u0142o \u017cycie co najmniej 255 os\u00f3b duchownych, a najwi\u0119cej z nich, bo 56 &#8211; z r\u0105k Ukrai\u0144c\u00f3w. Ksi\u0119\u017cy mordowano skrytob\u00f3jczo lub na oczach wiernych, gdy odprawiali Msze \u015awi\u0119te. Na wielu wr\u0119cz polowano, gdy udawali si\u0119 z pos\u0142ug\u0105 duszpastersk\u0105, np. ze spowiedzi\u0105 czy z Naj\u015bwi\u0119tszym Sakramentem do chorych. Wielu straci\u0142o \u017cycie w krwaw\u0105 niedziel\u0119, 11 lipca 1943 r., w ko\u015bcio\u0142ach z wiernymi. Tego dnia podczas porannej Mszy \u015bw. zgin\u0119li: w Zab\u0142od\u017acu ks. Jan Aleksandrowicz, w Chrynowie &#8211; ks. Jan Kotwicki. W Porycku stoj\u0105cego na ambonie ks. Boles\u0142awa Szaw\u0142owskiego postrzelono, a gdy okaza\u0142o si\u0119, \u017ce prze\u017cy\u0142, nast\u0119pnego dnia wytropiono go i dobito. Ksi\u0119dza Korola Barana, proboszcza parafii Korytnica w dekanacie W\u0142odzimierz Wo\u0142y\u0144ski, 12 lipca 1943 r. uprowadzono do lasu i po przywi\u0105zaniu do dw\u00f3ch desek przeci\u0119to pi\u0142\u0105.<\/p>\r\n<p><strong>Znamiona kultu<\/strong><\/p>\r\n<p>Jednak nawet najbardziej heroiczne m\u0119cze\u0144stwo nie wystarcza, aby rozpocz\u0105\u0107 proces beatyfikacyjny. &#8211; Nie ka\u017cdego, kto zgin\u0105\u0142 z r\u0105k okupant\u00f3w, banderowc\u00f3w czy innej ma\u015bci niegodziwych ludzi, nawet gdy \u017cy\u0142 wielkimi idea\u0142ami chrze\u015bcija\u0144skimi, w\u0142\u0105cznie z patriotyzmem, mo\u017cna nazwa\u0107 m\u0119czennikiem w sensie prawnokanonicznym &#8211; zauwa\u017ca ks. dr hab. Tomasz Kaczmarek, g\u0142\u00f3wny postulator w procesie beatyfikacyjnym 108 m\u0119czennik\u00f3w II wojny \u015bwiatowej. &#8211; \u0179eby stwierdzi\u0107, czy s\u0105 to przypadki, kt\u00f3re si\u0119 kwalifikuj\u0105 pod k\u0105tem orzeczenia m\u0119cze\u0144stwa w sensie prawnokanonicznym, a nie og\u00f3lnym, trzeba by przeprowadzi\u0107 naprawd\u0119 solidne studia historyczne, dokona\u0107 studium motywacji, zbada\u0107, co za tym sta\u0142o. A poza tym s\u0105 jeszcze inne znaki z Nieba &#8211; czyli \u0142aski. Je\u017celi tego nie ma, kultu nie ma &#8211; to si\u0119 zamyka spraw\u0119.<\/p>\r\n<p>&#8211; Gdy weryfikuj\u0119 kandydat\u00f3w do procesu beatyfikacyjnego, nie interesuje mnie tylko ich \u017cyciorys i chwila \u015bmierci, ale te\u017c to, co si\u0119 dzia\u0142o po \u015bmierci &#8211; m\u00f3wi ks. dr Zdzis\u0142aw Jancewicz, postulator z O\u015brodka Dokumentacji Kanonizacyjnej w Drohiczynie, zajmuj\u0105cy si\u0119 przygotowaniem procesu beatyfikacyjnego M\u0119czennik\u00f3w Wschodu, do kt\u00f3rego wp\u0142yn\u0119\u0142y materia\u0142y dotycz\u0105ce m.in. ks. Ludwika Wrodarczyka, oblata zamordowanego przez band\u0119 UPA w 1943 roku. &#8211; W prasie cz\u0119sto zauwa\u017cam dok\u0142adnie odwrotny tok my\u015blenia i dzia\u0142ania; najpierw zr\u00f3bmy kogo\u015b \u015bwi\u0119tym, bo by\u0142 patriot\u0105 i zosta\u0142 zamordowany, a potem by\u0107 mo\u017ce pojawi si\u0119 kult. Nie, najpierw powinny by\u0107 jakie\u015b znamiona kultu co do takiej osoby i wtedy jest sens zastanawia\u0107 si\u0119 nad wszcz\u0119ciem procesu beatyfikacyjnego. <br \/>Niestety, trudno o liczne znamiona kultu w sytuacji, gdy zamordowani ksi\u0119\u017ca spoczywaj\u0105 w nieoznaczonym miejscu, a ich parafianie albo stracili \u017cycie razem z nimi, albo zostali wyp\u0119dzeni z rodzinnych stron i rozproszeni po Polsce i \u015bwiecie. A jednak i tak wielu kresowych ksi\u0119\u017cy m\u0119czennik\u00f3w doczeka\u0142o si\u0119 pewnych przejaw\u00f3w kultu.<\/p>\r\n<p>Wiele wskazuje na to, \u017ce po wyniesieniu na o\u0142tarze ofiar hitlerowc\u00f3w i bolszewik\u00f3w zbiorowy proces m\u0119czennik\u00f3w nacjonalizmu ukrai\u0144skiego, kt\u00f3ry by\u0142 odmian\u0105 faszyzmu bardzo zbli\u017con\u0105 do niemieckiego nazizmu, jest tylko kwesti\u0105 czasu. Aby przysz\u0142e procesy beatyfikacyjne mia\u0142y szanse powodzenia, warto zawczasu gromadzi\u0107 wszystkie materia\u0142y dotycz\u0105ce potencjalnych kandydat\u00f3w na o\u0142tarze. Cho\u0107 wiadomo, \u017ce ze spalonych polskich kresowych wiosek niewiele ocala\u0142o, wa\u017cne, aby nie pomin\u0105\u0107 jakichkolwiek dokument\u00f3w ko\u015bcielnych i \u015bwieckich. &#8211; Na razie trzeba ustala\u0107 jak najwi\u0119cej fakt\u00f3w, relacji, gromadzi\u0107 i zachowywa\u0107 dokumenty i \u015bwiadectwa, bo z pewno\u015bci\u0105 si\u0119 przydadz\u0105 &#8211; podkre\u015bla\u0142 wczoraj w rozmowie z nami ks. prof. Stanis\u0142aw Wilk, rektor KUL i historyk Ko\u015bcio\u0142a. W jego opinii, nie ma zasadniczych przeszk\u00f3d do wyniesienia na o\u0142tarze m\u0119czennik\u00f3w zamordowanych przez nacjonalist\u00f3w ukrai\u0144skich. &#8211; Jak do ka\u017cdego dobrego dzie\u0142a potrzebny jest w\u0142a\u015bciwy cz\u0142owiek, kt\u00f3ry to poprowadzi i wtedy rozwi\u0105\u017c\u0105 si\u0119 wszystkie pojawiaj\u0105ce si\u0119 dzisiaj trudno\u015bci &#8211; powiedzia\u0142 ksi\u0105dz rektor.<\/p>\r\n<p><em><strong>Adam Kruczek<\/strong><\/em><\/p>","protected":false},"excerpt":{"rendered":"Cho\u0107 gin\u0119li w straszliwych m\u0119czarniach, nieraz przed o\u0142tarzem w czasie Eucharystii, p\u0142ac\u0105c cen\u0119 \u017cycia za to, \u017ce nie opu\u015bcili swoich parafian w obliczu \u015bmiertelnego zagro\u017cenia, \u017caden z kresowych ksi\u0119\u017cy m\u0119czennik\u00f3w nie doczeka\u0142 si\u0119 jeszcze beatyfikacji. Znawcy prawa kanonizacyjnego wskazuj\u0105, \u017ce do wszcz\u0119cia rokuj\u0105cego nadzieje na pozytywny wynik procesu beatyfikacyjnego opr\u00f3cz \u015bwiadectwa m\u0119cze\u0144stwa za wiar\u0119 potrzebne [&hellip;]","protected":false},"author":1,"featured_media":0,"comment_status":"closed","ping_status":"closed","sticky":false,"template":"","format":"standard","meta":{"_acf_changed":false,"_monsterinsights_skip_tracking":false,"_monsterinsights_sitenote_active":false,"_monsterinsights_sitenote_note":"","_monsterinsights_sitenote_category":0,"ngg_post_thumbnail":0,"footnotes":"","_wp_rev_ctl_limit":""},"categories":[215],"tags":[188,50,17,59],"acf":[],"_links":{"self":[{"href":"https:\/\/www.bibula.com\/index.php?rest_route=\/wp\/v2\/posts\/46835"}],"collection":[{"href":"https:\/\/www.bibula.com\/index.php?rest_route=\/wp\/v2\/posts"}],"about":[{"href":"https:\/\/www.bibula.com\/index.php?rest_route=\/wp\/v2\/types\/post"}],"author":[{"embeddable":true,"href":"https:\/\/www.bibula.com\/index.php?rest_route=\/wp\/v2\/users\/1"}],"replies":[{"embeddable":true,"href":"https:\/\/www.bibula.com\/index.php?rest_route=%2Fwp%2Fv2%2Fcomments&post=46835"}],"version-history":[{"count":0,"href":"https:\/\/www.bibula.com\/index.php?rest_route=\/wp\/v2\/posts\/46835\/revisions"}],"wp:attachment":[{"href":"https:\/\/www.bibula.com\/index.php?rest_route=%2Fwp%2Fv2%2Fmedia&parent=46835"}],"wp:term":[{"taxonomy":"category","embeddable":true,"href":"https:\/\/www.bibula.com\/index.php?rest_route=%2Fwp%2Fv2%2Fcategories&post=46835"},{"taxonomy":"post_tag","embeddable":true,"href":"https:\/\/www.bibula.com\/index.php?rest_route=%2Fwp%2Fv2%2Ftags&post=46835"}],"curies":[{"name":"wp","href":"https:\/\/api.w.org\/{rel}","templated":true}]}}