{"id":46728,"date":"2011-11-04T17:06:11","date_gmt":"2011-11-04T22:06:11","guid":{"rendered":"http:\/\/www.bibula.com\/?p=46728"},"modified":"2011-11-04T17:06:11","modified_gmt":"2011-11-04T22:06:11","slug":"ze-wzgledow-oszczednosciowych-rzad-irlandii-zamyka-ambasade-przy-watykanie","status":"publish","type":"post","link":"https:\/\/www.bibula.com\/?p=46728","title":{"rendered":"&#8222;Ze wzgl\u0119d\u00f3w oszcz\u0119dno\u015bciowych&#8221; rz\u0105d Irlandii zamyka ambasad\u0119 przy Watykanie&#8230;"},"content":{"rendered":"<p><strong>Z wielkim smutkiem jeste\u015bmy zmuszeni zamkn\u0105\u0107 z powod\u00f3w ekonomicznych ambasad\u0119 Irlandii przy Stolicy Apostolskiej &#8211; poinformowa\u0142 wczoraj tamtejszy minister spraw zagranicznych Eamon Gilmore. Podobny los spotka\u0142 te\u017c plac\u00f3wki dyplomatyczne w Iranie i Timorze Wschodnim. Roczne utrzymanie tych trzech ambasad kosztowa\u0142o Irlandi\u0119 1 250 tys. euro. Jak wyja\u015bni\u0142 irlandzki MSZ, decyzja ta jest cz\u0119\u015bci\u0105 szerszego, wymuszonego kryzysem programu oszcz\u0119dno\u015bciowego w sektorze publicznym.<\/strong> <br \/><br \/>Zamkni\u0119cie ambasady w najmniejszym stopniu nie naruszy natomiast relacji dyplomatycznych ze Stolic\u0105 Apostolsk\u0105, kt\u00f3re Irlandia bardzo sobie ceni. Kraj ten nadal b\u0119dzie mie\u0107 swego ambasadora przy Watykanie, nie b\u0119dzie on jednak rezydowa\u0142 w Rzymie &#8211; zapewni\u0142 szef irlandzkiej dyplomacji. Dodajmy, \u017ce na mocy Traktat\u00f3w Latera\u0144skich ambasadorem przy Stolicy Apostolskiej nie mo\u017ce by\u0107 reprezentant danego kraju przy pa\u0144stwie w\u0142oskim.<br \/><br \/> Stolica Apostolska przyjmuje do wiadomo\u015bci decyzj\u0119 Irlandii &#8211; o\u015bwiadczy\u0142 watyka\u0144ski rzecznik ks. Federico Lombardii SJ. Oczywi\u015bcie ka\u017cdy kraj, w zale\u017cno\u015bci od swych mo\u017cliwo\u015bci i zainteresowa\u0144, ma prawo decydowa\u0107 o tym, czy jego ambasador b\u0119dzie rezydowa\u0142 w Rzymie, czy w innym kraju &#8211; czytamy w watyka\u0144skim o\u015bwiadczeniu. &#8211; Wa\u017cne s\u0105 same relacje dyplomatyczne, kt\u00f3rych Irlandia nie narusza &#8211; podkre\u015bli\u0142 ks. Lombardi.<br \/><br \/> W innym tonie zareagowa\u0142 natomiast prymas Irlandii. Kard. S\u00c3\u00a9an Brady wyrazi\u0142 g\u0142\u0119bokie rozczarowanie decyzj\u0105 rz\u0105du. Jego zdaniem \u015bwiadczy o lekcewa\u017ceniu roli Watykanu na arenie mi\u0119dzynarodowej oraz jego historycznych wi\u0119z\u00f3w z Irlandczykami. Kard. Brady przypomnia\u0142, \u017ce papieska dyplomacja jako jedna z pierwszych uzna\u0142a niepodleg\u0142o\u015b\u0107 Irlandii. Z kolei ambasada przy Stolicy Apostolskiej by\u0142a jedn\u0105 z pierwszych plac\u00f3wek dyplomatycznych tego kraju na \u015bwiecie. W \u00f3wczesnej dobie mia\u0142 on swoje przedstawicielstwo jedynie w Waszyngtonie, Londynie i przy Lidze Narod\u00f3w. Prymas Irlandii zaznaczy\u0142, \u017ce decyzj\u0105 rz\u0105du jest zawiedzionych wielu obywateli. Mam nadziej\u0119, \u017ce zostanie ona zrewidowana, jak tylko b\u0119dzie to mo\u017cliwe &#8211; o\u015bwiadczy\u0142 kard. Brady.<br \/><br \/>kb\/ rv, sir, reuter, cns<\/p>","protected":false},"excerpt":{"rendered":"Z wielkim smutkiem jeste\u015bmy zmuszeni zamkn\u0105\u0107 z powod\u00f3w ekonomicznych ambasad\u0119 Irlandii przy Stolicy Apostolskiej &#8211; poinformowa\u0142 wczoraj tamtejszy minister spraw zagranicznych Eamon Gilmore. Podobny los spotka\u0142 te\u017c plac\u00f3wki dyplomatyczne w Iranie i Timorze Wschodnim. Roczne utrzymanie tych trzech ambasad kosztowa\u0142o Irlandi\u0119 1 250 tys. euro. Jak wyja\u015bni\u0142 irlandzki MSZ, decyzja ta jest cz\u0119\u015bci\u0105 szerszego, wymuszonego [&hellip;]","protected":false},"author":1,"featured_media":0,"comment_status":"closed","ping_status":"closed","sticky":false,"template":"","format":"standard","meta":{"_acf_changed":false,"_monsterinsights_skip_tracking":false,"_monsterinsights_sitenote_active":false,"_monsterinsights_sitenote_note":"","_monsterinsights_sitenote_category":0,"ngg_post_thumbnail":0,"footnotes":"","_wp_rev_ctl_limit":""},"categories":[6],"tags":[132,41],"acf":[],"_links":{"self":[{"href":"https:\/\/www.bibula.com\/index.php?rest_route=\/wp\/v2\/posts\/46728"}],"collection":[{"href":"https:\/\/www.bibula.com\/index.php?rest_route=\/wp\/v2\/posts"}],"about":[{"href":"https:\/\/www.bibula.com\/index.php?rest_route=\/wp\/v2\/types\/post"}],"author":[{"embeddable":true,"href":"https:\/\/www.bibula.com\/index.php?rest_route=\/wp\/v2\/users\/1"}],"replies":[{"embeddable":true,"href":"https:\/\/www.bibula.com\/index.php?rest_route=%2Fwp%2Fv2%2Fcomments&post=46728"}],"version-history":[{"count":0,"href":"https:\/\/www.bibula.com\/index.php?rest_route=\/wp\/v2\/posts\/46728\/revisions"}],"wp:attachment":[{"href":"https:\/\/www.bibula.com\/index.php?rest_route=%2Fwp%2Fv2%2Fmedia&parent=46728"}],"wp:term":[{"taxonomy":"category","embeddable":true,"href":"https:\/\/www.bibula.com\/index.php?rest_route=%2Fwp%2Fv2%2Fcategories&post=46728"},{"taxonomy":"post_tag","embeddable":true,"href":"https:\/\/www.bibula.com\/index.php?rest_route=%2Fwp%2Fv2%2Ftags&post=46728"}],"curies":[{"name":"wp","href":"https:\/\/api.w.org\/{rel}","templated":true}]}}