{"id":46630,"date":"2011-11-02T08:23:52","date_gmt":"2011-11-02T13:23:52","guid":{"rendered":"http:\/\/www.bibula.com\/?p=46630"},"modified":"2011-11-02T08:23:52","modified_gmt":"2011-11-02T13:23:52","slug":"michnik-rozmnaza-%e2%80%9eneofaszystow%e2%80%9d-stanislaw-michalkiewicz","status":"publish","type":"post","link":"https:\/\/www.bibula.com\/?p=46630","title":{"rendered":"Michnik rozmna\u017ca \u201eneofaszyst\u00f3w&#8221; &#8211; <em>Stanis\u0142aw Michalkiewicz<\/em>"},"content":{"rendered":"<p>\u201e<em>Gazeta Wyborcza<\/em>\u201d pisze o \u201e<em>neofaszystach<\/em>\u201d, kt\u00f3rzy 11 listopada wezm\u0105 udzia\u0142 w Marszu Niepodleg\u0142o\u015bci. Najwyra\u017aniej \u015bcis\u0142e kierownictwo \u201e<em>GW<\/em>\u201d, zgodnie z leninowskim przykazaniem, by prasa pe\u0142ni\u0142a funkcj\u0119 organizatorsk\u0105, odpowiada na tak zwane \u201e<em>spo\u0142eczne zam\u00f3wienie<\/em>\u201d. Nietrudno domy\u015bli\u0107 si\u0119 &#8211; jakie. Polska i Polacy co najmniej od 20 lat s\u0105 obiektem dw\u00f3ch polityk historycznych: niemieckiej i \u017cydowskiej, kt\u00f3re od pewnego momentu s\u0105 ze sob\u0105 \u015bci\u015ble skoordynowane i prowadz\u0105 do tego samego celu. Niemiecka polityka historyczna zmierza do stopniowego zdejmowania z Niemiec i narodu niemieckiego odpowiedzialno\u015bci za zbrodnie II wojny \u015bwiatowej i przerzucania jej na winowajc\u0119 zast\u0119pczego, na kt\u00f3rego wytypowana zosta\u0142a Polska.<\/p>\r\n<p>\u017bydowska polityka historyczna r\u00f3wnie\u017c jest nakierowana na przerzucanie odpowiedzialno\u015bci na winowajc\u0119 zast\u0119pczego, bo w przeciwnym razie \u017cydowskie organizacje przemys\u0142u holokaustu i Izrael m\u00f3g\u0142by utraci\u0107 niezwykle lukratywny status ofiary &#8211; zw\u0142aszcza po wynalezieniu przez p. Szewacha Weissa nowej formu\u0142y eksploatacyjnej. Pan Weiss wykombinowa\u0142 sobie, \u017ce ci, kt\u00f3rzy zostali zamordowani, to jedno &#8211; ale ilu\u017c \u017byd\u00f3w si\u0119 na skutek tego nie urodzi\u0142o! Przy takim podej\u015bciu jest oczywiste, \u017ce liczba ofiar holokaustu b\u0119dzie z dziesi\u0119ciolecia na dziesi\u0119ciolecie ros\u0142a w post\u0119pie geometrycznym, zapewniaj\u0105c \u017cydowskim organizacjom przemys\u0142u holokaustu i Izraelowi dochody z eksploatacji zbrodni Hitlera.<\/p>\r\n<p>Trzeba tylko znale\u017a\u0107 dla tego przemys\u0142u poz\u00f3r moralnego uzasadnienia &#8211; no a temu celowi s\u0142u\u017cy wynajdowanie \u201e<em>neofaszyst\u00f3w<\/em>\u201d w Polsce pod ka\u017cdym krzakiem. Tak wielka liczba \u201e<em>neofaszyst\u00f3w<\/em>\u201d wymaga wzi\u0119cia Polski pod polityczn\u0105 kuratel\u0119 &#8211; niemieck\u0105 i \u017cydowsk\u0105, bo w przeciwnym razie pozostawieni samopas Polacy ZNOWU zrobi\u0105 co\u015b okropnego. No a to juz wprost wychodzi naprzeciw zar\u00f3wno zaprojektowanemu przez Niemcy scenariuszowi rozbiorowemu, jak i Judeopolonii, kt\u00f3r\u0105 trzeba zawczasu zorganizowa\u0107 na wypadek, gdyby n a Bliskim Wschodzie mi\u0142uj\u0105cemu pok\u00f3j Izraelowi z s\u0105siadami co\u015b posz\u0142o nie tak. Nic zatem dziwnego, \u017ce w tej sytuacji szczeg\u00f3ln\u0105 irytacj\u0119 zar\u00f3wno \u017byd\u00f3w, jak i kolaboruj\u0105cych z nimi tubylczych szabesgoj\u00f3w budzi w\u0142a\u015bnie Marsz Niepodleg\u0142o\u015bci &#8211; bo po co mniej warto\u015bciowemu narodowi polskiemu niepodleg\u0142o\u015b\u0107?<\/p>\r\n<p><strong><em>Stanis\u0142aw Michalkiewicz<\/em><\/strong><\/p>\r\n<p>Komentarz \u00a0<strong>\u2022<\/strong>\u00a0 \u201eDziennik Polski\u201d (Krak\u00f3w) \u00a0<strong>\u2022<\/strong>\u00a0 2 listopada 2011<\/p>\r\n<p><em>Sta\u0142e komentarze Stanis\u0142awa Michalkiewicza ukazuj\u0105 si\u0119 w \u201eDzienniku Polskim\u201d (Krak\u00f3w).<\/em><\/p>","protected":false},"excerpt":{"rendered":"\u201eGazeta Wyborcza\u201d pisze o \u201eneofaszystach\u201d, kt\u00f3rzy 11 listopada wezm\u0105 udzia\u0142 w Marszu Niepodleg\u0142o\u015bci. Najwyra\u017aniej \u015bcis\u0142e kierownictwo \u201eGW\u201d, zgodnie z leninowskim przykazaniem, by prasa pe\u0142ni\u0142a funkcj\u0119 organizatorsk\u0105, odpowiada na tak zwane \u201espo\u0142eczne zam\u00f3wienie\u201d. Nietrudno domy\u015bli\u0107 si\u0119 &#8211; jakie. Polska i Polacy co najmniej od 20 lat s\u0105 obiektem dw\u00f3ch polityk historycznych: niemieckiej i \u017cydowskiej, kt\u00f3re od [&hellip;]","protected":false},"author":1,"featured_media":0,"comment_status":"closed","ping_status":"closed","sticky":false,"template":"","format":"standard","meta":{"_acf_changed":false,"_monsterinsights_skip_tracking":false,"_monsterinsights_sitenote_active":false,"_monsterinsights_sitenote_note":"","_monsterinsights_sitenote_category":0,"ngg_post_thumbnail":0,"footnotes":"","_wp_rev_ctl_limit":""},"categories":[9],"tags":[65,166,22,53,59],"acf":[],"_links":{"self":[{"href":"https:\/\/www.bibula.com\/index.php?rest_route=\/wp\/v2\/posts\/46630"}],"collection":[{"href":"https:\/\/www.bibula.com\/index.php?rest_route=\/wp\/v2\/posts"}],"about":[{"href":"https:\/\/www.bibula.com\/index.php?rest_route=\/wp\/v2\/types\/post"}],"author":[{"embeddable":true,"href":"https:\/\/www.bibula.com\/index.php?rest_route=\/wp\/v2\/users\/1"}],"replies":[{"embeddable":true,"href":"https:\/\/www.bibula.com\/index.php?rest_route=%2Fwp%2Fv2%2Fcomments&post=46630"}],"version-history":[{"count":0,"href":"https:\/\/www.bibula.com\/index.php?rest_route=\/wp\/v2\/posts\/46630\/revisions"}],"wp:attachment":[{"href":"https:\/\/www.bibula.com\/index.php?rest_route=%2Fwp%2Fv2%2Fmedia&parent=46630"}],"wp:term":[{"taxonomy":"category","embeddable":true,"href":"https:\/\/www.bibula.com\/index.php?rest_route=%2Fwp%2Fv2%2Fcategories&post=46630"},{"taxonomy":"post_tag","embeddable":true,"href":"https:\/\/www.bibula.com\/index.php?rest_route=%2Fwp%2Fv2%2Ftags&post=46630"}],"curies":[{"name":"wp","href":"https:\/\/api.w.org\/{rel}","templated":true}]}}