{"id":45284,"date":"2011-10-08T18:22:04","date_gmt":"2011-10-08T23:22:04","guid":{"rendered":"http:\/\/www.bibula.com\/?p=45284"},"modified":"2012-01-25T17:28:22","modified_gmt":"2012-01-25T22:28:22","slug":"poczet-kresowych-meczennikow","status":"publish","type":"post","link":"https:\/\/www.bibula.com\/?p=45284","title":{"rendered":"Poczet kresowych m\u0119czennik\u00f3w"},"content":{"rendered":"<p><strong>Dokumenty dotycz\u0105ce ks. Ludwika Wrodarczyka, zamordowanego przez ukrai\u0144skich nacjonalist\u00f3w, trafi\u0142y do O\u015brodka Dokumentacji Kanonizacyjnej w Drohiczynie, zajmuj\u0105cego si\u0119 przygotowaniem procesu beatyfikacyjnego M\u0119czennik\u00f3w Wschodu. Zabezpieczane s\u0105 te\u017c materia\u0142y w sprawie s. Longiny Trudzi\u0144skiej. To pierwsze ofiary OUN-UPA, potencjalni kandydaci na o\u0142tarze.<\/strong><\/p>\r\n<p><img decoding=\"async\" class=\"alignleft\" style=\"margin: 10px;\" src=\"http:\/\/www.radiomaryja.pl\/z_artykuly\/wrodarczyk_trudzinska.jpg\" alt=\"\" width=\"250\" height=\"170\" align=\"left\" \/> Misjonarze Oblaci Maryi Niepokalanej ju\u017c od 20 lat gromadz\u0105 dokumentacj\u0119 dotycz\u0105c\u0105 ks. Ludwika Wrodarczyka, proboszcza parafii Okopy w diecezji \u0142uckiej. W 1943 r. w czasie napadu oddzia\u0142u UPA pozosta\u0142 do ko\u0144ca w ko\u015bciele, by chroni\u0107 Naj\u015bwi\u0119tszy Sakrament przed profanacj\u0105. Banderowcy wyci\u0105gn\u0119li go ze \u015bwi\u0105tyni, przewie\u017ali do pobliskiej wsi Karpi\u0142\u00f3wka i poddali wymy\u015blnym torturom. Istniej\u0105 rozbie\u017cne wersje tego, w jaki spos\u00f3b zadano mu \u015bmier\u0107. Jedna m\u00f3wi o cz\u0119\u015bciowym przeci\u0119ciu pi\u0142\u0105 i zastrzeleniu. Druga o wyrwaniu z rozci\u0119tej piersi bij\u0105cego jeszcze serca, kt\u00f3re nadziano na szyd\u0142o, by sprawdzi\u0107, jak d\u0142ugo b\u0119dzie pulsowa\u0142o.<\/p>\r\n<p>Cho\u0107 kap\u0142an zgin\u0105\u0142 na Kresach, arcybiskup katowicki zgodzi\u0142 si\u0119 prowadzi\u0107 proces w swojej diecezji. Oblaci opracowali histori\u0119 \u017cycia ks. Wrodarczyka, czyli positio historica, i zebrali wszelkie mo\u017cliwe \u015bwiadectwa. &#8211; Dla nas to ewidentne, \u017ce zgin\u0105\u0142 dlatego, i\u017c by\u0142 kap\u0142anem katolickim, czyli za wiar\u0119, jako \u015bwiadek Chrystusa &#8211; wskazuje o. Ryszard Szmydki OMI, prowincja\u0142 Polskiej Prowincji Misjonarzy Oblat\u00f3w Maryi Niepokalanej. &#8211; Ale zdajemy sobie spraw\u0119, \u017ce istotna jest tu kwestia motywacji, a to sprawa z\u0142o\u017cona &#8211; dodaje. <br \/>Zgromadzenie oblat\u00f3w stara si\u0119 o w\u0142\u0105czenie sprawy ks. Wrodarczyka do procesu beatyfikacyjnego M\u0119czennik\u00f3w Wschodu prowadzonego w Drohiczynie, do kt\u00f3rego kilka miesi\u0119cy temu trafi\u0142a dokumentacja. Teraz oblaci czekaj\u0105 na odpowied\u017a.<\/p>\r\n<p>Czy proces obejmie r\u00f3wnie\u017c ofiary zbrodni nacjonalist\u00f3w ukrai\u0144skich? Na to pytanie ks. dr Zdzis\u0142aw Jancewicz, postulator z O\u015brodka Dokumentacji Kanonizacyjnej w Drohiczynie, zajmuj\u0105cy si\u0119 przygotowaniem procesu beatyfikacyjnego M\u0119czennik\u00f3w Wschodu, nie mo\u017ce jeszcze jednoznacznie odpowiedzie\u0107.<\/p>\r\n<p>W przypadku <strong>siostry Longiny Trudzi\u0144skiej<\/strong> materia\u0142y do procesu beatyfikacyjnego zbieraj\u0105 siostry ze Zgromadzenia S\u0142u\u017cebniczek Naj\u015bwi\u0119tszej Maryi Panny Niepokalanie Pocz\u0119tej.<br \/>W maju 1944 r. siostra Longina wraz z o\u015bmioma kilkunastoletnimi ch\u0142opcami zosta\u0142a zatrzymana podczas ratowania sprz\u0119tu liturgicznego z podpalonego ko\u015bcio\u0142a w Malicach (obecna diecezja zamojsko-lubaczowska). Po nocy sp\u0119dzonej w budynku policji ukrai\u0144skiej siostr\u0119 wraz z siedmioma ch\u0142opcami (jeden, pochodzenia ukrai\u0144skiego, zosta\u0142 zwolniony) rozstrzelano w pobliskim lesie w Sahryniu. W 1975 r. szcz\u0105tki siostry i jej podopiecznych ekshumowano i przeniesiono do domu generalnego zgromadzenia w Starej Wsi ko\u0142o Brzozowa.<\/p>\r\n<p>&#8211; Je\u015bli ruszy proces beatyfikacyjny ofiar nacjonalist\u00f3w ukrai\u0144skich, to wtedy jak najbardziej do\u0142\u0105czymy si\u0119 &#8211; m\u00f3wi w rozmowie z &#8222;Naszym Dziennikiem&#8221; s. Ma\u0142gorzata z domu generalnego si\u00f3str s\u0142u\u017cebniczek w Starej Wsi k. Brzozowa. &#8211; Na razie zabezpieczamy dokumentacj\u0119. Mo\u017cna powiedzie\u0107, \u017ce sprawa jest na etapie rozeznawania, przygotowywania i czekania na stosowny moment. Zdaniem si\u00f3str s\u0142u\u017cebniczek, beatyfikacja ofiar nacjonalizmu ukrai\u0144skiego jest tylko kwesti\u0105 czasu.<\/p>\r\n<p>&#8211; Kap\u0142ani na Kresach bardzo cz\u0119sto mieli mo\u017cliwo\u015b\u0107 wyjazdu w bezpieczniejsze strony. Ale ze wzgl\u0119du na dobro duszpasterskie ludzi, kt\u00f3rzy te\u017c byli nara\u017ceni, zostawali. A dobry pasterz pozostaje z owcami do ko\u0144ca &#8211; to niezaprzeczalnie jest motyw wiary i dlatego w tym przypadku s\u0105 du\u017ce szanse na beatyfikacj\u0119 &#8211; argumentuje s. Ma\u0142gorzata. &#8211; Mo\u017ce trzeba jeszcze troch\u0119 dystansu czasowego, \u017ceby to jako\u015b dojrza\u0142o, ale my\u015bl\u0119, \u017ce Pan B\u00f3g sobie z tym poradzi, tak jak z Andrzejem Bobol\u0105, Jozafatem Kuncewiczem czy m\u0119czennikami z Pratulina &#8211; zapewnia siostra.<\/p>\r\n<p>O otwartej drodze na o\u0142tarze ofiar bolszewik\u00f3w \u015bwiadczy r\u00f3wnie\u017c zapocz\u0105tkowany w 2007 r. w diecezji warmi\u0144skiej proces beatyfikacyjny dotycz\u0105cy m\u0119czennik\u00f3w drugiej wojny \u015bwiatowej &#8211; ofiar hitleryzmu i komunizmu. Chodzi o 28 ksi\u0119\u017cy warmi\u0144skich, jedn\u0105 siostr\u0119 zakonn\u0105 oraz 5 os\u00f3b \u015bwieckich. Ogromna wi\u0119kszo\u015b\u0107 z nich zosta\u0142a zamordowana przez sowieckich \u017co\u0142nierzy w 1945 roku. <br \/>Na trudno\u015bci zwi\u0105zane z mo\u017cliwo\u015bci\u0105 w\u0142\u0105czenia do procesu beatyfikacyjnego M\u0119czennik\u00f3w Wschodu &#8211; ofiar zbrodni banderowskich, wskazuje ks. prof. Roman Dzwonkowski SAC, znawca dziej\u00f3w Ko\u015bcio\u0142a na Wschodzie. &#8211; W przypadku ksi\u0119\u017cy, kt\u00f3rzy gin\u0119li z r\u0105k komunist\u00f3w, motyw by\u0142 jasny. Jakkolwiek pojawia\u0142 si\u0119 tam r\u00f3wnie\u017c motyw narodowy, to jednak g\u0142\u00f3wnym motywem by\u0142a w\u0142a\u015bnie ich nienawi\u015b\u0107 do wiary &#8211; t\u0142umaczy ksi\u0105dz profesor. &#8211; W przypadku ofiar nacjonalist\u00f3w ukrai\u0144skich nie jest to takie oczywiste &#8211; dodaje.<\/p>\r\n<p>Ale czy integralny nacjonalizm Dmytra Doncowa le\u017c\u0105cy u pod\u0142o\u017ca ludob\u00f3jstwa OUN-UPA na Kresach tak bardzo odbiega\u0142 od hitleryzmu i bolszewizmu, kt\u00f3re uznane ju\u017c zosta\u0142y za prze\u015bladowc\u00f3w wiary?<br \/>Zmar\u0142y kilka lat temu prof. Wiktor Poliszczuk, znawca nacjonalizmu ukrai\u0144skiego, zdiagnozowa\u0142 daleko id\u0105ce podobie\u0144stwa mi\u0119dzy obiema ideologiami. &#8222;Faszyzm (nazizm) i nacjonalizm ukrai\u0144ski, a tak\u017ce bolszewizm zasadza\u0142y si\u0119 na \u015bwiatopogl\u0105dach odrzucaj\u0105cych istnienie Boga. Z t\u0105 jednak r\u00f3\u017cnic\u0105, \u017ce faszyzm (nazizm) i nacjonalizm ukrai\u0144ski wychodzi\u0142y z zasady idealistycznie pojmowanej woli, a bolszewizm z ateistycznego materializmu&#8221; &#8211; pisa\u0142 w swojej dysertacji doktorskiej.<\/p>\r\n<p>Na przeszkodzie beatyfikacjom ofiar UPA mo\u017ce dzi\u015b stan\u0105\u0107 splot nabrzmia\u0142ych i niewyja\u015bnionych do ko\u0144ca polsko-ukrai\u0144skich historycznych zasz\u0142o\u015bci. Przy inicjacji tego typu proces\u00f3w liczy si\u0119 tzw. walor eklezjalny. Je\u015bli sprawa nie b\u0119dzie mia\u0142a charakteru starannie przygotowanego procesu og\u00f3lnopolskiego, jak w przypadku beatyfikacji ofiar hitleryzmu czy komunizmu, istnieje du\u017ce prawdopodobie\u0144stwo, \u017ce nie zako\u0144czy si\u0119 powodzeniem, bo zostanie zawetowana przy u\u017cyciu argumentu, \u017ce na Kresach nie dochodzi\u0142o do m\u0119cze\u0144stwa za wiar\u0119, tylko z powod\u00f3w narodowo\u015bciowych.<\/p>\r\n<p><em><strong>Adam Kruczek<\/strong><\/em><\/p>","protected":false},"excerpt":{"rendered":"Dokumenty dotycz\u0105ce ks. Ludwika Wrodarczyka, zamordowanego przez ukrai\u0144skich nacjonalist\u00f3w, trafi\u0142y do O\u015brodka Dokumentacji Kanonizacyjnej w Drohiczynie, zajmuj\u0105cego si\u0119 przygotowaniem procesu beatyfikacyjnego M\u0119czennik\u00f3w Wschodu. Zabezpieczane s\u0105 te\u017c materia\u0142y w sprawie s. Longiny Trudzi\u0144skiej. To pierwsze ofiary OUN-UPA, potencjalni kandydaci na o\u0142tarze. Misjonarze Oblaci Maryi Niepokalanej ju\u017c od 20 lat gromadz\u0105 dokumentacj\u0119 dotycz\u0105c\u0105 ks. Ludwika Wrodarczyka, proboszcza [&hellip;]","protected":false},"author":1,"featured_media":0,"comment_status":"closed","ping_status":"closed","sticky":false,"template":"","format":"standard","meta":{"_acf_changed":false,"_monsterinsights_skip_tracking":false,"_monsterinsights_sitenote_active":false,"_monsterinsights_sitenote_note":"","_monsterinsights_sitenote_category":0,"ngg_post_thumbnail":0,"footnotes":"","_wp_rev_ctl_limit":""},"categories":[215,9],"tags":[132,188,50,17],"acf":[],"_links":{"self":[{"href":"https:\/\/www.bibula.com\/index.php?rest_route=\/wp\/v2\/posts\/45284"}],"collection":[{"href":"https:\/\/www.bibula.com\/index.php?rest_route=\/wp\/v2\/posts"}],"about":[{"href":"https:\/\/www.bibula.com\/index.php?rest_route=\/wp\/v2\/types\/post"}],"author":[{"embeddable":true,"href":"https:\/\/www.bibula.com\/index.php?rest_route=\/wp\/v2\/users\/1"}],"replies":[{"embeddable":true,"href":"https:\/\/www.bibula.com\/index.php?rest_route=%2Fwp%2Fv2%2Fcomments&post=45284"}],"version-history":[{"count":0,"href":"https:\/\/www.bibula.com\/index.php?rest_route=\/wp\/v2\/posts\/45284\/revisions"}],"wp:attachment":[{"href":"https:\/\/www.bibula.com\/index.php?rest_route=%2Fwp%2Fv2%2Fmedia&parent=45284"}],"wp:term":[{"taxonomy":"category","embeddable":true,"href":"https:\/\/www.bibula.com\/index.php?rest_route=%2Fwp%2Fv2%2Fcategories&post=45284"},{"taxonomy":"post_tag","embeddable":true,"href":"https:\/\/www.bibula.com\/index.php?rest_route=%2Fwp%2Fv2%2Ftags&post=45284"}],"curies":[{"name":"wp","href":"https:\/\/api.w.org\/{rel}","templated":true}]}}