{"id":45218,"date":"2011-10-06T21:02:36","date_gmt":"2011-10-07T02:02:36","guid":{"rendered":"http:\/\/www.bibula.com\/?p=45218"},"modified":"2011-10-06T21:02:36","modified_gmt":"2011-10-07T02:02:36","slug":"a-jednak-tusk-vision-network","status":"publish","type":"post","link":"https:\/\/www.bibula.com\/?p=45218","title":{"rendered":"A jednak Tusk Vision Network"},"content":{"rendered":"<p><strong>Media w Polsce zdecydowanie korzystniej i cz\u0119\u015bciej pokazuj\u0105 Platform\u0119 Obywatelsk\u0105 oraz jej lidera, Donalda Tuska. Z najwi\u0119ksz\u0105 krytyk\u0105 spotyka si\u0119 PiS i Jaros\u0142aw Kaczy\u0144ski. To nie wyniki bada\u0144 PiSowskich analityk\u00f3w, ale raport Fundacji im. Stefana Batorego. Jej pracownicy kolejny raz udowadniaj\u0105, \u017ce polskie media s\u0105 upolitycznione. <\/strong><\/p>\r\n<p>Z raportu <strong>Fundacji im. Batorego<\/strong> wynika, \u017ce w pozytywnym \u015bwietle najcz\u0119\u015bciej pokazywany jest lider PO Donald Tusk. A\u017c jedna pi\u0105ta materia\u0142\u00f3w dotycz\u0105cych premiera ma zabarwienie korzystne dla niego. Najbardziej przyjazne szefowi PO s\u0105 \u201eFakty\u201d TVN.<\/p>\r\n<p>Na drugim biegunie znajduje si\u0119 prezes PiS, <strong>Jaros\u0142aw Kaczy\u0144ski<\/strong>. O nim media m\u00f3wi\u0142y pozytywne jedynie przez p\u00f3\u0142 procenta po\u015bwi\u0119conego mu czasu. Najbardziej negatywnie szefa najwi\u0119kszej partii opozycyjnej pokazywa\u0142y r\u00f3wnie\u017c \u201eFakty\u201d. Co ciekawe analiza przekaz\u00f3w TVNu r\u00f3\u017cni si\u0119 znacz\u0105co od program\u00f3w Polsatu i TVP. Serwisy informacyjne tych stacji pokazywa\u0142y lider\u00f3w PO oraz PiS g\u0142\u00f3wnie neutralnie.<\/p>\r\n<p>Przechy\u0142em medialnym na korzy\u015b\u0107 <strong>Platformy Obywatelskiej <\/strong>nie jest zdziwiony Wiktor \u015awietlik. Publicysta zaznacza, \u017ce <em>\u201eta asymetria jest oczywista, ka\u017cdy j\u0105 zauwa\u017ca\u201d.<\/em> \u201e<em>Ona jest ra\u017c\u0105ca, bardzo uwidoczni\u0142o si\u0119 to w obecnej kampanii wyborczej. Zdecydowana wi\u0119kszo\u015b\u0107 medi\u00f3w stan\u0119\u0142o po jednej stronie\u201d <\/em>&#8211; t\u0142umaczy w rozmowie z portalem Stefczyk.info.<\/p>\r\n<p>Nasz rozm\u00f3wca zaznacza, \u017ce raporty dotycz\u0105ce przekaz\u00f3w medialnych na og\u00f3\u0142 nie pokazuj\u0105 w ca\u0142o\u015bci przewagi, jak\u0105 ma ob\u00f3z liberalny. <em>\u201eRaporty dotycz\u0105 na og\u00f3\u0142 czasu po\u015bwi\u0119conego poszczeg\u00f3lnym partiom oraz temu, jak kogo media pokazuj\u0105. Jednak wa\u017cne jest r\u00f3wnie\u017c, \u017ce to co u PiSu urasta do rangi strasznej zbrodni, w przypadku Platformy przechodzi g\u0142adko\u201d <\/em>&#8211; m\u00f3wi \u015awietlik. Zaznacza, \u017ce jest przekonany, \u017ce <em>\u201egdyby to PiS wyprodukowa\u0142 tak agresywny spot, jaki zrobi\u0142a ostatnio Platforma, na parti\u0119 t\u0119 posypa\u0142y si\u0119 gromy\u201d.<\/em> <em>\u201eWtedy zapewne mieliby\u015bmy do czynienia z jak\u0105\u015b akcj\u0105 \u015brodowiska dziennikarskiego\u201d<\/em> &#8211; zaznacza. Obecnie jednak skandaliczny spot nie spotka\u0142 si\u0119 z \u017cadn\u0105 reakcj\u0105.<\/p>\r\n<p>Wiktor \u015awietlik zauwa\u017ca, \u017ce PO jest dzi\u015b <em>\u201esilna si\u0142\u0105 poparcia, jakiego udzielaj\u0105 jej media\u201d<\/em>. Publicysta zaznacza, \u017ce przechy\u0142 lewicowy widoczny jest w mediach na ca\u0142ym \u015bwiecie.<em> \u201ePartie konserwatywne zawsze maj\u0105 przechlapane. Mainstremowe media i \u015brodowiska intelektualne z regu\u0142y wspieraj\u0105 si\u0142y liberalne i lewicowe. Wy\u0142omem s\u0105 jedynie tabloidy, ale nie zmienia to faktu, \u017ce w wi\u0119kszo\u015bci media popieraj\u0105 nurt liberalno-lewicowy\u201d <\/em>&#8211; t\u0142umaczy rozm\u00f3wca Stefczyk.info.<\/p>\r\n<p>sa\u017c<\/p>","protected":false},"excerpt":{"rendered":"Media w Polsce zdecydowanie korzystniej i cz\u0119\u015bciej pokazuj\u0105 Platform\u0119 Obywatelsk\u0105 oraz jej lidera, Donalda Tuska. Z najwi\u0119ksz\u0105 krytyk\u0105 spotyka si\u0119 PiS i Jaros\u0142aw Kaczy\u0144ski. To nie wyniki bada\u0144 PiSowskich analityk\u00f3w, ale raport Fundacji im. Stefana Batorego. Jej pracownicy kolejny raz udowadniaj\u0105, \u017ce polskie media s\u0105 upolitycznione. Z raportu Fundacji im. Batorego wynika, \u017ce w pozytywnym [&hellip;]","protected":false},"author":1,"featured_media":0,"comment_status":"closed","ping_status":"closed","sticky":false,"template":"","format":"standard","meta":{"_acf_changed":false,"_monsterinsights_skip_tracking":false,"_monsterinsights_sitenote_active":false,"_monsterinsights_sitenote_note":"","_monsterinsights_sitenote_category":0,"ngg_post_thumbnail":0,"footnotes":"","_wp_rev_ctl_limit":""},"categories":[8],"tags":[98,159,20],"acf":[],"_links":{"self":[{"href":"https:\/\/www.bibula.com\/index.php?rest_route=\/wp\/v2\/posts\/45218"}],"collection":[{"href":"https:\/\/www.bibula.com\/index.php?rest_route=\/wp\/v2\/posts"}],"about":[{"href":"https:\/\/www.bibula.com\/index.php?rest_route=\/wp\/v2\/types\/post"}],"author":[{"embeddable":true,"href":"https:\/\/www.bibula.com\/index.php?rest_route=\/wp\/v2\/users\/1"}],"replies":[{"embeddable":true,"href":"https:\/\/www.bibula.com\/index.php?rest_route=%2Fwp%2Fv2%2Fcomments&post=45218"}],"version-history":[{"count":0,"href":"https:\/\/www.bibula.com\/index.php?rest_route=\/wp\/v2\/posts\/45218\/revisions"}],"wp:attachment":[{"href":"https:\/\/www.bibula.com\/index.php?rest_route=%2Fwp%2Fv2%2Fmedia&parent=45218"}],"wp:term":[{"taxonomy":"category","embeddable":true,"href":"https:\/\/www.bibula.com\/index.php?rest_route=%2Fwp%2Fv2%2Fcategories&post=45218"},{"taxonomy":"post_tag","embeddable":true,"href":"https:\/\/www.bibula.com\/index.php?rest_route=%2Fwp%2Fv2%2Ftags&post=45218"}],"curies":[{"name":"wp","href":"https:\/\/api.w.org\/{rel}","templated":true}]}}