{"id":45051,"date":"2011-10-06T11:43:07","date_gmt":"2011-10-06T16:43:07","guid":{"rendered":"http:\/\/www.bibula.com\/?p=45051"},"modified":"2011-10-06T11:43:07","modified_gmt":"2011-10-06T16:43:07","slug":"w-neapolu-tez-stanie-wielki-meczet","status":"publish","type":"post","link":"https:\/\/www.bibula.com\/?p=45051","title":{"rendered":"W Neapolu te\u017c stanie Wielki Meczet"},"content":{"rendered":"<p><strong>Wkr\u00f3tce r\u00f3wnie\u017c Neapol b\u0119dzie posiada\u0142 Wielki Meczet dla \u201edu\u017cej spo\u0142eczno\u015bci muzu\u0142ma\u0144skiej\u201d. Burmistrz Luigi De Magistris og\u0142osi\u0142, \u017ce wskazanie odpowiedniego terenu pod budow\u0119 nast\u0105pi \u201edo ko\u0144ca roku\u201d. <\/strong><\/p>\r\n<p>Jak podaje agencja ANSA, meczet w Neapolu wkr\u00f3tce stanie si\u0119 rzeczywisto\u015bci\u0105 i muzu\u0142manie mieszkaj\u0105cy w tym mie\u015bcie b\u0119d\u0105 si\u0119 zbiera\u0107 w du\u017co wi\u0119kszej budowli w por\u00f3wnaniu do obecnego meczetu w pobli\u017cu Piazza Mercato w Isabella d\u2019Este Art Institute. Meczet ten mo\u017ce pomie\u015bci\u0107 600-700 os\u00f3b, ale modlitwy pi\u0105tkowe gromadz\u0105 oko\u0142o 1500. \u201eWielu musi si\u0119 modli\u0107 na ulicy\u201d, wyja\u015bnia Gentile Agostino, imam meczetu przy Piazza Mercato. Wierni utrudniaj\u0105 doj\u015bcie do wielu sklep\u00f3w w okolicy, przez co powstaj\u0105 napi\u0119cia pomi\u0119dzy muzu\u0142manami i mieszka\u0144cami dzielnicy.<\/p>\r\n<p>Miasto ma zbada\u0107 sytuacj\u0119 pod k\u0105tem dalszego wykorzystywania obecnego meczetu lub budowy nowego. \u201eOba pomys\u0142y zostan\u0105 rozpatrzone\u201d, potwierdzi\u0142 przedstawiciel Ratusza.<br \/>Informacj\u0119 przyj\u0119\u0142o z zadowoleniem zwierzchnictwo diecezji Neapol. W siedzibie arcybiskupa Neapolu przy Largo Donnaregina przypomina si\u0119 o intensywnej pracy kardyna\u0142a Crescenzio Sepe na rzecz dialogu mi\u0119dzy religiami i o tym, \u017ce Neapol by\u0142 gospodarzem spotkania wsp\u00f3lnot religijnych w 2007 roku.<\/p>\r\n<p>Budowa meczetu jest tylko cz\u0119\u015bci\u0105 programu, kt\u00f3ry obejmuje r\u00f3wnie\u017c otwarcie muzu\u0142ma\u0144skiego cmentarza. Plan burmistrza De Magistris obejmuje jednak wszystkie religie; planowane jest otwarcie centrum konferencyjnego dla r\u00f3\u017cnych wyzna\u0144. Trwaj\u0105 r\u00f3wnie\u017c przygotowania do planowanej w Neapolu konferencji z udzia\u0142em wszystkich ruch\u00f3w, kt\u00f3re uczestnicz\u0105 w Arabskiej Wio\u015bnie.<\/p>\r\n<p><em>Oprac. PJ<\/em><br \/><em>\u0179r\u00f3d\u0142o: http:\/\/www.ansamed.info\/en\/news\/ME.XEF25201.html<\/em><\/p>","protected":false},"excerpt":{"rendered":"Wkr\u00f3tce r\u00f3wnie\u017c Neapol b\u0119dzie posiada\u0142 Wielki Meczet dla \u201edu\u017cej spo\u0142eczno\u015bci muzu\u0142ma\u0144skiej\u201d. Burmistrz Luigi De Magistris og\u0142osi\u0142, \u017ce wskazanie odpowiedniego terenu pod budow\u0119 nast\u0105pi \u201edo ko\u0144ca roku\u201d. Jak podaje agencja ANSA, meczet w Neapolu wkr\u00f3tce stanie si\u0119 rzeczywisto\u015bci\u0105 i muzu\u0142manie mieszkaj\u0105cy w tym mie\u015bcie b\u0119d\u0105 si\u0119 zbiera\u0107 w du\u017co wi\u0119kszej budowli w por\u00f3wnaniu do obecnego meczetu [&hellip;]","protected":false},"author":3,"featured_media":0,"comment_status":"closed","ping_status":"closed","sticky":false,"template":"","format":"standard","meta":{"_acf_changed":false,"_monsterinsights_skip_tracking":false,"_monsterinsights_sitenote_active":false,"_monsterinsights_sitenote_note":"","_monsterinsights_sitenote_category":0,"ngg_post_thumbnail":0,"footnotes":"","_wp_rev_ctl_limit":""},"categories":[6],"tags":[70],"acf":[],"_links":{"self":[{"href":"https:\/\/www.bibula.com\/index.php?rest_route=\/wp\/v2\/posts\/45051"}],"collection":[{"href":"https:\/\/www.bibula.com\/index.php?rest_route=\/wp\/v2\/posts"}],"about":[{"href":"https:\/\/www.bibula.com\/index.php?rest_route=\/wp\/v2\/types\/post"}],"author":[{"embeddable":true,"href":"https:\/\/www.bibula.com\/index.php?rest_route=\/wp\/v2\/users\/3"}],"replies":[{"embeddable":true,"href":"https:\/\/www.bibula.com\/index.php?rest_route=%2Fwp%2Fv2%2Fcomments&post=45051"}],"version-history":[{"count":0,"href":"https:\/\/www.bibula.com\/index.php?rest_route=\/wp\/v2\/posts\/45051\/revisions"}],"wp:attachment":[{"href":"https:\/\/www.bibula.com\/index.php?rest_route=%2Fwp%2Fv2%2Fmedia&parent=45051"}],"wp:term":[{"taxonomy":"category","embeddable":true,"href":"https:\/\/www.bibula.com\/index.php?rest_route=%2Fwp%2Fv2%2Fcategories&post=45051"},{"taxonomy":"post_tag","embeddable":true,"href":"https:\/\/www.bibula.com\/index.php?rest_route=%2Fwp%2Fv2%2Ftags&post=45051"}],"curies":[{"name":"wp","href":"https:\/\/api.w.org\/{rel}","templated":true}]}}