{"id":44725,"date":"2011-10-02T19:11:32","date_gmt":"2011-10-03T00:11:32","guid":{"rendered":"http:\/\/www.bibula.com\/?p=44725"},"modified":"2012-07-19T14:59:49","modified_gmt":"2012-07-19T19:59:49","slug":"sad-za-nawracanie-zydow-3-lata-wiezienia-za-modlitwe-piusa-v","status":"publish","type":"post","link":"https:\/\/www.bibula.com\/?p=44725","title":{"rendered":"S\u0105d za nawracanie \u017byd\u00f3w! 3 lata wi\u0119zienia za modlitw\u0119 Piusa V?"},"content":{"rendered":"<p>19 pa\u017adziernika 2011 r. o godz. 9.00 w sali III w S\u0105dzie Rejonowym w Hrubieszowie odb\u0119dzie si\u0119 rozprawa przeciwko Arkadiuszowi \u0141ygasowi fa\u0142szywie oskar\u017conemu o zniewa\u017cenie narodu \u017cydowskiego. \u0141ygas, narodowiec z Zamo\u015bcia od kilku lat jest s\u0105dzony i prze\u015bladowany przez wymiar sprawiedliwo\u015bci. Zarzuca mu si\u0119, \u017ce kilka lat temu rozwiesi\u0142 w Hrubieszowie (woj. lubelskie) plakaty z tre\u015bci\u0105 modlitwy Papie\u017ca Piusa V o nawr\u00f3cenie \u017byd\u00f3w. Zdaniem prokuratury zawarte w niej s\u0142owa \u201ewiaro\u0142omni \u017bydzi\u201d i \u201elud za\u015blepiony\u201d autorstwa Papie\u017ca wyczerpuj\u0105 dyspozycj\u0119 art. 257 kodeksu karnego! Plakaty zawieraj\u0105ce tradycyjn\u0105 modlitw\u0105 &#8222;Pro perfidi Judaeis\u201d zawis\u0142y m.in. w Che\u0142mie i Hrubieszowie.<\/p>\r\n<p>Ten absurdalny proces i dr\u0119czenie niewinnego cz\u0142owieka ma miejsce w sytuacji, gdy niejaki Nergal nie tylko jest uniewinniany, ale i jest sowicie wynagradzany z naszych podatk\u00f3w, jako telewizyjny celebryta. Apelujemy o wsparcie Arkadiusza \u0141ygasa poprzez udzia\u0142 w jego procesie w charakterze publiczno\u015bci. Rozprawa jest jawna, wst\u0119p wolny.<\/p>\r\n<p><strong>Przypominamy tre\u015b\u0107 &#8222;kontrowersyjnej\u201d modlitwy (&#8222;Modlitwa za \u017cyd\u00f3w z liturgii Wielkiego Pi\u0105tku wg msza\u0142u \u015bw. Piusa V):<\/strong><\/p>\r\n<blockquote>\r\n<p><a href=\"http:\/\/nczas.home.pl\/wp-content\/uploads\/2011\/10\/plakat-nawrocienie-zydow.jpg\"><img fetchpriority=\"high\" decoding=\"async\" class=\"alignleft\" style=\"margin: 10px;\" title=\"plakat-nawrocienie-zydow\" src=\"http:\/\/nczas.home.pl\/wp-content\/uploads\/2011\/10\/plakat-nawrocienie-zydow-216x300.jpg\" alt=\"\" width=\"216\" height=\"300\" align=\"left\" \/><\/a>&#8222;M\u00f3dlmy si\u0119 za \u017cyd\u00f3w wiaro\u0142omnych<br \/> aby B\u00f3g i Pan nasz zdar\u0142 zas\u0142on\u0119<br \/> z ich serc, i\u017cby i oni poznali<br \/> Jezusa Chrystusa Pana naszego.<br \/> M\u00f3dlmy si\u0119: Wszechmocny wiekuisty Bo\u017ce,<br \/> kt\u00f3ry od mi\u0142osierdzia Twego nawet<br \/> \u017byd\u00f3w wiaro\u0142omnych nie odrzuci\u0142:<br \/> wys\u0142uchaj mod\u0142y nasze za ten lud<br \/> za\u015blepiony, aby wreszcie, poznawszy<br \/> \u015bwiat\u0142o prawdy, kt\u00f3rym jest Chrystus,<br \/> z ciemno\u015bci swoich zosta\u0142 wybawiony.<br \/> Przez Tego\u017c Chrystusa Pana naszego. Amen.\u201d<\/p>\r\n<p>&nbsp;<\/p>\r\n<p>&nbsp;<\/p>\r\n<p>&nbsp;<\/p>\r\n<p>&nbsp;<\/p>\r\n<\/blockquote>","protected":false},"excerpt":{"rendered":"19 pa\u017adziernika 2011 r. o godz. 9.00 w sali III w S\u0105dzie Rejonowym w Hrubieszowie odb\u0119dzie si\u0119 rozprawa przeciwko Arkadiuszowi \u0141ygasowi fa\u0142szywie oskar\u017conemu o zniewa\u017cenie narodu \u017cydowskiego. \u0141ygas, narodowiec z Zamo\u015bcia od kilku lat jest s\u0105dzony i prze\u015bladowany przez wymiar sprawiedliwo\u015bci. Zarzuca mu si\u0119, \u017ce kilka lat temu rozwiesi\u0142 w Hrubieszowie (woj. lubelskie) plakaty z [&hellip;]","protected":false},"author":1,"featured_media":0,"comment_status":"closed","ping_status":"closed","sticky":false,"template":"","format":"standard","meta":{"_acf_changed":false,"_monsterinsights_skip_tracking":false,"_monsterinsights_sitenote_active":false,"_monsterinsights_sitenote_note":"","_monsterinsights_sitenote_category":0,"ngg_post_thumbnail":0,"footnotes":"","_wp_rev_ctl_limit":""},"categories":[8],"tags":[132,222,98,101,169],"acf":[],"_links":{"self":[{"href":"https:\/\/www.bibula.com\/index.php?rest_route=\/wp\/v2\/posts\/44725"}],"collection":[{"href":"https:\/\/www.bibula.com\/index.php?rest_route=\/wp\/v2\/posts"}],"about":[{"href":"https:\/\/www.bibula.com\/index.php?rest_route=\/wp\/v2\/types\/post"}],"author":[{"embeddable":true,"href":"https:\/\/www.bibula.com\/index.php?rest_route=\/wp\/v2\/users\/1"}],"replies":[{"embeddable":true,"href":"https:\/\/www.bibula.com\/index.php?rest_route=%2Fwp%2Fv2%2Fcomments&post=44725"}],"version-history":[{"count":0,"href":"https:\/\/www.bibula.com\/index.php?rest_route=\/wp\/v2\/posts\/44725\/revisions"}],"wp:attachment":[{"href":"https:\/\/www.bibula.com\/index.php?rest_route=%2Fwp%2Fv2%2Fmedia&parent=44725"}],"wp:term":[{"taxonomy":"category","embeddable":true,"href":"https:\/\/www.bibula.com\/index.php?rest_route=%2Fwp%2Fv2%2Fcategories&post=44725"},{"taxonomy":"post_tag","embeddable":true,"href":"https:\/\/www.bibula.com\/index.php?rest_route=%2Fwp%2Fv2%2Ftags&post=44725"}],"curies":[{"name":"wp","href":"https:\/\/api.w.org\/{rel}","templated":true}]}}