{"id":447,"date":"2006-07-05T00:00:00","date_gmt":"2006-07-05T00:00:00","guid":{"rendered":""},"modified":"-0001-11-30T00:00:00","modified_gmt":"-0001-11-30T04:00:00","slug":"","status":"publish","type":"post","link":"https:\/\/www.bibula.com\/?p=447","title":{"rendered":"Polska bije \u017byd\u00f3w? &#8211; <em>Romuald Bury<\/em>"},"content":{"rendered":"<p>Rezolucja Parlamentu Europejskiego, w kt\u00f3rej wymienia si\u0119 m.in.  Polsk\u0119 jako kraj, w kt\u00f3rym nast\u0105pi\u0142 &#8222;wzrost nietolerancji&#8221;,  antysemityzmu, w kt\u00f3rym stale dochodzi od &#8222;antysemickich incydent\u00f3w&#8221;,  jest dla nas bardzo powa\u017cnym ostrze\u017ceniem. Jeste\u015bmy coraz mniej u  siebie, wi\u0119c to nie my b\u0119dziemy ocenia\u0107 sytuacj\u0119, ale dostaniemy gotowe  oceny z zewn\u0105trz i rejestr \u015brodk\u00f3w i czynno\u015bci zaradczych, jakie  b\u0119dziemy musieli podj\u0105\u0107, aby przywr\u00f3ci\u0107 porz\u0105dek w Warszawie (i w ca\u0142ym  kraju). Dziwnym trafem sprawa ta wyp\u0142yn\u0119\u0142a akurat teraz, gdy coraz  g\u0142o\u015bniej m\u00f3wi si\u0119 o &#8222;odszkodowaniach&#8221; dla \u017byd\u00f3w, jakie powinni\u015bmy im  zap\u0142aci\u0107 &#8211; no w\u0142a\u015bnie, za co? &#8211; za skutki II wojny \u015bwiatowej.<\/p>\r\n<p><br \/>\r\n  <br \/>\r\n  W  wyniku wielkiej wojny znaczna cz\u0119\u015b\u0107 europejskich \u017byd\u00f3w uleg\u0142a  zag\u0142adzie. Sta\u0142o si\u0119 to g\u0142\u00f3wnie na ziemiach polskich, okupowanych przez  niemieckich nazist\u00f3w. Przyczyna by\u0142a prosta &#8211; skoro tu by\u0142y najwi\u0119ksze  skupiska ludno\u015bci \u017cydowskiej, to Niemcy, znani ze swego pragmatyzmu, tu  w\u0142a\u015bnie zorganizowali znaczn\u0105 cz\u0119\u015b\u0107 oboz\u00f3w zag\u0142ady i oboz\u00f3w  koncentracyjnych. Dzi\u015b \u015bwiatowe media (jakoby tak bezwiednie, bez  \u017cadnej istotnej przyczyny) notorycznie pisz\u0105 o &#8222;polskich obozach  zag\u0142ady&#8221;. Akcja wymuszania sprostowa\u0144 i zaprzestania publikowania tak  k\u0142amliwych okre\u015ble\u0144, przynosi znikome rezultaty.<br \/>\r\n  <br \/>\r\n  <strong>Trudno odr\u00f3\u017cni\u0107 sprawc\u0119 od ofiary?<\/strong><br \/>\r\n  Znacznie  wi\u0119kszym dramatem jest jednak to, \u017ce w \u015bwiatowych mediach od dawna  Polacy nie istniej\u0105 jako ofiary II wojny \u015bwiatowej. Nie istniej\u0105 te\u017c  inni &#8211; liczy si\u0119 tylko holokaust, jego ofiary i jego sprawcy. O ile ci  pierwsi s\u0105 jednoznacznie kojarzeni, t\u0105 drug\u0105 kategori\u0105 mo\u017cna prawie  dowolnie manipulowa\u0107. St\u0105d si\u0119 bior\u0105 publikacje (nawet aspiruj\u0105ce do  naukowych), \u017ce skoro Polacy byli \u015bwiadkami, to w istocie s\u0105  wsp\u00f3\u0142odpowiedzialni i powinni ca\u0142y czas t\u0142uc si\u0119 w piersi i  przeprasza\u0107. A przede wszystkim &#8211; p\u0142aci\u0107, bo nie ma w tym racji  moralnych, licz\u0105 si\u0119 tylko materialne.<\/p>\r\n<table width=\"300\" border=\"0\" align=\"right\" cellspacing=\"2\">\r\n  <tr>\r\n    <th scope=\"col\"><br \/>\r\n      <table align=\"right\" border=\"0\" width=\"250\">\r\n        <tbody>\r\n          <tr>\r\n            <td class=\"content\"><img decoding=\"async\" src=\"http:\/\/www.polskiejutro.com\/img\/216polityka.jpg\" alt=\"\" border=\"0\" height=\"166\" width=\"250\" \/><br \/>\r\n              Fot. chabad<br \/>\r\n              Proceder  eskalacji oskar\u017ce\u0144 wobec Polski trwa nadal. Dzi\u015b jeste\u015bmy postrzegani  przez pryzmat bie\u017c\u0105cych, sensacyjnych informacji, pojawiaj\u0105cych si\u0119  falami w \u015bwiatowej prasie. Mo\u017cna si\u0119 spodziewa\u0107, \u017ce na rezolucji  Parlamentu Europejskiego si\u0119 nie sko\u0144czy. Jest to psychoza terroru  moralnego, poddawanie nas psychicznej szykanie, przy pomijaniu reali\u00f3w  i ca\u0142ego kontekstu sytuacyjnego. A\u017c strach si\u0119 ba\u0107, co b\u0119dzie dalej. <br \/>\r\n              Na  zdj\u0119ciu od lewej: Rabin Yona Metzger (G\u0142\u00f3wny rabin \u017byd\u00f3w  Aszkenazyjskich), Rabin Ghershon Mendel Garelik, Rabin Shlomo Amar  (G\u0142\u00f3wny rabin \u017byd\u00f3w Sefardyjskich), Rabin Abraham Hazan.<\/td>\r\n          <\/tr>\r\n        <\/tbody>\r\n      <\/table>\r\n    <\/th>\r\n  <\/tr>\r\n<\/table>\r\n<p><br \/>\r\n  Kolejnym dramatem jest to, \u017ce  nie potrafimy si\u0119 przed tym broni\u0107. Co wi\u0119cej, czym bardziej otwieramy  si\u0119 na postulaty strony \u017cydowskiej, tym bardziej jej apetyty rosn\u0105.  Dzi\u015b m\u00f3wi si\u0119 ju\u017c o kilkudziesi\u0119ciu miliardach dolar\u00f3w (oko\u0142o 65 mld  USD) odszkodowa\u0144. Sum\u0119 t\u0119 powinni\u015bmy zap\u0142aci\u0107 chocia\u017cby za rzekomo  przej\u0119te mienie \u017cydowskie (place, budynki itp.), ale zapomina si\u0119, \u017ce  to nie Polacy wyw\u0142aszczali \u017byd\u00f3w, tylko Niemcy, oni mieli z tego tytu\u0142u  okre\u015blone profity i oni te\u017c wyp\u0142acili za to \u017bydom olbrzymi\u0105  kontrybucj\u0119, si\u0119gaj\u0105c\u0105 dziesi\u0105tk\u00f3w miliard\u00f3w dolar\u00f3w.<br \/>\r\n  To si\u0119 Niemcom  op\u0142aci\u0142o &#8211; dzi\u015b w \u015bwiatowych mediach nie ma Niemc\u00f3w jako sprawc\u00f3w tych  zbrodni, s\u0105 natomiast nieokre\u015bleni &#8222;nazi\u015bci&#8221;, kt\u00f3rzy dzia\u0142ali w  &#8222;polskich obozach koncentracyjnych&#8221;. Taka zbitka powoduje, \u017ce  przeci\u0119tny Amerykanin kojarzy to w ten spos\u00f3b, jakoby to Polacy byli  tymi nazistami &#8211; bo skoro obozy by\u0142y &#8222;polskie&#8221;, to winni s\u0105 Polacy.<br \/>\r\n  <br \/>\r\n  <strong>K\u0142amstwa i dra\u0144stwa<\/strong><br \/>\r\n  Im  dalej od wojny, tym o takie manipulacje \u0142atwiej. Wymieraj\u0105 ostatni  \u015bwiadkowie, zostaj\u0105 wi\u0119c manipulatorzy, specjali\u015bci od tandetnej  propagandy, kt\u00f3rzy pod przykrywk\u0105 nauki (w istocie &#8211; pseudonauki)  pomijaj\u0105 podstawowe fakty a wyk\u0142adni\u0119 tego okresu dziej\u00f3w opieraj\u0105 o  reinterpretacj\u0119 relacji i wspomnie\u0144, pojmowanych bardzo specyficznie.  Dzi\u015b obraz Polski okresu wojennego, wytworzony na tzw. Zachodzie  (pojmowanym bardzo szeroko) jest szokuj\u0105cy. Przeci\u0119tny odbiorca  program\u00f3w informacyjnych, opiniotw\u00f3rczej prasy i r\u00f3\u017cnego rodzaju debat  jest przekonany, \u017ce skoro obozy zag\u0142ady by\u0142y &#8222;polskie&#8221;, to organizowali  je i rz\u0105dzili w nich Polacy. Nie s\u0105 to wymys\u0142y kilku ostatnich lat &#8211;  ju\u017c kilka lat po wojnie ruszy\u0142a taka propaganda, ale wtedy byli\u015bmy  odci\u0119ci od \u015bwiata \u017celazn\u0105 kurtyn\u0105, ponadto traktowano to jako oczywiste  bzdury, z kt\u00f3rymi nie ma co nawet polemizowa\u0107. Dzi\u015b jest inaczej.  &#346;wiadk\u00f3w prawie nie ma (a je\u015bli s\u0105, to nagle zaczynaj\u0105 sobie  przypomina\u0107 to, czego przez kilkadziesi\u0105t lat nie wiedzieli),  dokument\u00f3w nie czyta zwyk\u0142y \u015bmiertelnik, bo uwa\u017ca, \u017ce nie s\u0105 mu do  niczego potrzebne, a ci\u0119\u017car obja\u015bniania wszystkiego wzi\u0119\u0142y na siebie  samozwa\u0144cze autorytety. <br \/>\r\n  Nie ma takiego k\u0142amstwa i dra\u0144stwa,  kt\u00f3rego us\u0142u\u017cni propagandzi\u015bci nie ponie\u015bliby ochoczo i z m\u0142odzie\u0144czym  entuzjazmem w lud. Mamy przyk\u0142ad tw\u00f3rczej dzia\u0142alno\u015bci na tym polu  chocia\u017cby ks. Micha\u0142a Czajkowskiego, kt\u00f3ry w niezliczonych programach  telewizyjnych i radiowych zawsze obja\u015bnia\u0142 te sprawy tylko z jednego  punktu widzenia, cho\u0107 tak naprawd\u0119 nie zna\u0142 ich i nie rozumia\u0142, czego  stale dawa\u0142 kompromituj\u0105ce dowody. Co wi\u0119cej &#8211; propagandowe publikacje  z g\u00f3ry &#8222;s\u0105 skazane&#8221; na presti\u017cowe nagrody, cho\u0107 nie spe\u0142niaj\u0105 og\u00f3lnie  przyj\u0119tych norm przyzwoito\u015bci warsztatu badawczego i umiej\u0119tno\u015bci  pos\u0142ugiwania si\u0119 \u017ar\u00f3d\u0142ami. Tak by\u0142o przyk\u0142adowo z zak\u0142aman\u0105 ksi\u0105\u017ck\u0105  Anny Bikont &#8222;My z Jedwabnego&#8221;. Gdy profesjonalni historycy ujawnili  (przy zupe\u0142nie innej okazji), \u017ce jej g\u0142\u00f3wni bohaterowie i  dostarczyciele odpowiednich relacji i wspomnie\u0144 byli tajnymi  wsp\u00f3\u0142pracownikami Urz\u0119du Bezpiecze\u0144stwa i wydawali w r\u0119ce UB dzia\u0142aczy  i \u017co\u0142nierzy podziemia niepodleg\u0142o\u015bciowego &#8211; Bikont zdoby\u0142a si\u0119 tylko na  wyzwiska pod ich adresem, nie weryfikuj\u0105c swych s\u0105d\u00f3w, zawartych w  ksi\u0105\u017cce.<br \/>\r\n  Inny autorytet tych \u015brodowisk, ks. Stanis\u0142aw Musia\u0142  wymy\u015bli\u0142, \u017ce nowym synonimem Auschwitz powinno by\u0107 Jedwabne. Przy  aplauzie zainteresowanych, ma si\u0119 rozumie\u0107.<br \/>\r\n  <br \/>\r\n  <strong>Pogromy w Polsce by\u0142y, s\u0105 i b\u0119d\u0105?<\/strong><br \/>\r\n  Ale  to wszystko ma\u0142o. Potrzebna jest odpowiednia atmosfera, \u017ce opisywane  wydarzenia maj\u0105 charakter nie tylko historyczny. St\u0105d bior\u0105 si\u0119 coraz  cz\u0119\u015bciej k\u0142amliwe publikacje, \u017ce w II RP \u017bydzi byli skrajnie  prze\u015bladowani i nie mogli po prostu normalnie \u017cy\u0107. W ten spos\u00f3b narasta  przekonanie, \u017ce Polska wytworzy\u0142a klimat, sprzyjaj\u0105cy holokaustowi. Z  drugiej strony ma to s\u0142u\u017cy\u0107 tezie, \u017ce znana postawa mniejszo\u015bci  \u017cydowskiej na Kresach w latach 1939-1941 (z niewielkimi wyj\u0105tkami by\u0142o  to ca\u0142kowite i czynne poparcie dla sowieckiej okupacji) wynika\u0142a z tego  w\u0142a\u015bnie faktu i \u017bydzi byli do tego uprawnieni. Tak\u0105 tez\u0119 postawi\u0142  os\u0142awiony Jan Tomasz Gross i szybko podchwycili to nast\u0119pni  propagandzi\u015bci.<br \/>\r\n  Co wi\u0119cej, musi by\u0107 te\u017c projekcja &#8211; skoro Polacy  tacy byli przed wojn\u0105, podczas wojny i okupacji, to przecie\u017c nie mogli  si\u0119 nagle zmieni\u0107 tu\u017c po wojnie. St\u0105d idzie nast\u0119pne przekonanie, \u017ce w  Polsce w pierwszych latach po zako\u0144czeniu dzia\u0142a\u0144 wojennych dokona\u0142 si\u0119  akt ostatni holokaustu, czego symbolem by\u0142y wydarzenia w Kielcach  (&#8222;pogrom kielecki&#8221;). Dzi\u015b wiemy, \u017ce pierwsze strza\u0142y oddali \u017bydzi  (nale\u017cy pami\u0119ta\u0107, \u017ce Polakom za posiadanie broni grozi\u0142a w\u00f3wczas kara  \u015bmierci), nie by\u0142o pogromowych t\u0142um\u00f3w, licz\u0105cych tysi\u0105ce, czy cho\u0107by  setki ludzi, \u017ce rola w\u0142adz bezpiecze\u0144stwa, administracji, w\u0142adz  partyjnych i wojskowych by\u0142a co najmniej podejrzana (przez wiele godzin  wstrzymywa\u0142y si\u0119 przed jak\u0105kolwiek interwencj\u0105) i w wyj\u0105tkowo  po\u015bpiesznym trybie skazano na \u015bmier\u0107 niewinnych ludzi &#8211; to wszystko nie  ma \u017cadnego znaczenia. Mogli\u015bmy si\u0119 przekona\u0107 cho\u0107by ostatnio, \u017ce mo\u017cna  tego w og\u00f3le nie bra\u0107 pod uwag\u0119 (vide pseudohistoryczne i pseudomoralne  eseje Adama Michnika w &#8222;Gazecie Wyborczej&#8221; na ten temat).<br \/>\r\n  Prost\u0105  konsekwencj\u0105 takiej wizji jest t\u0142umaczenie masowej emigracji setek  tysi\u0119cy \u017byd\u00f3w z kraj\u00f3w Europy Wschodniej (w tym z Polski), gdzie jakoby  nie by\u0142o dla nich miejsca. I nic to, \u017ce pozostawali oni w  komunistycznym aparacie administracyjnym, partyjnym a we w\u0142adzach  bezpiecze\u0144stwa stanowili ca\u0142kiem poka\u017an\u0105 (jak na znikom\u0105 mniejszo\u015b\u0107)  grup\u0119, licz\u0105c\u0105 ponad 37 procent funkcjonariuszy (od szczebla naczelnika  w g\u00f3r\u0119).<br \/>\r\n  <br \/>\r\n  <strong>Ubek bez narodowo\u015bci<\/strong><br \/>\r\n  Co wi\u0119cej, dosz\u0142o do  idiotycznej, ale skutecznej politycznie i propagandowo reinterpretacji  definicji narodowo\u015bci funkcjonariuszy UB &#8211; niekt\u00f3rzy naukowcy i  publicy\u015bci twierdz\u0105 bowiem, \u017ce ubek, jako komunista, po prostu  przestawa\u0142 by\u0107 \u017bydem. Wprawdzie p\u00f3\u017aniej m\u00f3g\u0142 sobie powr\u00f3ci\u0107 do  narodowo\u015bci, ale to ju\u017c nie ma znaczenia w ocenie jego dzia\u0142alno\u015bci. Co  wi\u0119cej, je\u015bli funkcjonariusz UB zosta\u0142 zabity przez podziemie, lub  zgin\u0105\u0142 w walce podczas pacyfikacji polskiej wsi itp. &#8211; ponownie stawa\u0142  si\u0119 ofiar\u0105 i mo\u017ce by\u0107 zaliczony na konto &#8222;polskiego antysemityzmu&#8221;.<br \/>\r\n  Tu  na marginesie nale\u017cy doda\u0107, \u017ce to mo\u017ce by\u0107 na przysz\u0142o\u015b\u0107 (ca\u0142kiem  nieodleg\u0142\u0105) kapitalny argument dla Niemc\u00f3w, kt\u00f3rzy te\u017c mog\u0105 przecie\u017c  powiedzie\u0107, \u017ce nazista przestawa\u0142 by\u0107 Niemcem. A p\u00f3\u017aniej, po  powierzchownej denazyfikacji pozosta\u0142o\u015bci po III Rzeszy, ca\u0142kiem  spokojnie m\u00f3g\u0142 powr\u00f3ci\u0107 do swej narodowo\u015bci.<br \/>\r\n  <br \/>\r\n  <strong>Strach si\u0119 ba\u0107<\/strong><br \/>\r\n  Proceder  eskalacji oskar\u017ce\u0144 wobec Polski trwa nadal. Dzi\u015b jeste\u015bmy postrzegani  przez pryzmat bie\u017c\u0105cych, sensacyjnych informacji, pojawiaj\u0105cych si\u0119  falami w \u015bwiatowej prasie. A wi\u0119c w Polsce wsp\u00f3\u0142czesnej p\u0142on\u0105 synagogi,  rabini s\u0105 atakowani i bici na ulicach, szczeg\u00f3lnie w bia\u0142y dzie\u0144 (i  traktowani niezidentyfikowanym gazem), zwykli \u017bydzi boj\u0105 si\u0119 wyj\u015b\u0107 na  ulic\u0119, bo stale spotykaj\u0105 si\u0119 z szykanami i prze\u015bladowaniami. Prasa  publikuje dramatyczne listy zastraszonych i prze\u015bladowanych obywateli  pochodzenia \u017cydowskiego, kt\u00f3rzy uskar\u017caj\u0105 si\u0119 na sw\u00f3j dramatyczny los.  Mo\u017cna si\u0119 spodziewa\u0107, \u017ce na rezolucji Parlamentu Europejskiego si\u0119 nie  sko\u0144czy. S\u0105 przecie\u017c formalne powody do bardziej stanowczej  interwencji, by\u0107 mo\u017ce z jakim\u015b zarz\u0105dem komisarycznym nad Polsk\u0105  w\u0142\u0105cznie.<br \/>\r\n  Jest to psychoza terroru moralnego, poddawanie nas  psychicznej szykanie, przy pomijaniu reali\u00f3w i ca\u0142ego kontekstu  sytuacyjnego. A\u017c strach si\u0119 ba\u0107, co b\u0119dzie dalej.<br \/>\r\n  <br \/>\r\n  <strong>**   **   **<\/strong><br \/>\r\n  W  Polsce po 1989 roku zabito kilkunastu ksi\u0119\u017cy, zniszczono i okrutnie  zdemolowano co najmniej kilkadziesi\u0105t katolickich cmentarzy. Katolicy  s\u0105 stale i w plugawy spos\u00f3b wydrwiwani, atakowane s\u0105 nasze najbardziej  czu\u0142e miejsca. Przoduje w tym tygodnik Jerzego Urbacha vel Urbana  &#8222;Nie&#8221;, ale wt\u00f3ruj\u0105 mu i pomagaj\u0105 inne organy prasowe i wcale nie s\u0105 to  skrajne brukowce. Nawet nie mo\u017cna sobie wyobrazi\u0107 sytuacji odwrotnej,  \u017ce jakie\u015b polskie gazety w analogiczny spos\u00f3b atakuj\u0105 judaizm, jako  taki i \u017c\u0105daj\u0105 jego &#8222;demokratyzacji&#8221; i g\u0142\u0119bokich &#8222;reform&#8221;. \u017be  przedstawiciele nurtu religijnego s\u0105 publicznie wykpiwani i pi\u0119tnowani,  jako przedstawiciele &#8222;ciemnogrodu&#8221;. <br \/>\r\n  Nie oszukujmy si\u0119 chodzi tu  mi\u0119dzy innymi o pieni\u0105dze. Polska jest teraz g\u0142\u00f3wnym podmiotem \u017c\u0105da\u0144  sp\u0142aty gigantycznych &#8222;odszkodowa\u0144&#8221;, szacowanych (przez \u017c\u0105daj\u0105cych)  nawet na 65 miliard\u00f3w dolar\u00f3w. Ale nie tylko pieni\u0105dze s\u0105 tu wa\u017cne.  Mamy by\u0107 koz\u0142em ofiarnym, na kt\u00f3rego mo\u017cna by\u0142o zrzuci\u0107 wszystkie swoje  Kozio\u0142 ma to do siebie, \u017ce nie umie si\u0119 broni\u0107. My powinni\u015bmy.<\/p>\r\n<p><strong><em>Romuald Bury<\/em><\/strong><\/p>\r\n<p>polskiejutro.com <em>Tygodnik internetowy<\/em><br \/>\r\nnr 217-218 \r\n[3-10.07.2006]<\/p>\r\n<p><BR \/>\r\n<\/p>\r\n<p>&nbsp;<\/p>\r\n\r\n","protected":false},"excerpt":{"rendered":"Rezolucja Parlamentu Europejskiego, w kt\u00f3rej wymienia si\u0119 m.in. Polsk\u0119 jako kraj, w kt\u00f3rym nast\u0105pi\u0142 &#8222;wzrost nietolerancji&#8221;, antysemityzmu, w kt\u00f3rym stale dochodzi od &#8222;antysemickich incydent\u00f3w&#8221;, jest dla nas bardzo powa\u017cnym ostrze\u017ceniem. Jeste\u015bmy coraz mniej u siebie, wi\u0119c to nie my b\u0119dziemy ocenia\u0107 sytuacj\u0119, ale dostaniemy gotowe oceny z zewn\u0105trz i rejestr \u015brodk\u00f3w i czynno\u015bci zaradczych, jakie [&hellip;]","protected":false},"author":1,"featured_media":0,"comment_status":"closed","ping_status":"open","sticky":false,"template":"","format":"standard","meta":{"_acf_changed":false,"_monsterinsights_skip_tracking":false,"_monsterinsights_sitenote_active":false,"_monsterinsights_sitenote_note":"","_monsterinsights_sitenote_category":0,"ngg_post_thumbnail":0,"footnotes":"","_wp_rev_ctl_limit":""},"categories":[9],"tags":[],"acf":[],"_links":{"self":[{"href":"https:\/\/www.bibula.com\/index.php?rest_route=\/wp\/v2\/posts\/447"}],"collection":[{"href":"https:\/\/www.bibula.com\/index.php?rest_route=\/wp\/v2\/posts"}],"about":[{"href":"https:\/\/www.bibula.com\/index.php?rest_route=\/wp\/v2\/types\/post"}],"author":[{"embeddable":true,"href":"https:\/\/www.bibula.com\/index.php?rest_route=\/wp\/v2\/users\/1"}],"replies":[{"embeddable":true,"href":"https:\/\/www.bibula.com\/index.php?rest_route=%2Fwp%2Fv2%2Fcomments&post=447"}],"version-history":[{"count":0,"href":"https:\/\/www.bibula.com\/index.php?rest_route=\/wp\/v2\/posts\/447\/revisions"}],"wp:attachment":[{"href":"https:\/\/www.bibula.com\/index.php?rest_route=%2Fwp%2Fv2%2Fmedia&parent=447"}],"wp:term":[{"taxonomy":"category","embeddable":true,"href":"https:\/\/www.bibula.com\/index.php?rest_route=%2Fwp%2Fv2%2Fcategories&post=447"},{"taxonomy":"post_tag","embeddable":true,"href":"https:\/\/www.bibula.com\/index.php?rest_route=%2Fwp%2Fv2%2Ftags&post=447"}],"curies":[{"name":"wp","href":"https:\/\/api.w.org\/{rel}","templated":true}]}}