{"id":44633,"date":"2011-09-30T11:29:41","date_gmt":"2011-09-30T16:29:41","guid":{"rendered":"http:\/\/www.bibula.com\/?p=44633"},"modified":"2011-09-30T11:34:48","modified_gmt":"2011-09-30T16:34:48","slug":"szef-watykanskiej-dyplomacji-w-nowym-jorku-jedynym-ratunkiem-dla-swiata-jest-chrystus","status":"publish","type":"post","link":"https:\/\/www.bibula.com\/?p=44633","title":{"rendered":"Szef watyka\u0144skiej dyplomacji w Nowym Jorku: jedynym ratunkiem dla \u015bwiata jest Chrystus"},"content":{"rendered":"<p><strong>W naszym \u015bwiecie z\u0142o jest wszechobecne, ale to nie do niego b\u0119dzie nale\u017ca\u0142o ostatnie s\u0142owo &#8211; stwierdzi\u0142 w Nowym Jorku szef papieskiej dyplomacji. Wyg\u0142aszaj\u0105c wyk\u0142ad na jednym z tamtejszych uniwersytet\u00f3w katolickich abp Dominique Mamberti nawi\u0105za\u0142 do 10 rocznicy zamachu terrorystycznego na Stany Zjednoczone. Przypomnia\u0142, \u017ce dla ca\u0142ej ludzko\u015bci wydarzenie to by\u0142o mrocznym do\u015bwiadczeniem z\u0142a. I dlatego Jan Pawe\u0142 II od razu przypomnia\u0142 \u015bwiatu, \u017ce z\u0142o nie b\u0119dzie mie\u0107 ostatniego s\u0142owa. Jednak\u017ce takie pe\u0142ne nadziei spojrzenie na dzieje \u015bwiata jest typowe wy\u0142\u0105cznie dla chrze\u015bcijan &#8211; zastrzeg\u0142 watyka\u0144ski dyplomata. &#8211; Nie wynika ono z ich dobrych intencji, lecz jest darem Chrystusa. I dlatego to w\u0142a\u015bnie On jest jedyn\u0105 odpowiedzi\u0105 na problemy naszego \u015bwiata<\/strong><\/p>\r\n<p>Odwo\u0142uj\u0105c si\u0119 do swych do\u015bwiadcze\u0144 na r\u00f3\u017cnych plac\u00f3wkach dyplomatycznych Stolicy Apostolskiej abp Mamberti zaznaczy\u0142, \u017ce \u015bwiat potrzebuje dzi\u015b konkretnego \u015bwiadectwa mi\u0142o\u015bci chrze\u015bcija\u0144skiej. Przez wiele lat jej uosobieniem byli misjonarze, kt\u00f3rzy opuszczali bezpiecze\u0144stwo i dobrobyt \u015bwiata zachodniego, i udawali si\u0119 do dalekich kraj\u00f3w, by tam \u017cy\u0107 w\u015br\u00f3d najubo\u017cszych. Owocem chrze\u015bcija\u0144skiej mi\u0142o\u015bci by\u0142y te\u017c katolickie szpitale i uniwersytety. Te ostatnie maj\u0105 dzi\u015b do odegrania szczeg\u00f3lnie wa\u017cn\u0105 rol\u0119, bo jak wskazywa\u0142 ju\u017c Pawe\u0142 VI przyczyn\u0105 cierpie\u0144 naszego \u015bwiata jest brak jasnego my\u015blenia. Dlatego te\u017c potrzeba, by katolickie uniwersytety uchroni\u0142y si\u0119 dzi\u015b przed zaw\u0119\u017con\u0105 wizj\u0105 cz\u0142owieka, w kt\u00f3rej nie pozostawia si\u0119 miejsca dla jego sfery etycznej i religijnej.<\/p>\r\n<p>Abp Mamberti zauwa\u017cy\u0142, \u017ce przepa\u015b\u0107 w jak\u0105 stacza si\u0119 wsp\u00f3\u0142czesny \u015bwiat jest tym g\u0142\u0119bsza, \u017ce ludziom zaczyna nawet brakowa\u0107 tego podstawowego do\u015bwiadczenia mi\u0142o\u015bci, jakie ka\u017cdy z nas zdoby\u0142 w rodzinie. \u201eTylko Chrystus mo\u017ce zagoi\u0107 nasze najg\u0142\u0119bsze rany i obieca\u0107 zadowalaj\u0105ce \u017cycie cz\u0142owiekowi, kt\u00f3rego wyka\u0144cza przemoc, l\u0119k i opresja\u201d &#8211; powiedzia\u0142 szef watyka\u0144skiej dyplomacji na katolickim uniwersytecie \u015bw. Jana w Nowym Jorku. Okazj\u0105 do tego wyst\u0105pienia by\u0142o przyznanie mu doktoratu honoris causa. Trzeba doda\u0107, \u017ce uczelnia ta blisko wsp\u00f3\u0142pracuje z papiesk\u0105 dyplomacj\u0105, udzielaj\u0105c wsparcia watyka\u0144skiemu przedstawicielstwu przy siedzibie ONZ w Nowym Jorku.<\/p>\r\n<p>kb\/ rv<\/p>\r\n<blockquote>\r\n<p><strong>KOMENTARZ <em>BIBU\u0141Y<\/em><\/strong>: Pomijamy w tym momencie milczeniem bezsensowne, nieuzasadnione \u017cadnymi weryfikowalnymi faktami stwierdzenia o &#8222;zamachach terrorystycznych&#8221; 11 wrze\u015bnia. Je\u015bli w tym dniu mia\u0142 miejsce atak terrorystyczny, to by\u0142 on wynikiem konspiracji o\u015brodk\u00f3w pa\u0144stwowych. Po 10 latach od tamtych wydarze\u0144 zdawa\u0107 powinni sobie z tego spraw\u0119 wszyscy \u015bwiatli i logicznie rozumuj\u0105cy ludzie, kt\u00f3rzy jeszcze potrafi\u0105 kojarzy\u0107 fakty i nie ulegaj\u0105 wp\u0142ywom propagandy medialnej. No, ale widocznie w Watykanie za du\u017co ogl\u0105daj\u0105 CNN.<\/p>\r\n<p>Wa\u017cniejsze jednak w powy\u017cszej informacji jest wo\u0142anie o to, \u017ce jedynym ratunkiem dla \u015bwiata jest Chrystus. Jest to g\u0142oszenie prawdy oczywistej i powinno by\u0107 s\u0142yszalne zawsze i wsz\u0119dzie. I w\u0142a\u015bnie w tym problem. \u201e<em>Tylko Chrystus mo\u017ce zagoi\u0107 nasze najg\u0142\u0119bsze rany i obieca\u0107 zadowalaj\u0105ce \u017cycie cz\u0142owiekowi, kt\u00f3rego wyka\u0144cza przemoc, l\u0119k i opresja<\/em>\u201d &#8211; powiedzia\u0142 szef watyka\u0144skiej dyplomacji na katolickim uniwersytecie \u015bw. Jana w Nowym Jorku. Tak, szef watyka\u0144skiej dyplomacji wypowiedzia\u0142 te s\u0142owa na\u00a0katolickim uniwersytecie, i dok\u0142adnie z tego wzgl\u0119du nikt nie b\u0119dzie mia\u0142 do niego \u017cadnych pretensji. My spodziewamy si\u0119 natomiast aby szef watyka\u0144skiej dyplomacji zacz\u0105\u0142 g\u0142osi\u0107 te s\u0142owa i g\u0142osi\u0107 prawd\u0119 o Chrystusie, nie tylko w murach katolickich uczelni, ale tam, gdzie jest on postawiony na plac\u00f3wce: na forum globalnym, na m\u00f3wnicach ONZ, na spotkaniach dyplomatycznych. Niestety, tam w\u0142a\u015bnie brakuje g\u0142osu Watykanu wzywaj\u0105cego \u015bwiat do powrotu do Chrystusa. Zamiast tego natomiast, maj\u0105 miejsce \u017ca\u0142osne odwo\u0142ania o &#8222;zbawczej roli ONZ&#8221; &#8211; w stylu heretyckiej wypowiedzi Paw\u0142a VI &#8211; oraz nic nie wnosz\u0105ce rozmowy zakulisowe tudzie\u017c jawne wsp\u00f3\u0142dzia\u0142anie z wrogimi, Ko\u015bcio\u0142owi i chrze\u015bcija\u0144skiemu porz\u0105dkowi spo\u0142ecznemu, organizacjami.<\/p>\r\n<p>&nbsp;<\/p>\r\n<\/blockquote>\r\n<p>ze wszech miar<\/p>","protected":false},"excerpt":{"rendered":"W naszym \u015bwiecie z\u0142o jest wszechobecne, ale to nie do niego b\u0119dzie nale\u017ca\u0142o ostatnie s\u0142owo &#8211; stwierdzi\u0142 w Nowym Jorku szef papieskiej dyplomacji. Wyg\u0142aszaj\u0105c wyk\u0142ad na jednym z tamtejszych uniwersytet\u00f3w katolickich abp Dominique Mamberti nawi\u0105za\u0142 do 10 rocznicy zamachu terrorystycznego na Stany Zjednoczone. Przypomnia\u0142, \u017ce dla ca\u0142ej ludzko\u015bci wydarzenie to by\u0142o mrocznym do\u015bwiadczeniem z\u0142a. I [&hellip;]","protected":false},"author":1,"featured_media":0,"comment_status":"closed","ping_status":"closed","sticky":false,"template":"","format":"standard","meta":{"_acf_changed":false,"_monsterinsights_skip_tracking":false,"_monsterinsights_sitenote_active":false,"_monsterinsights_sitenote_note":"","_monsterinsights_sitenote_category":0,"ngg_post_thumbnail":0,"footnotes":"","_wp_rev_ctl_limit":""},"categories":[5],"tags":[41],"acf":[],"_links":{"self":[{"href":"https:\/\/www.bibula.com\/index.php?rest_route=\/wp\/v2\/posts\/44633"}],"collection":[{"href":"https:\/\/www.bibula.com\/index.php?rest_route=\/wp\/v2\/posts"}],"about":[{"href":"https:\/\/www.bibula.com\/index.php?rest_route=\/wp\/v2\/types\/post"}],"author":[{"embeddable":true,"href":"https:\/\/www.bibula.com\/index.php?rest_route=\/wp\/v2\/users\/1"}],"replies":[{"embeddable":true,"href":"https:\/\/www.bibula.com\/index.php?rest_route=%2Fwp%2Fv2%2Fcomments&post=44633"}],"version-history":[{"count":0,"href":"https:\/\/www.bibula.com\/index.php?rest_route=\/wp\/v2\/posts\/44633\/revisions"}],"wp:attachment":[{"href":"https:\/\/www.bibula.com\/index.php?rest_route=%2Fwp%2Fv2%2Fmedia&parent=44633"}],"wp:term":[{"taxonomy":"category","embeddable":true,"href":"https:\/\/www.bibula.com\/index.php?rest_route=%2Fwp%2Fv2%2Fcategories&post=44633"},{"taxonomy":"post_tag","embeddable":true,"href":"https:\/\/www.bibula.com\/index.php?rest_route=%2Fwp%2Fv2%2Ftags&post=44633"}],"curies":[{"name":"wp","href":"https:\/\/api.w.org\/{rel}","templated":true}]}}